{"id":66845,"date":"2023-06-01T09:09:55","date_gmt":"2023-06-01T15:09:55","guid":{"rendered":"https:\/\/elmetropolitano.com.gt\/es\/?p=66845"},"modified":"2023-06-01T09:09:58","modified_gmt":"2023-06-01T15:09:58","slug":"habilitan-portal-donde-votas-2023-para-conocer-tu-centro-de-votacion","status":"publish","type":"post","link":"https:\/\/elmetropolitano.com.gt\/es\/habilitan-portal-donde-votas-2023-para-conocer-tu-centro-de-votacion\/","title":{"rendered":"Habilitan portal \u201cD\u00f3nde votas 2023\u201d para conocer tu centro de votaci\u00f3n"},"content":{"rendered":"\n<p>Con el fin de facilitar la informaci\u00f3n a los votantes para emitir sufragio el pr\u00f3ximo domingo 25 de junio, el Tribunal Supremo Electoral (TSE) habilit\u00f3 una plataforma digital para conocer su centro de votaci\u00f3n.<\/p>\n\n\n\n<p>Dicho portal fue denominado D\u00f3nde votas 2023, en el cual los guatemaltecos podr\u00e1n verificar el centro de votaci\u00f3n en el que les tocar\u00e1 emitir sufragio y la mesa que les corresponde.<\/p><div class=\"elmet-contenido\" id=\"elmet-1541253599\"><div class=\"elmet-adlabel\">Anuncios<\/div><div style=\"margin-top: 20px;margin-right: 20px;margin-bottom: 20px;margin-left: 20px;\" id=\"elmet-889866290\"><a href=\"https:\/\/www.facebook.com\/arrincuanantigua\/\" aria-label=\"cintillo-arrin-cual\"><img loading=\"lazy\" decoding=\"async\" src=\"https:\/\/elmetropolitano.com.gt\/es\/wp-content\/uploads\/2021\/11\/cintillo-arrin-cual-1.jpg\" alt=\"\"  srcset=\"https:\/\/elmetropolitano.com.gt\/es\/wp-content\/uploads\/2021\/11\/cintillo-arrin-cual-1.jpg 750w, https:\/\/elmetropolitano.com.gt\/es\/wp-content\/uploads\/2021\/11\/cintillo-arrin-cual-1-300x36.jpg 300w, https:\/\/elmetropolitano.com.gt\/es\/wp-content\/uploads\/2021\/11\/cintillo-arrin-cual-1-600x72.jpg 600w\" sizes=\"(max-width: 750px) 100vw, 750px\" width=\"750\" height=\"90\"   \/><\/a><\/div><\/div>\n\n\n\n<p><a><\/a>Guatemala celebrar\u00e1 sus comicios el pr\u00f3ximo 25 de junio a nivel nacional para elegir presidente y vicepresidente, diputados al Congreso de la Rep\u00fablica, corporaciones municipales y diputados al Parlamento Centroamericano (Parlacen) para el per\u00edodo 2024-2028.<\/p>\n\n\n\n<p>Sobre la p\u00e1gina<\/p>\n\n\n\n<p>Para conocer tu centro de votaci\u00f3n debes ingresar a la p\u00e1gina <a href=\"https:\/\/l.facebook.com\/l.php?u=https%3A%2F%2Fdondevotas2023.tse.org.gt%2F%3Ffbclid%3DIwAR0KRBYhP5PnMt8TPwNtS-OFvF8JGRF0fDrkoQxEDq0p8Tq_7G_OH4hD9A8&amp;h=AT2TvumU9v8B-4ubs4T6yvz9v8oaxVOTSl24lEQMUn6MXlitFRsQYwyGksG0BOI3mY99tbTSQ7b4zsTXpCFdPiXAy3kQ9GfS_CCwtBVdBpibhAT31d8cv0rvzGEpRHq1scrYf5ev9AcTsJ3gry17&amp;__tn__=-UK-R&amp;c[0]=AT0KzhCI1AWoQKQB-zkyhmuh9RwG6gtBjqo8KEJZwWsYSivqW6YMDEmBPM0fs66fsdZV68mvsbu3daAi5fZjrb1iQGjTZ9iXd494_Pw6sDoDdnZ8OQAJMeu5rvHU3fmNWiIEqIqi4YZhM13MwK4NXDaFMJCGVnIvJm2L3cS7zCTIfLRRPE9c9iUnXES2XO14mpNpt0Z1zioy\" rel=\"noreferrer noopener\" target=\"_blank\">https:\/\/dondevotas2023.tse.org.gt\/<\/a>, en la cual debes escribir lo siguiente:<\/p>\n\n\n\n<p>-el c\u00f3digo \u00fanico de identificaci\u00f3n (conocido como n\u00famero de DPI)<\/p>\n\n\n\n<p>-fecha de nacimiento<\/p>\n\n\n\n<p>-Posteriormente se detalla la informaci\u00f3n del ciudadano con datos generales, datos del centro de votaci\u00f3n e informaci\u00f3n del padr\u00f3n.<\/p>\n\n\n\n<p>Ac\u00e1 se incluye el nombre del centro de votaci\u00f3n, su ubicaci\u00f3n y el n\u00famero de mesa para emitir su voto.<\/p>\n\n\n\n<p>El TSE confirm\u00f3 que el padr\u00f3n electoral registra a 9 millones 361 mil 68 ciudadanos aptos para votar en las elecciones generales de Guatemala.<\/p>\n\n\n\n<p>El sufragio en primera vuelta ser\u00e1 el domingo 25 de junio. Si ninguno de los candidatos obtiene el 50 % m\u00e1s uno de votos, habr\u00e1 segunda vuelta, el domingo 20 de agosto.<\/p>\n\n\n\n<p>Esta especificaci\u00f3n se incluye en el Decreto 1-2023 del TSE, el cual entr\u00f3 en vigor a las cero horas del s\u00e1bado 21 de enero.<\/p>\n\n\n\n<p>La jefa del Departamento de Inscripci\u00f3n de Ciudadanos y Elaboraci\u00f3n de Padrones inform\u00f3 que el empadronamiento aument\u00f3.<\/p>\n\n\n\n<p>La cifra de empadronados se increment\u00f3 en aproximadamente un mill\u00f3n 315 mil ciudadanos, en comparaci\u00f3n con los comicios anteriores, indic\u00f3.<\/p>\n\n\n\n<p>Elecciones generales<\/p>\n\n\n\n<p>Para el actual proceso electoral se repartir\u00e1n 4 mil 336 cargos de elecci\u00f3n popular. Estos se dividen en presidente y vicepresidente, 340 alcaldes (m\u00e1s s\u00edndicos y concejales), 160 diputados al Congreso y 20 diputados al Parlacen.<\/p>\n\n\n\n<p>Texto: Brenda Larios<\/p>\n\n\n\n<p><a href=\"https:\/\/www.facebook.com\/hashtag\/eleccionesgt2023?__eep__=6&amp;__cft__[0]=AZXG97IpFZdmoyny-8-LwsVqz1S7Abqqrv9qaOWTNO4q1Tf_EOY8DjqkStMOU0HFvRBGpNAkBQb_nLZ7-z2EuOZ9221m8yGmwIBwJpXcfeAqk3gJX4XZakbuJ9-mox7GuwNpR444up6xgucu2UOMTQU7iOAGOfktfO7-F758TTnT-uy9AzX052MZ-UbZ4DNcSN0&amp;__tn__=*NK-R\">#EleccionesGT2023<\/a><a href=\"https:\/\/www.facebook.com\/hashtag\/metroredes?__eep__=6&amp;__cft__[0]=AZXG97IpFZdmoyny-8-LwsVqz1S7Abqqrv9qaOWTNO4q1Tf_EOY8DjqkStMOU0HFvRBGpNAkBQb_nLZ7-z2EuOZ9221m8yGmwIBwJpXcfeAqk3gJX4XZakbuJ9-mox7GuwNpR444up6xgucu2UOMTQU7iOAGOfktfO7-F758TTnT-uy9AzX052MZ-UbZ4DNcSN0&amp;__tn__=*NK-R\">#metroredes<\/a><a href=\"https:\/\/www.facebook.com\/hashtag\/agn?__eep__=6&amp;__cft__[0]=AZXG97IpFZdmoyny-8-LwsVqz1S7Abqqrv9qaOWTNO4q1Tf_EOY8DjqkStMOU0HFvRBGpNAkBQb_nLZ7-z2EuOZ9221m8yGmwIBwJpXcfeAqk3gJX4XZakbuJ9-mox7GuwNpR444up6xgucu2UOMTQU7iOAGOfktfO7-F758TTnT-uy9AzX052MZ-UbZ4DNcSN0&amp;__tn__=*NK-R\">#agn<\/a><a href=\"https:\/\/www.facebook.com\/hashtag\/yovoto?__eep__=6&amp;__cft__[0]=AZXG97IpFZdmoyny-8-LwsVqz1S7Abqqrv9qaOWTNO4q1Tf_EOY8DjqkStMOU0HFvRBGpNAkBQb_nLZ7-z2EuOZ9221m8yGmwIBwJpXcfeAqk3gJX4XZakbuJ9-mox7GuwNpR444up6xgucu2UOMTQU7iOAGOfktfO7-F758TTnT-uy9AzX052MZ-UbZ4DNcSN0&amp;__tn__=*NK-R\">#YoVoto<\/a><a href=\"https:\/\/www.facebook.com\/hashtag\/tseguatemala?__eep__=6&amp;__cft__[0]=AZXG97IpFZdmoyny-8-LwsVqz1S7Abqqrv9qaOWTNO4q1Tf_EOY8DjqkStMOU0HFvRBGpNAkBQb_nLZ7-z2EuOZ9221m8yGmwIBwJpXcfeAqk3gJX4XZakbuJ9-mox7GuwNpR444up6xgucu2UOMTQU7iOAGOfktfO7-F758TTnT-uy9AzX052MZ-UbZ4DNcSN0&amp;__tn__=*NK-R\">#TSEGuatemala<\/a><\/p>\n\n\n\n<p><\/p>\n","protected":false},"excerpt":{"rendered":"<p>Con el fin de facilitar la informaci\u00f3n a los votantes para emitir sufragio el pr\u00f3ximo domingo 25 de junio, el Tribunal Supremo Electoral (TSE) habilit\u00f3 una plataforma digital para conocer su centro de votaci\u00f3n. Dicho portal fue denominado D\u00f3nde votas 2023, en el cual los guatemaltecos podr\u00e1n verificar el centro de votaci\u00f3n en el que <a class=\"read-more\" href=\"https:\/\/elmetropolitano.com.gt\/es\/habilitan-portal-donde-votas-2023-para-conocer-tu-centro-de-votacion\/\">Leer m\u00e1s<\/a><\/p>\n","protected":false},"author":1,"featured_media":66846,"comment_status":"open","ping_status":"closed","sticky":false,"template":"","format":"standard","meta":{"footnotes":""},"categories":[2],"tags":[12],"class_list":["post-66845","post","type-post","status-publish","format-standard","has-post-thumbnail","hentry","category-nacionales","tag-nacionales"],"_links":{"self":[{"href":"https:\/\/elmetropolitano.com.gt\/es\/wp-json\/wp\/v2\/posts\/66845","targetHints":{"allow":["GET"]}}],"collection":[{"href":"https:\/\/elmetropolitano.com.gt\/es\/wp-json\/wp\/v2\/posts"}],"about":[{"href":"https:\/\/elmetropolitano.com.gt\/es\/wp-json\/wp\/v2\/types\/post"}],"author":[{"embeddable":true,"href":"https:\/\/elmetropolitano.com.gt\/es\/wp-json\/wp\/v2\/users\/1"}],"replies":[{"embeddable":true,"href":"https:\/\/elmetropolitano.com.gt\/es\/wp-json\/wp\/v2\/comments?post=66845"}],"version-history":[{"count":1,"href":"https:\/\/elmetropolitano.com.gt\/es\/wp-json\/wp\/v2\/posts\/66845\/revisions"}],"predecessor-version":[{"id":66847,"href":"https:\/\/elmetropolitano.com.gt\/es\/wp-json\/wp\/v2\/posts\/66845\/revisions\/66847"}],"wp:featuredmedia":[{"embeddable":true,"href":"https:\/\/elmetropolitano.com.gt\/es\/wp-json\/wp\/v2\/media\/66846"}],"wp:attachment":[{"href":"https:\/\/elmetropolitano.com.gt\/es\/wp-json\/wp\/v2\/media?parent=66845"}],"wp:term":[{"taxonomy":"category","embeddable":true,"href":"https:\/\/elmetropolitano.com.gt\/es\/wp-json\/wp\/v2\/categories?post=66845"},{"taxonomy":"post_tag","embeddable":true,"href":"https:\/\/elmetropolitano.com.gt\/es\/wp-json\/wp\/v2\/tags?post=66845"}],"curies":[{"name":"wp","href":"https:\/\/api.w.org\/{rel}","templated":true}]}}