{"id":66856,"date":"2023-06-01T09:25:39","date_gmt":"2023-06-01T15:25:39","guid":{"rendered":"https:\/\/elmetropolitano.com.gt\/es\/?p=66856"},"modified":"2023-06-01T09:25:41","modified_gmt":"2023-06-01T15:25:41","slug":"adultos-mayores-de-chiquimula-se-suman-al-pam","status":"publish","type":"post","link":"https:\/\/elmetropolitano.com.gt\/es\/adultos-mayores-de-chiquimula-se-suman-al-pam\/","title":{"rendered":"Adultos mayores de Chiquimula se suman al PAM"},"content":{"rendered":"\n<p>Este d\u00eda, mil 376 adultos mayores del departamento de Chiquimula se integraron al Programa de Aporte Econ\u00f3mico del Adulto Mayor (PAM).<\/p>\n\n\n\n<p>En <a><\/a>ese sentido, el titular del Ministerio de Trabajo y Previsi\u00f3n Social (Mintrab) Rafael Eugenio Rodriguez Pellecer particip\u00f3 en la entrega simb\u00f3lica de notificaciones del programa en el departamento.<\/p><div class=\"elmet-contenido\" id=\"elmet-3297364088\"><div class=\"elmet-adlabel\">Anuncios<\/div><div style=\"margin-top: 20px;margin-right: 20px;margin-bottom: 20px;margin-left: 20px;\" id=\"elmet-1153189090\"><a href=\"https:\/\/www.facebook.com\/arrincuanantigua\/\" aria-label=\"cintillo-arrin-cual\"><img loading=\"lazy\" decoding=\"async\" src=\"https:\/\/elmetropolitano.com.gt\/es\/wp-content\/uploads\/2021\/11\/cintillo-arrin-cual-1.jpg\" alt=\"\"  srcset=\"https:\/\/elmetropolitano.com.gt\/es\/wp-content\/uploads\/2021\/11\/cintillo-arrin-cual-1.jpg 750w, https:\/\/elmetropolitano.com.gt\/es\/wp-content\/uploads\/2021\/11\/cintillo-arrin-cual-1-300x36.jpg 300w, https:\/\/elmetropolitano.com.gt\/es\/wp-content\/uploads\/2021\/11\/cintillo-arrin-cual-1-600x72.jpg 600w\" sizes=\"(max-width: 750px) 100vw, 750px\" width=\"750\" height=\"90\"   \/><\/a><\/div><\/div>\n\n\n\n<p>Hoy venimos a hacer entrega a m\u00e1s de mil 370 personas que se vienen a sumar a las que ya hab\u00eda, dijo el ministro.<\/p>\n\n\n\n<p>De esa cuenta, resalt\u00f3 que con las notificaciones entregadas este d\u00eda el departamento alcanza m\u00e1s de 4 mil adultos mayores beneficiarios del PAM.<\/p>\n\n\n\n<p>Por esta raz\u00f3n, reiter\u00f3 el compromiso del Gobierno para la promoci\u00f3n de acciones que mejoren la calidad de vida de los guatemaltecos.<\/p>\n\n\n\n<p>Sobre el programa<\/p>\n\n\n\n<p>El Mintrab destac\u00f3 que el PAM es considerado como el programa m\u00e1s noble, por apoyar en la mejora de la calidad de vida de los adultos mayores.<\/p>\n\n\n\n<p>De esa cuenta, este representa una entrega de 500 quetzales mensuales a personas mayores de 65 a\u00f1os en situaci\u00f3n de pobreza y pobreza extrema.<\/p>\n\n\n\n<p>Para ello, los adultos reciben la visita de trabajadoras sociales del Mintrab. Estos verifican las condiciones de vida de las personas y llenan una hoja con sus datos para integrarlas al programa.<\/p>\n\n\n\n<p>Al momento de recibir su notificaci\u00f3n, el beneficiario puede acudir a cualquier agencia bancaria con su documento personal de identificaci\u00f3n (DPI) y la hoja de beneficiario.<\/p>\n\n\n\n<p>Nuevos beneficiarios<\/p>\n\n\n\n<p>El Gobierno inform\u00f3 que los nuevos beneficiarios deber\u00e1n seguir este proceso el pr\u00f3ximo 15 de julio para recibir el primer aporte.<\/p>\n\n\n\n<p>Seguidamente, las personas se podr\u00e1n acercar a la agencia de Banrural m\u00e1s cercana el 5 de cada mes de manera vitalicia.<\/p>\n\n\n\n<p>Todo esto se hace en reconocimiento al trabajo que han hecho estos ciudadanos a lo largo de su vida para el desarrollo del pa\u00eds.<\/p>\n\n\n\n<p>Texto Veylin Herrera<\/p>\n\n\n\n<figure class=\"wp-block-gallery has-nested-images columns-default is-cropped wp-block-gallery-1 is-layout-flex wp-block-gallery-is-layout-flex\">\n<figure class=\"wp-block-image size-large\"><img loading=\"lazy\" decoding=\"async\" width=\"1024\" height=\"668\" data-id=\"66858\" src=\"https:\/\/elmetropolitano.com.gt\/es\/wp-content\/uploads\/2023\/06\/345333282_567521302205213_7677274225193177341_n-1024x668.jpg\" alt=\"\" class=\"wp-image-66858\" srcset=\"https:\/\/elmetropolitano.com.gt\/es\/wp-content\/uploads\/2023\/06\/345333282_567521302205213_7677274225193177341_n-1024x668.jpg 1024w, https:\/\/elmetropolitano.com.gt\/es\/wp-content\/uploads\/2023\/06\/345333282_567521302205213_7677274225193177341_n-300x196.jpg 300w, https:\/\/elmetropolitano.com.gt\/es\/wp-content\/uploads\/2023\/06\/345333282_567521302205213_7677274225193177341_n-768x501.jpg 768w, https:\/\/elmetropolitano.com.gt\/es\/wp-content\/uploads\/2023\/06\/345333282_567521302205213_7677274225193177341_n-600x392.jpg 600w, https:\/\/elmetropolitano.com.gt\/es\/wp-content\/uploads\/2023\/06\/345333282_567521302205213_7677274225193177341_n.jpg 1137w\" sizes=\"auto, (max-width: 1024px) 100vw, 1024px\" \/><\/figure>\n\n\n\n<figure class=\"wp-block-image size-large\"><img loading=\"lazy\" decoding=\"async\" width=\"1024\" height=\"728\" data-id=\"66861\" src=\"https:\/\/elmetropolitano.com.gt\/es\/wp-content\/uploads\/2023\/06\/345625169_2431740220340261_1522315395815739323_n-1024x728.jpg\" alt=\"\" class=\"wp-image-66861\" srcset=\"https:\/\/elmetropolitano.com.gt\/es\/wp-content\/uploads\/2023\/06\/345625169_2431740220340261_1522315395815739323_n-1024x728.jpg 1024w, https:\/\/elmetropolitano.com.gt\/es\/wp-content\/uploads\/2023\/06\/345625169_2431740220340261_1522315395815739323_n-300x213.jpg 300w, https:\/\/elmetropolitano.com.gt\/es\/wp-content\/uploads\/2023\/06\/345625169_2431740220340261_1522315395815739323_n-768x546.jpg 768w, https:\/\/elmetropolitano.com.gt\/es\/wp-content\/uploads\/2023\/06\/345625169_2431740220340261_1522315395815739323_n-600x426.jpg 600w, https:\/\/elmetropolitano.com.gt\/es\/wp-content\/uploads\/2023\/06\/345625169_2431740220340261_1522315395815739323_n.jpg 1065w\" sizes=\"auto, (max-width: 1024px) 100vw, 1024px\" \/><\/figure>\n\n\n\n<figure class=\"wp-block-image size-large\"><img loading=\"lazy\" decoding=\"async\" width=\"1024\" height=\"514\" data-id=\"66859\" src=\"https:\/\/elmetropolitano.com.gt\/es\/wp-content\/uploads\/2023\/06\/348623934_1289879501735155_9038920109214495875_n-1024x514.jpg\" alt=\"\" class=\"wp-image-66859\" srcset=\"https:\/\/elmetropolitano.com.gt\/es\/wp-content\/uploads\/2023\/06\/348623934_1289879501735155_9038920109214495875_n-1024x514.jpg 1024w, https:\/\/elmetropolitano.com.gt\/es\/wp-content\/uploads\/2023\/06\/348623934_1289879501735155_9038920109214495875_n-300x151.jpg 300w, https:\/\/elmetropolitano.com.gt\/es\/wp-content\/uploads\/2023\/06\/348623934_1289879501735155_9038920109214495875_n-768x385.jpg 768w, https:\/\/elmetropolitano.com.gt\/es\/wp-content\/uploads\/2023\/06\/348623934_1289879501735155_9038920109214495875_n-600x301.jpg 600w, https:\/\/elmetropolitano.com.gt\/es\/wp-content\/uploads\/2023\/06\/348623934_1289879501735155_9038920109214495875_n.jpg 1136w\" sizes=\"auto, (max-width: 1024px) 100vw, 1024px\" \/><\/figure>\n\n\n\n<figure class=\"wp-block-image size-large\"><img loading=\"lazy\" decoding=\"async\" width=\"1024\" height=\"652\" data-id=\"66862\" src=\"https:\/\/elmetropolitano.com.gt\/es\/wp-content\/uploads\/2023\/06\/348645283_216912161130284_8289253487681016123_n-1024x652.jpg\" alt=\"\" class=\"wp-image-66862\" srcset=\"https:\/\/elmetropolitano.com.gt\/es\/wp-content\/uploads\/2023\/06\/348645283_216912161130284_8289253487681016123_n-1024x652.jpg 1024w, https:\/\/elmetropolitano.com.gt\/es\/wp-content\/uploads\/2023\/06\/348645283_216912161130284_8289253487681016123_n-300x191.jpg 300w, https:\/\/elmetropolitano.com.gt\/es\/wp-content\/uploads\/2023\/06\/348645283_216912161130284_8289253487681016123_n-768x489.jpg 768w, https:\/\/elmetropolitano.com.gt\/es\/wp-content\/uploads\/2023\/06\/348645283_216912161130284_8289253487681016123_n-600x382.jpg 600w, https:\/\/elmetropolitano.com.gt\/es\/wp-content\/uploads\/2023\/06\/348645283_216912161130284_8289253487681016123_n.jpg 1093w\" sizes=\"auto, (max-width: 1024px) 100vw, 1024px\" \/><\/figure>\n\n\n\n<figure class=\"wp-block-image size-large\"><img loading=\"lazy\" decoding=\"async\" width=\"360\" height=\"240\" data-id=\"66863\" src=\"https:\/\/elmetropolitano.com.gt\/es\/wp-content\/uploads\/2023\/06\/350109996_909616957002659_1056821432164566155_n.jpg\" alt=\"\" class=\"wp-image-66863\" srcset=\"https:\/\/elmetropolitano.com.gt\/es\/wp-content\/uploads\/2023\/06\/350109996_909616957002659_1056821432164566155_n.jpg 360w, https:\/\/elmetropolitano.com.gt\/es\/wp-content\/uploads\/2023\/06\/350109996_909616957002659_1056821432164566155_n-300x200.jpg 300w\" sizes=\"auto, (max-width: 360px) 100vw, 360px\" \/><\/figure>\n\n\n\n<figure class=\"wp-block-image size-large\"><img loading=\"lazy\" decoding=\"async\" width=\"360\" height=\"240\" data-id=\"66860\" src=\"https:\/\/elmetropolitano.com.gt\/es\/wp-content\/uploads\/2023\/06\/351023160_1931938127166755_8264655460106332586_n.jpg\" alt=\"\" class=\"wp-image-66860\" srcset=\"https:\/\/elmetropolitano.com.gt\/es\/wp-content\/uploads\/2023\/06\/351023160_1931938127166755_8264655460106332586_n.jpg 360w, https:\/\/elmetropolitano.com.gt\/es\/wp-content\/uploads\/2023\/06\/351023160_1931938127166755_8264655460106332586_n-300x200.jpg 300w\" sizes=\"auto, (max-width: 360px) 100vw, 360px\" \/><\/figure>\n<\/figure>\n","protected":false},"excerpt":{"rendered":"<p>Este d\u00eda, mil 376 adultos mayores del departamento de Chiquimula se integraron al Programa de Aporte Econ\u00f3mico del Adulto Mayor (PAM). En ese sentido, el titular del Ministerio de Trabajo y Previsi\u00f3n Social (Mintrab) Rafael Eugenio Rodriguez Pellecer particip\u00f3 en la entrega simb\u00f3lica de notificaciones del programa en el departamento. Hoy venimos a hacer entrega <a class=\"read-more\" href=\"https:\/\/elmetropolitano.com.gt\/es\/adultos-mayores-de-chiquimula-se-suman-al-pam\/\">Leer m\u00e1s<\/a><\/p>\n","protected":false},"author":1,"featured_media":66857,"comment_status":"open","ping_status":"closed","sticky":false,"template":"","format":"standard","meta":{"footnotes":""},"categories":[2],"tags":[12],"class_list":["post-66856","post","type-post","status-publish","format-standard","has-post-thumbnail","hentry","category-nacionales","tag-nacionales"],"_links":{"self":[{"href":"https:\/\/elmetropolitano.com.gt\/es\/wp-json\/wp\/v2\/posts\/66856","targetHints":{"allow":["GET"]}}],"collection":[{"href":"https:\/\/elmetropolitano.com.gt\/es\/wp-json\/wp\/v2\/posts"}],"about":[{"href":"https:\/\/elmetropolitano.com.gt\/es\/wp-json\/wp\/v2\/types\/post"}],"author":[{"embeddable":true,"href":"https:\/\/elmetropolitano.com.gt\/es\/wp-json\/wp\/v2\/users\/1"}],"replies":[{"embeddable":true,"href":"https:\/\/elmetropolitano.com.gt\/es\/wp-json\/wp\/v2\/comments?post=66856"}],"version-history":[{"count":1,"href":"https:\/\/elmetropolitano.com.gt\/es\/wp-json\/wp\/v2\/posts\/66856\/revisions"}],"predecessor-version":[{"id":66864,"href":"https:\/\/elmetropolitano.com.gt\/es\/wp-json\/wp\/v2\/posts\/66856\/revisions\/66864"}],"wp:featuredmedia":[{"embeddable":true,"href":"https:\/\/elmetropolitano.com.gt\/es\/wp-json\/wp\/v2\/media\/66857"}],"wp:attachment":[{"href":"https:\/\/elmetropolitano.com.gt\/es\/wp-json\/wp\/v2\/media?parent=66856"}],"wp:term":[{"taxonomy":"category","embeddable":true,"href":"https:\/\/elmetropolitano.com.gt\/es\/wp-json\/wp\/v2\/categories?post=66856"},{"taxonomy":"post_tag","embeddable":true,"href":"https:\/\/elmetropolitano.com.gt\/es\/wp-json\/wp\/v2\/tags?post=66856"}],"curies":[{"name":"wp","href":"https:\/\/api.w.org\/{rel}","templated":true}]}}