{"id":66873,"date":"2023-06-01T10:24:24","date_gmt":"2023-06-01T16:24:24","guid":{"rendered":"https:\/\/elmetropolitano.com.gt\/es\/?p=66873"},"modified":"2023-06-01T10:24:25","modified_gmt":"2023-06-01T16:24:25","slug":"muestran-sede-de-la-unidad-del-control-telematico-que-controlara-a-privados-de-libertad","status":"publish","type":"post","link":"https:\/\/elmetropolitano.com.gt\/es\/muestran-sede-de-la-unidad-del-control-telematico-que-controlara-a-privados-de-libertad\/","title":{"rendered":"Muestran sede de la Unidad del Control Telem\u00e1tico que controlar\u00e1 a privados de libertad"},"content":{"rendered":"\n<p>El ministro de Gobernaci\u00f3n (Mingob) David Napole\u00f3n Rojas Gir\u00f3n mostr\u00f3 la sede de la Unidad del Control Telem\u00e1tico en Guatemala.<\/p>\n\n\n\n<p>En la actividad estuvo presente el viceministro de Tecnolog\u00eda, adem\u00e1s del director y subdirector de la Unidad del Control Telem\u00e1tico.<\/p><div class=\"elmet-contenido\" id=\"elmet-1571502374\"><div class=\"elmet-adlabel\">Anuncios<\/div><div style=\"margin-top: 20px;margin-right: 20px;margin-bottom: 20px;margin-left: 20px;\" id=\"elmet-3613326200\"><a href=\"https:\/\/www.facebook.com\/arrincuanantigua\/\" aria-label=\"cintillo-arrin-cual\"><img loading=\"lazy\" decoding=\"async\" src=\"https:\/\/elmetropolitano.com.gt\/es\/wp-content\/uploads\/2021\/11\/cintillo-arrin-cual-1.jpg\" alt=\"\"  srcset=\"https:\/\/elmetropolitano.com.gt\/es\/wp-content\/uploads\/2021\/11\/cintillo-arrin-cual-1.jpg 750w, https:\/\/elmetropolitano.com.gt\/es\/wp-content\/uploads\/2021\/11\/cintillo-arrin-cual-1-300x36.jpg 300w, https:\/\/elmetropolitano.com.gt\/es\/wp-content\/uploads\/2021\/11\/cintillo-arrin-cual-1-600x72.jpg 600w\" sizes=\"(max-width: 750px) 100vw, 750px\" width=\"750\" height=\"90\"   \/><\/a><\/div><\/div>\n\n\n\n<p>La <a><\/a>finalidad de la actividad fue conocer las instalaciones y el equipo que ser\u00e1 utilizado para la ubicaci\u00f3n georreferenciada del sujeto portador del dispositivo en tiempo real.<\/p>\n\n\n\n<p>La sede cuenta con:<\/p>\n\n\n\n<p>un videowall<\/p>\n\n\n\n<p>15 monitores<\/p>\n\n\n\n<p>15 personas con labor de monitoreo con turnos 24\/7<\/p>\n\n\n\n<p>un supervisor por turno<\/p>\n\n\n\n<p>2 analistas de riesgo en acompa\u00f1amiento por turno<\/p>\n\n\n\n<p>Los funcionaros que est\u00e1n en la unidad han sido seleccionados, capacitados y perfilados cuidadosamente, y estar\u00e1n sometidos a pruebas de confiabilidad peri\u00f3dicamente para que esta unidad sea lo m\u00e1s responsable posible.<\/p>\n\n\n\n<p>A partir del 1 de junio, esta sede ser\u00e1 un \u00e1rea totalmente restricta por los datos de personas individuales que se manejar\u00e1n, por respeto de los datos y la confiabilidad que esto requiere.<\/p>\n\n\n\n<p>Quienes portar\u00e1n el dispositivo corresponden al Organismo Judicial, el Mingob solo tendr\u00e1 responsabilidad administrativa y t\u00e9cnica, es decir, administrar esta unidad y t\u00e9cnicamente la colocaci\u00f3n de los equipos, mencion\u00f3 el ministro.<\/p>\n\n\n\n<p>Somos unos de los primeros pa\u00edses de la regi\u00f3n que tienen esta tecnolog\u00eda de punta. Es un avance y estamos muy satisfechos como Mingob y Gobierno de Guatemala porque luego de 7 a\u00f1os de una serie de intentos por hacer una realidad esta Ley de Implementaci\u00f3n del Control Telem\u00e1tico en el Proceso Penal, por fin se logra hacer de manera transparente, seria y responsable, indic\u00f3 el funcionario.<\/p>\n\n\n\n<p>Control telem\u00e1tico<\/p>\n\n\n\n<p>La funci\u00f3n de la sede de la Unidad del Control Telem\u00e1tico es hacer la labor de monitorear en tiempo real los dispositivos que estar\u00e1n colocados en los tobillos de los portadores.<\/p>\n\n\n\n<p>En cuanto al dispositivo, emite se\u00f1ales las 24 horas del d\u00eda, los 7 d\u00edas de la semana, por medio de 4 tecnolog\u00edas distintas:<\/p>\n\n\n\n<p>radiofrecuencia<\/p>\n\n\n\n<p>servicio de triangulaci\u00f3n de antenas<\/p>\n\n\n\n<p>Esto permite conocer la ubicaci\u00f3n de la persona y los lugares que m\u00e1s frecuenta.<\/p>\n\n\n\n<p>Adem\u00e1s, si la persona tiene la orden de alejarse de un lugar y la incumple, el sistema emite alertas que notifican al sujeto. Las alertas se dividen en cuatro, las cuales son est\u00e1ndares, leves, moderadas y graves. La cobertura es a nivel nacional.<\/p>\n\n\n\n<p>Plan piloto<\/p>\n\n\n\n<p>La ley de implementaci\u00f3n de este sistema fue aprobada por el Congreso de la Rep\u00fablica con el objetivo de regular la aplicaci\u00f3n del control telem\u00e1tico al proceso penal guatemalteco.<\/p>\n\n\n\n<p>El Mingob adjudic\u00f3 el arrendamiento de 2 mil dispositivos y se proyecta comenzar a utilizarlos el 1 de junio.<\/p>\n\n\n\n<p>Esto permitir\u00e1 paulatinamente ir disminuyendo la cantidad de privados de libertad.<\/p>\n\n\n\n<p>Los precios que el portador del dispositivo tendr\u00e1 que pagar por la utilizaci\u00f3n es de 50 quetzales por d\u00eda o la mensualidad de mil 500 quetzales. Tambi\u00e9n se evaluar\u00e1 a trav\u00e9s de un estudio socioecon\u00f3mico si la persona puede pagar o ser\u00e1 absuelta del costo.<\/p>\n\n\n\n<p>Para los pr\u00f3ximos d\u00edas se tiene previsto el desarrollo de un taller dirigido a jueces y trabajadores sociales de la Corte Suprema de Justicia.<\/p>\n\n\n\n<p>Por \u00faltimo, el director de la Unidad del Control Telem\u00e1tico mencion\u00f3 que este logro es del Gobierno y de Mingob. Adem\u00e1s, es para contribuir a la modernizaci\u00f3n del sector justicia y la tecnificaci\u00f3n de los sistemas de seguridad.<\/p>\n\n\n\n<p>Texto Kevin Castillo<\/p>\n\n\n\n<figure class=\"wp-block-gallery has-nested-images columns-default is-cropped wp-block-gallery-1 is-layout-flex wp-block-gallery-is-layout-flex\">\n<figure class=\"wp-block-image size-large\"><img loading=\"lazy\" decoding=\"async\" width=\"1024\" height=\"669\" data-id=\"66876\" src=\"https:\/\/elmetropolitano.com.gt\/es\/wp-content\/uploads\/2023\/06\/345224741_205315499050690_4784622598753201548_n-1024x669.jpg\" alt=\"\" class=\"wp-image-66876\" srcset=\"https:\/\/elmetropolitano.com.gt\/es\/wp-content\/uploads\/2023\/06\/345224741_205315499050690_4784622598753201548_n-1024x669.jpg 1024w, https:\/\/elmetropolitano.com.gt\/es\/wp-content\/uploads\/2023\/06\/345224741_205315499050690_4784622598753201548_n-300x196.jpg 300w, https:\/\/elmetropolitano.com.gt\/es\/wp-content\/uploads\/2023\/06\/345224741_205315499050690_4784622598753201548_n-768x501.jpg 768w, https:\/\/elmetropolitano.com.gt\/es\/wp-content\/uploads\/2023\/06\/345224741_205315499050690_4784622598753201548_n-600x392.jpg 600w, https:\/\/elmetropolitano.com.gt\/es\/wp-content\/uploads\/2023\/06\/345224741_205315499050690_4784622598753201548_n.jpg 1389w\" sizes=\"auto, (max-width: 1024px) 100vw, 1024px\" \/><\/figure>\n\n\n\n<figure class=\"wp-block-image size-large\"><img loading=\"lazy\" decoding=\"async\" width=\"1024\" height=\"629\" data-id=\"66877\" src=\"https:\/\/elmetropolitano.com.gt\/es\/wp-content\/uploads\/2023\/06\/345629636_159110893660716_2015293157526279064_n-1024x629.jpg\" alt=\"\" class=\"wp-image-66877\" srcset=\"https:\/\/elmetropolitano.com.gt\/es\/wp-content\/uploads\/2023\/06\/345629636_159110893660716_2015293157526279064_n-1024x629.jpg 1024w, https:\/\/elmetropolitano.com.gt\/es\/wp-content\/uploads\/2023\/06\/345629636_159110893660716_2015293157526279064_n-300x184.jpg 300w, https:\/\/elmetropolitano.com.gt\/es\/wp-content\/uploads\/2023\/06\/345629636_159110893660716_2015293157526279064_n-768x472.jpg 768w, https:\/\/elmetropolitano.com.gt\/es\/wp-content\/uploads\/2023\/06\/345629636_159110893660716_2015293157526279064_n-600x369.jpg 600w, https:\/\/elmetropolitano.com.gt\/es\/wp-content\/uploads\/2023\/06\/345629636_159110893660716_2015293157526279064_n.jpg 1478w\" sizes=\"auto, (max-width: 1024px) 100vw, 1024px\" \/><\/figure>\n\n\n\n<figure class=\"wp-block-image size-large\"><img loading=\"lazy\" decoding=\"async\" width=\"1024\" height=\"590\" data-id=\"66875\" src=\"https:\/\/elmetropolitano.com.gt\/es\/wp-content\/uploads\/2023\/06\/347409758_905782263823010_5421651559650763178_n-1024x590.jpg\" alt=\"\" class=\"wp-image-66875\" srcset=\"https:\/\/elmetropolitano.com.gt\/es\/wp-content\/uploads\/2023\/06\/347409758_905782263823010_5421651559650763178_n-1024x590.jpg 1024w, https:\/\/elmetropolitano.com.gt\/es\/wp-content\/uploads\/2023\/06\/347409758_905782263823010_5421651559650763178_n-300x173.jpg 300w, https:\/\/elmetropolitano.com.gt\/es\/wp-content\/uploads\/2023\/06\/347409758_905782263823010_5421651559650763178_n-768x443.jpg 768w, https:\/\/elmetropolitano.com.gt\/es\/wp-content\/uploads\/2023\/06\/347409758_905782263823010_5421651559650763178_n-600x346.jpg 600w, https:\/\/elmetropolitano.com.gt\/es\/wp-content\/uploads\/2023\/06\/347409758_905782263823010_5421651559650763178_n.jpg 1447w\" sizes=\"auto, (max-width: 1024px) 100vw, 1024px\" \/><\/figure>\n<\/figure>\n","protected":false},"excerpt":{"rendered":"<p>El ministro de Gobernaci\u00f3n (Mingob) David Napole\u00f3n Rojas Gir\u00f3n mostr\u00f3 la sede de la Unidad del Control Telem\u00e1tico en Guatemala. En la actividad estuvo presente el viceministro de Tecnolog\u00eda, adem\u00e1s del director y subdirector de la Unidad del Control Telem\u00e1tico. La finalidad de la actividad fue conocer las instalaciones y el equipo que ser\u00e1 utilizado <a class=\"read-more\" href=\"https:\/\/elmetropolitano.com.gt\/es\/muestran-sede-de-la-unidad-del-control-telematico-que-controlara-a-privados-de-libertad\/\">Leer m\u00e1s<\/a><\/p>\n","protected":false},"author":1,"featured_media":66874,"comment_status":"open","ping_status":"closed","sticky":false,"template":"","format":"standard","meta":{"footnotes":""},"categories":[2],"tags":[12],"class_list":["post-66873","post","type-post","status-publish","format-standard","has-post-thumbnail","hentry","category-nacionales","tag-nacionales"],"_links":{"self":[{"href":"https:\/\/elmetropolitano.com.gt\/es\/wp-json\/wp\/v2\/posts\/66873","targetHints":{"allow":["GET"]}}],"collection":[{"href":"https:\/\/elmetropolitano.com.gt\/es\/wp-json\/wp\/v2\/posts"}],"about":[{"href":"https:\/\/elmetropolitano.com.gt\/es\/wp-json\/wp\/v2\/types\/post"}],"author":[{"embeddable":true,"href":"https:\/\/elmetropolitano.com.gt\/es\/wp-json\/wp\/v2\/users\/1"}],"replies":[{"embeddable":true,"href":"https:\/\/elmetropolitano.com.gt\/es\/wp-json\/wp\/v2\/comments?post=66873"}],"version-history":[{"count":1,"href":"https:\/\/elmetropolitano.com.gt\/es\/wp-json\/wp\/v2\/posts\/66873\/revisions"}],"predecessor-version":[{"id":66878,"href":"https:\/\/elmetropolitano.com.gt\/es\/wp-json\/wp\/v2\/posts\/66873\/revisions\/66878"}],"wp:featuredmedia":[{"embeddable":true,"href":"https:\/\/elmetropolitano.com.gt\/es\/wp-json\/wp\/v2\/media\/66874"}],"wp:attachment":[{"href":"https:\/\/elmetropolitano.com.gt\/es\/wp-json\/wp\/v2\/media?parent=66873"}],"wp:term":[{"taxonomy":"category","embeddable":true,"href":"https:\/\/elmetropolitano.com.gt\/es\/wp-json\/wp\/v2\/categories?post=66873"},{"taxonomy":"post_tag","embeddable":true,"href":"https:\/\/elmetropolitano.com.gt\/es\/wp-json\/wp\/v2\/tags?post=66873"}],"curies":[{"name":"wp","href":"https:\/\/api.w.org\/{rel}","templated":true}]}}