{"id":66931,"date":"2023-06-02T10:10:57","date_gmt":"2023-06-02T16:10:57","guid":{"rendered":"https:\/\/elmetropolitano.com.gt\/es\/?p=66931"},"modified":"2023-06-02T10:10:58","modified_gmt":"2023-06-02T16:10:58","slug":"guatemala-y-estados-unidos-anuncian-plan-piloto-para-la-creacion-de-oficinas-de-movilidad-segura","status":"publish","type":"post","link":"https:\/\/elmetropolitano.com.gt\/es\/guatemala-y-estados-unidos-anuncian-plan-piloto-para-la-creacion-de-oficinas-de-movilidad-segura\/","title":{"rendered":"Guatemala y Estados Unidos anuncian plan piloto para la creaci\u00f3n de Oficinas de Movilidad Segura"},"content":{"rendered":"\n<p>Los Gobiernos de Guatemala y Estados Unidos anunciaron la habilitaci\u00f3n de un plan piloto para la creaci\u00f3n de las Oficinas de Movilidad Segura.<\/p>\n\n\n\n<p>Las mismas tienen el objetivo de crear acciones sobre el control de la migraci\u00f3n irregular, ordenada y segura, indic\u00f3 este d\u00eda el secretario de Comunicaci\u00f3n Social de la Presidencia de Guatemala.<\/p><div class=\"elmet-contenido\" id=\"elmet-3053614469\"><div class=\"elmet-adlabel\">Anuncios<\/div><div style=\"margin-top: 20px;margin-right: 20px;margin-bottom: 20px;margin-left: 20px;\" id=\"elmet-3486979048\"><a href=\"https:\/\/www.facebook.com\/arrincuanantigua\/\" aria-label=\"cintillo-arrin-cual\"><img loading=\"lazy\" decoding=\"async\" src=\"https:\/\/elmetropolitano.com.gt\/es\/wp-content\/uploads\/2021\/11\/cintillo-arrin-cual-1.jpg\" alt=\"\"  srcset=\"https:\/\/elmetropolitano.com.gt\/es\/wp-content\/uploads\/2021\/11\/cintillo-arrin-cual-1.jpg 750w, https:\/\/elmetropolitano.com.gt\/es\/wp-content\/uploads\/2021\/11\/cintillo-arrin-cual-1-300x36.jpg 300w, https:\/\/elmetropolitano.com.gt\/es\/wp-content\/uploads\/2021\/11\/cintillo-arrin-cual-1-600x72.jpg 600w\" sizes=\"(max-width: 750px) 100vw, 750px\" width=\"750\" height=\"90\"   \/><\/a><\/div><\/div>\n\n\n\n<p>Tras <a><\/a>una reuni\u00f3n con una delegaci\u00f3n de Estados Unidos que visit\u00f3 ayer nuestro pa\u00eds, se abord\u00f3 sobre la implementaci\u00f3n de una estrategia integral para la reducci\u00f3n de la migraci\u00f3n irregular en la regi\u00f3n. El primer paso de esta estrategia es la implementaci\u00f3n de un plan piloto con las Oficinas de Movilidad Segura, indic\u00f3 el funcionario.<\/p>\n\n\n\n<p>Para concluir, dichas acciones forman parte de la reciente llamada telef\u00f3nica entre el Presidente de la Rep\u00fablica y la vicepresidenta del pa\u00eds norteamericano, Kamala Harris. En dicha pl\u00e1tica, los funcionarios discutieron sobre algunas estrategias en beneficio de ambas naciones.<\/p>\n\n\n\n<p>Sobre las oficinas<\/p>\n\n\n\n<p>El secretario de Comunicaci\u00f3n Social de la Presidencia inform\u00f3 que el objetivo de estas oficinas es facilitar el acceso a una migraci\u00f3n regular, ordenada y segura.<\/p>\n\n\n\n<p>Las personas podr\u00e1n tener acceso para explorar las v\u00edas legales a Estados Unidos como programas de reunificaci\u00f3n familiar y visas temporales de trabajo, dijo.<\/p>\n\n\n\n<p>Para esto, deben programar sus citas en la p\u00e1gina web <a href=\"https:\/\/l.facebook.com\/l.php?u=http%3A%2F%2Fmovilidadsegura.org%2F%3Ffbclid%3DIwAR2Y9lSODKDqIOS9f996-XZUuTwoeCat6V0SZE1XFvT5wCfEzGJIie-BwQc&amp;h=AT2qRSsiD5jN4-vfKtH14C2brfdqgTd53Xujn8N0wPusZVRxXZr6m2vhIAzIH0FJOokJmks1mlTqRhdkL7-JDazi9yiRfo1DDW2G7eX4Lt3O55T6n6RHMYHRToPaOTVpOgyv&amp;__tn__=-UK-R&amp;c[0]=AT0qpy5S4ChSKmDWhE8o-uHNDrzf4oLOo0RvSidqJNhVlNdjVzhzpyNTetV5W_DAvGkKTLBjnOlcNG3aZhSaMp0mPVe9dgXT1KEVZOTo_FpYP8KfE65X_bQj1VgmMPRpY6tmlqtQuE9ZnI4AJeJCb2nGvw4MWQm1A9gsr7GgoKyr7lWFNGZttvZTbRe5McCG7nRzrH4Amx4z\" rel=\"noreferrer noopener\" target=\"_blank\">movilidadsegura.org.<\/a> Cabe resaltar que este es solo un componente de este abordaje integral que realizan ambos pa\u00edses respecto a la migraci\u00f3n irregular en la regi\u00f3n.<\/p>\n\n\n\n<p>Dicha plataforma digital estar\u00e1 habilitada a partir del 12 de junio. Las oficinas est\u00e1n destinadas a guatemaltecos. Pero principalmente las acciones son para las nacionalidades CA-4 como, Honduras, El Salvador y Nicaragua, indic\u00f3.<\/p>\n\n\n\n<p>El funcionario resalt\u00f3 que estas oficinas de atenci\u00f3n estar\u00e1n ubicadas principalmente en las \u00e1reas fronterizas del pa\u00eds. En especial en los departamentos de San Marcos, Izabal y Chiquimula, entre otros.<\/p>\n\n\n\n<p>Fortalecen cooperaci\u00f3n<\/p>\n\n\n\n<p>En cuanto al plan piloto, estas oficinas forman parte de las relaciones de cooperaci\u00f3n y amistad entre ambos pa\u00edses. Asimismo, los Gobiernos de Guatemala y Estados Unidos reafirmaron en estas reuniones su compromiso de trabajar juntos en el abordaje de la migraci\u00f3n irregular.<\/p>\n\n\n\n<p>Ambas naciones reforzar\u00e1n la cooperaci\u00f3n de seguridad fronteriza. As\u00ed como continuar\u00e1n abordando las causas fundamentales de la migraci\u00f3n irregular para reducirla de forma humanitaria conforme a la Declaraci\u00f3n sobre Migraci\u00f3n y Protecci\u00f3n de los \u00c1ngeles.<\/p>\n\n\n\n<p><a href=\"https:\/\/www.facebook.com\/hashtag\/migracion?__eep__=6&amp;__cft__[0]=AZWGo8xsoBf4T486R-EDAE2FZyYbg87-1UIO9qTqtE9V-u-7I2rhCaXret4lwmZdm2gwm_WOkYSGmYbbtqKLenPQHECX6feyh4bMNPFdXSlfyM0q2LdwyrpWugJB1By0kFlDkT67rJIeZ6tu2TcRxUsSr7OzNIGwdeoKz9fDyMmXkq0sVDsWe88_F4YorZm74-I&amp;__tn__=*NK-R\">#migracion<\/a><a href=\"https:\/\/www.facebook.com\/hashtag\/metroredes?__eep__=6&amp;__cft__[0]=AZWGo8xsoBf4T486R-EDAE2FZyYbg87-1UIO9qTqtE9V-u-7I2rhCaXret4lwmZdm2gwm_WOkYSGmYbbtqKLenPQHECX6feyh4bMNPFdXSlfyM0q2LdwyrpWugJB1By0kFlDkT67rJIeZ6tu2TcRxUsSr7OzNIGwdeoKz9fDyMmXkq0sVDsWe88_F4YorZm74-I&amp;__tn__=*NK-R\">#metroredes<\/a><\/p>\n\n\n\n<p><\/p>\n","protected":false},"excerpt":{"rendered":"<p>Los Gobiernos de Guatemala y Estados Unidos anunciaron la habilitaci\u00f3n de un plan piloto para la creaci\u00f3n de las Oficinas de Movilidad Segura. Las mismas tienen el objetivo de crear acciones sobre el control de la migraci\u00f3n irregular, ordenada y segura, indic\u00f3 este d\u00eda el secretario de Comunicaci\u00f3n Social de la Presidencia de Guatemala. Tras <a class=\"read-more\" href=\"https:\/\/elmetropolitano.com.gt\/es\/guatemala-y-estados-unidos-anuncian-plan-piloto-para-la-creacion-de-oficinas-de-movilidad-segura\/\">Leer m\u00e1s<\/a><\/p>\n","protected":false},"author":1,"featured_media":66932,"comment_status":"open","ping_status":"closed","sticky":false,"template":"","format":"standard","meta":{"footnotes":""},"categories":[2],"tags":[12],"class_list":["post-66931","post","type-post","status-publish","format-standard","has-post-thumbnail","hentry","category-nacionales","tag-nacionales"],"_links":{"self":[{"href":"https:\/\/elmetropolitano.com.gt\/es\/wp-json\/wp\/v2\/posts\/66931","targetHints":{"allow":["GET"]}}],"collection":[{"href":"https:\/\/elmetropolitano.com.gt\/es\/wp-json\/wp\/v2\/posts"}],"about":[{"href":"https:\/\/elmetropolitano.com.gt\/es\/wp-json\/wp\/v2\/types\/post"}],"author":[{"embeddable":true,"href":"https:\/\/elmetropolitano.com.gt\/es\/wp-json\/wp\/v2\/users\/1"}],"replies":[{"embeddable":true,"href":"https:\/\/elmetropolitano.com.gt\/es\/wp-json\/wp\/v2\/comments?post=66931"}],"version-history":[{"count":1,"href":"https:\/\/elmetropolitano.com.gt\/es\/wp-json\/wp\/v2\/posts\/66931\/revisions"}],"predecessor-version":[{"id":66933,"href":"https:\/\/elmetropolitano.com.gt\/es\/wp-json\/wp\/v2\/posts\/66931\/revisions\/66933"}],"wp:featuredmedia":[{"embeddable":true,"href":"https:\/\/elmetropolitano.com.gt\/es\/wp-json\/wp\/v2\/media\/66932"}],"wp:attachment":[{"href":"https:\/\/elmetropolitano.com.gt\/es\/wp-json\/wp\/v2\/media?parent=66931"}],"wp:term":[{"taxonomy":"category","embeddable":true,"href":"https:\/\/elmetropolitano.com.gt\/es\/wp-json\/wp\/v2\/categories?post=66931"},{"taxonomy":"post_tag","embeddable":true,"href":"https:\/\/elmetropolitano.com.gt\/es\/wp-json\/wp\/v2\/tags?post=66931"}],"curies":[{"name":"wp","href":"https:\/\/api.w.org\/{rel}","templated":true}]}}