{"id":67142,"date":"2023-06-05T09:33:39","date_gmt":"2023-06-05T15:33:39","guid":{"rendered":"https:\/\/elmetropolitano.com.gt\/es\/?p=67142"},"modified":"2023-06-05T09:33:41","modified_gmt":"2023-06-05T15:33:41","slug":"dia-mundial-del-medio-ambiente","status":"publish","type":"post","link":"https:\/\/elmetropolitano.com.gt\/es\/dia-mundial-del-medio-ambiente\/","title":{"rendered":"D\u00eda Mundial del Medio Ambiente"},"content":{"rendered":"\n<p>En el marco del D\u00eda Mundial del Medio ambiente, LG Electronics nos invita a tomar conciencia y unir esfuerzos para fomentar una cultura amigable con el medio ambiente, enfocada en construir un futuro m\u00e1s sostenible para todos.<\/p>\n\n\n\n<p>El mal manejo y disposici\u00f3n de los desechos s\u00f3lidos, la contaminaci\u00f3n y la deforestaci\u00f3n, son sin duda retos en materia ambiental para Guatemala. LG hace un llamado a las pr\u00e1cticas de acciones sencillas y cotidianas que <a><\/a>desde la individualidad permitan crear una sociedad m\u00e1s consciente y educada sobre la problem\u00e1tica ambiental.<\/p><div class=\"elmet-contenido\" id=\"elmet-1856594925\"><div class=\"elmet-adlabel\">Anuncios<\/div><div style=\"margin-top: 20px;margin-right: 20px;margin-bottom: 20px;margin-left: 20px;\" id=\"elmet-2665202311\"><a href=\"https:\/\/www.facebook.com\/arrincuanantigua\/\" aria-label=\"cintillo-arrin-cual\"><img loading=\"lazy\" decoding=\"async\" src=\"https:\/\/elmetropolitano.com.gt\/es\/wp-content\/uploads\/2021\/11\/cintillo-arrin-cual-1.jpg\" alt=\"\"  srcset=\"https:\/\/elmetropolitano.com.gt\/es\/wp-content\/uploads\/2021\/11\/cintillo-arrin-cual-1.jpg 750w, https:\/\/elmetropolitano.com.gt\/es\/wp-content\/uploads\/2021\/11\/cintillo-arrin-cual-1-300x36.jpg 300w, https:\/\/elmetropolitano.com.gt\/es\/wp-content\/uploads\/2021\/11\/cintillo-arrin-cual-1-600x72.jpg 600w\" sizes=\"(max-width: 750px) 100vw, 750px\" width=\"750\" height=\"90\"   \/><\/a><\/div><\/div>\n\n\n\n<p>LG inici\u00f3 con compromiso el camino hacia la regeneraci\u00f3n, durante mucho tiempo ha colaborado con pr\u00e1cticas responsables con el medio ambiente a trav\u00e9s de una econom\u00eda circular desde la selecci\u00f3n de sus materiales, producci\u00f3n de sus equipos hasta el empaque, de esta manera continua innovando para lograr un mejor estilo de vida hoy y un mundo mejor ma\u00f1ana.<\/p>\n\n\n\n<p>Lo m\u00e1s representativo de estos esfuerzos son las Barras de Sonido y Bluetooth Speakers de LG. Desde la forma en que producimos hasta la forma en como empacamos. M\u00e1s ecol\u00f3gicas en cada etapa del ciclo de vida del producto, las soluciones de sonido premium de LG emplean materiales reutilizados y f\u00e1cilmente reciclables, lo cual nos permite obtener validaciones y certificaciones, que respaldan nuestro enfoque cuidadoso en la fabricaci\u00f3n de este tipo de producto.<\/p>\n\n\n\n<p>Tambi\u00e9n utiliza materiales reciclados y reciclables, como metal en las carcasas exteriores de los modelos de televisores OLED. LG OLED es de por si un tipo de televisor en el que su fabricaci\u00f3n y dise\u00f1o es m\u00e1s ecol\u00f3gico que el resto de los televisores, adem\u00e1s todos los televisores LG son empacados tambi\u00e9n con materiales reciclable. Incluso al final de su ciclo de vida, los televisores OLED de LG ofrecen una excelente eficiencia de recursos y una alta tasa de reciclaje en comparaci\u00f3n con los dem\u00e1s televisores LCD, que son m\u00e1s complejos y requieren m\u00e1s recursos de fabricaci\u00f3n.<\/p>\n\n\n\n<p>De hecho, el televisor OLED y la Barra de Sonido de LG son los primeros productos de audio y televisi\u00f3n OLED en recibir el reconocimiento de SGS Eco-Product de SGS Soci\u00e9t\u00e9 G\u00e9n\u00e9rale de Surveillance SA de Suiza.<\/p>\n\n\n\n<p>Existen diversas maneras de colaborar con nuestro medio ambiente, LG comparte algunos tips para contribuir con el reciclaje, desde la comodidad del hogar:<\/p>\n\n\n\n<p>1. Reserva un sitio en casa para el reciclaje: con un sencillo juego de cubos col\u00f3calos de la forma m\u00e1s c\u00f3moda para que reciclar no resulte un esfuerzo extra, para los miembros de la casa.<\/p>\n\n\n\n<p>2. Separa bien los envases y apl\u00e1nalos: Ten claro qu\u00e9 envase va a cada sitio. A veces, parte de un mismo envase va a diversos contenedores. Por ejemplo: los envases de Tetrapak y sus tapas pl\u00e1sticas van por separados, cada uno en su contenedor. No te olvides de aplanar los cartones y los envases de Tetrapak, ya que facilitar\u00e1s el acceso a su reciclaje.<\/p>\n\n\n\n<p>3. Lava y seca los envases que vas a reciclar: es importante que los envases que vayas a reciclar est\u00e9n limpios, sin restos org\u00e1nicos o de otros materiales.<\/p>\n\n\n\n<p>4. La tres R:<\/p>\n\n\n\n<p>-Reduce: ten en cuenta los productos que consumes y procura reducir (dentro de lo posible) la cantidad de residuos que se genera en casa.<\/p>\n\n\n\n<p>-Reutiliza: casi todo tiene un segundo uso, aprov\u00e9chalo cuando lo empiezas a hacer te das cuenta de lo pr\u00e1ctico que es.<\/p>\n\n\n\n<p>-Recicla: consigue que todos los residuos que has generado no caigan en saco roto, la idea es que formar parte de nuevos productos, aprovecha las diferentes asociaciones y jornadas de reciclaje para darle nueva vida a los productos reciclados que as\u00ed limitamos la huella de carbono que dejamos en el medio ambiente.<\/p>\n\n\n\n<p>Ser responsable con los residuos es la mejor opci\u00f3n para colaborar con la salud de nuestro medio ambiente.<\/p>\n\n\n\n<p><a href=\"https:\/\/www.facebook.com\/hashtag\/lgelectronics?__eep__=6&amp;__cft__[0]=AZXpnJL-Zj0AE3M9U652jQlyBMTiJ8IB8ECeKA-zZfr4GUmzdCDICYUleGGjSrnr9Ca3kWXaB6XDzp5bNxbnLb3G2kTSIVCwKEL2S8WJv8gUQXvnP3Fb_IuLjsBAlRYo07n8F21hjq_ZgjFdbPjcPjCxyeSe8Uw5vSEXqqqY5DIqASazAkGwpm10eRAE6vBLVY4&amp;__tn__=*NK-R\">#LGElectronics<\/a><a href=\"https:\/\/www.facebook.com\/hashtag\/metroredes?__eep__=6&amp;__cft__[0]=AZXpnJL-Zj0AE3M9U652jQlyBMTiJ8IB8ECeKA-zZfr4GUmzdCDICYUleGGjSrnr9Ca3kWXaB6XDzp5bNxbnLb3G2kTSIVCwKEL2S8WJv8gUQXvnP3Fb_IuLjsBAlRYo07n8F21hjq_ZgjFdbPjcPjCxyeSe8Uw5vSEXqqqY5DIqASazAkGwpm10eRAE6vBLVY4&amp;__tn__=*NK-R\">#metroredes<\/a><\/p>\n\n\n\n<p><\/p>\n","protected":false},"excerpt":{"rendered":"<p>En el marco del D\u00eda Mundial del Medio ambiente, LG Electronics nos invita a tomar conciencia y unir esfuerzos para fomentar una cultura amigable con el medio ambiente, enfocada en construir un futuro m\u00e1s sostenible para todos. El mal manejo y disposici\u00f3n de los desechos s\u00f3lidos, la contaminaci\u00f3n y la deforestaci\u00f3n, son sin duda retos <a class=\"read-more\" href=\"https:\/\/elmetropolitano.com.gt\/es\/dia-mundial-del-medio-ambiente\/\">Leer m\u00e1s<\/a><\/p>\n","protected":false},"author":1,"featured_media":67143,"comment_status":"open","ping_status":"closed","sticky":false,"template":"","format":"standard","meta":{"footnotes":""},"categories":[2],"tags":[12],"class_list":["post-67142","post","type-post","status-publish","format-standard","has-post-thumbnail","hentry","category-nacionales","tag-nacionales"],"_links":{"self":[{"href":"https:\/\/elmetropolitano.com.gt\/es\/wp-json\/wp\/v2\/posts\/67142","targetHints":{"allow":["GET"]}}],"collection":[{"href":"https:\/\/elmetropolitano.com.gt\/es\/wp-json\/wp\/v2\/posts"}],"about":[{"href":"https:\/\/elmetropolitano.com.gt\/es\/wp-json\/wp\/v2\/types\/post"}],"author":[{"embeddable":true,"href":"https:\/\/elmetropolitano.com.gt\/es\/wp-json\/wp\/v2\/users\/1"}],"replies":[{"embeddable":true,"href":"https:\/\/elmetropolitano.com.gt\/es\/wp-json\/wp\/v2\/comments?post=67142"}],"version-history":[{"count":1,"href":"https:\/\/elmetropolitano.com.gt\/es\/wp-json\/wp\/v2\/posts\/67142\/revisions"}],"predecessor-version":[{"id":67144,"href":"https:\/\/elmetropolitano.com.gt\/es\/wp-json\/wp\/v2\/posts\/67142\/revisions\/67144"}],"wp:featuredmedia":[{"embeddable":true,"href":"https:\/\/elmetropolitano.com.gt\/es\/wp-json\/wp\/v2\/media\/67143"}],"wp:attachment":[{"href":"https:\/\/elmetropolitano.com.gt\/es\/wp-json\/wp\/v2\/media?parent=67142"}],"wp:term":[{"taxonomy":"category","embeddable":true,"href":"https:\/\/elmetropolitano.com.gt\/es\/wp-json\/wp\/v2\/categories?post=67142"},{"taxonomy":"post_tag","embeddable":true,"href":"https:\/\/elmetropolitano.com.gt\/es\/wp-json\/wp\/v2\/tags?post=67142"}],"curies":[{"name":"wp","href":"https:\/\/api.w.org\/{rel}","templated":true}]}}