{"id":67164,"date":"2023-06-06T09:32:02","date_gmt":"2023-06-06T15:32:02","guid":{"rendered":"https:\/\/elmetropolitano.com.gt\/es\/?p=67164"},"modified":"2023-06-06T09:32:06","modified_gmt":"2023-06-06T15:32:06","slug":"gobierno-lanza-la-iniciativa-espacios-2023-para-apoyar-al-artista-guatemalteco","status":"publish","type":"post","link":"https:\/\/elmetropolitano.com.gt\/es\/gobierno-lanza-la-iniciativa-espacios-2023-para-apoyar-al-artista-guatemalteco\/","title":{"rendered":"Gobierno lanza la iniciativa Espacios 2023, para apoyar al artista guatemalteco"},"content":{"rendered":"\n<p>El Presidente de la Rep\u00fablica Alejandro Giammattei , junto con el ministro de Cultura y Deportes Felipe Aguilar , lanzaron este lunes el programa Espacios 2023, iniciativa que impulsa difusi\u00f3n de las artes en sus distintas ramas a nivel nacional.<\/p>\n\n\n\n<p>Guatemala es un territorio con m\u00e1s de 3 mil a\u00f1os de riqueza cultural y que est\u00e1 poblado por gente excepcional como ustedes. Como dignos herederos de una <a><\/a>cultura milenaria hay que apoyarla, protegerla y exaltarla, indic\u00f3 el jefe del Ejecutivo.<\/p><div class=\"elmet-contenido\" id=\"elmet-328489315\"><div class=\"elmet-adlabel\">Anuncios<\/div><div style=\"margin-top: 20px;margin-right: 20px;margin-bottom: 20px;margin-left: 20px;\" id=\"elmet-2062728309\"><a href=\"https:\/\/www.facebook.com\/arrincuanantigua\/\" aria-label=\"cintillo-arrin-cual\"><img loading=\"lazy\" decoding=\"async\" src=\"https:\/\/elmetropolitano.com.gt\/es\/wp-content\/uploads\/2021\/11\/cintillo-arrin-cual-1.jpg\" alt=\"\"  srcset=\"https:\/\/elmetropolitano.com.gt\/es\/wp-content\/uploads\/2021\/11\/cintillo-arrin-cual-1.jpg 750w, https:\/\/elmetropolitano.com.gt\/es\/wp-content\/uploads\/2021\/11\/cintillo-arrin-cual-1-300x36.jpg 300w, https:\/\/elmetropolitano.com.gt\/es\/wp-content\/uploads\/2021\/11\/cintillo-arrin-cual-1-600x72.jpg 600w\" sizes=\"(max-width: 750px) 100vw, 750px\" width=\"750\" height=\"90\"   \/><\/a><\/div><\/div>\n\n\n\n<p>El mandatario Giammattei resalt\u00f3 que este programa fue lanzado en septiembre del 2020, durante la pandemia de COVID-19, junto al plan Apoyarte, creado para apoyar a los artistas.<\/p>\n\n\n\n<p>El evento se desarroll\u00f3 en el Palacio Nacional de la Cultura, y cont\u00f3 con la participaci\u00f3n de varios artistas guatemaltecos.<\/p>\n\n\n\n<p>Apoyo al arte<\/p>\n\n\n\n<p>El gobernante destac\u00f3 que para este a\u00f1o la asignaci\u00f3n presupuestaria para este proyecto es mayor que la de los \u00faltimos a\u00f1os, con un total de 5 millones 570 mil quetzales.<\/p>\n\n\n\n<p>Sin duda alguna, los proyectos del Ministerio de Cultura y Deportes fueron fortalecidos. Este programa cuenta con m\u00e1s presupuesto para la promoci\u00f3n del arte y la cultura a trav\u00e9s de los artistas, indic\u00f3 el mandatario.<\/p>\n\n\n\n<p>Aparte, el titular de Cultura y Deportes Felipe Aguiler reafirm\u00f3 el compromiso de su cartera para seguir fomentando el arte a nivel nacional.<\/p>\n\n\n\n<p>Esto incluye continuar apoyando a los artistas nacionales en sus diferentes ramas, restaurar los museos y sitios arqueol\u00f3gicos del pa\u00eds e impulsar espacios para el arte, el deporte y la recreaci\u00f3n.<\/p>\n\n\n\n<p>Gracias a cada uno de ustedes por mantener vivo el arte y cultura en nuestro pa\u00eds, y nosotros continuaremos apoy\u00e1ndolos porque nuestra obligaci\u00f3n es trabajar por ustedes, dijo.<\/p>\n\n\n\n<p>Adem\u00e1s, durante el evento el Presidente de la Rep\u00fablica y el titular de Cultura y Deportes entregaron reconocimientos a varios artistas por su labor para impulsar la cultura.<\/p>\n\n\n\n<p>Sobre el programa<\/p>\n\n\n\n<p>Espacios es una iniciativa de la Direcci\u00f3n General de las Artes del Ministerio de Cultura y Deportes. Este busca impulsar la creaci\u00f3n, promoci\u00f3n, fomento y difusi\u00f3n de las diferentes disciplinas del arte en sus distintas ramas.<\/p>\n\n\n\n<p>A trav\u00e9s de la presente convocatoria, el Ministerio de Cultura y Deportes seleccionar\u00e1 distintos proyectos para creaciones y presentaciones art\u00edsticas, destinando una asignaci\u00f3n presupuestaria para cada disciplina.<\/p>\n\n\n\n<p>La iniciativa Espacios 2023 tendr\u00e1 160 presentaciones que llegar\u00e1n a escenarios de:<\/p>\n\n\n\n<p>Escuintla<\/p>\n\n\n\n<p>Retalhuleu<\/p>\n\n\n\n<p>Zacapa<\/p>\n\n\n\n<p>Cob\u00e1n<\/p>\n\n\n\n<p>Chiquimula<\/p>\n\n\n\n<p>Quetzaltenango<\/p>\n\n\n\n<p>Totonicap\u00e1n<\/p>\n\n\n\n<p>Pet\u00e9n<\/p>\n\n\n\n<p>Guatemala<\/p>\n\n\n\n<p>Dichos espect\u00e1culos son totalmente gratuitos para disfrutar en familia en los lugares mencionados.<\/p>\n\n\n\n<figure class=\"wp-block-gallery has-nested-images columns-default is-cropped wp-block-gallery-1 is-layout-flex wp-block-gallery-is-layout-flex\">\n<figure class=\"wp-block-image size-large\"><img loading=\"lazy\" decoding=\"async\" width=\"1024\" height=\"682\" data-id=\"67166\" src=\"https:\/\/elmetropolitano.com.gt\/es\/wp-content\/uploads\/2023\/06\/345926448_199396295991177_7338858473759742124_n-1024x682.jpg\" alt=\"\" class=\"wp-image-67166\" srcset=\"https:\/\/elmetropolitano.com.gt\/es\/wp-content\/uploads\/2023\/06\/345926448_199396295991177_7338858473759742124_n-1024x682.jpg 1024w, https:\/\/elmetropolitano.com.gt\/es\/wp-content\/uploads\/2023\/06\/345926448_199396295991177_7338858473759742124_n-300x200.jpg 300w, https:\/\/elmetropolitano.com.gt\/es\/wp-content\/uploads\/2023\/06\/345926448_199396295991177_7338858473759742124_n-768x512.jpg 768w, https:\/\/elmetropolitano.com.gt\/es\/wp-content\/uploads\/2023\/06\/345926448_199396295991177_7338858473759742124_n-1536x1023.jpg 1536w, https:\/\/elmetropolitano.com.gt\/es\/wp-content\/uploads\/2023\/06\/345926448_199396295991177_7338858473759742124_n-600x400.jpg 600w, https:\/\/elmetropolitano.com.gt\/es\/wp-content\/uploads\/2023\/06\/345926448_199396295991177_7338858473759742124_n.jpg 1600w\" sizes=\"auto, (max-width: 1024px) 100vw, 1024px\" \/><\/figure>\n\n\n\n<figure class=\"wp-block-image size-large\"><img loading=\"lazy\" decoding=\"async\" width=\"1024\" height=\"682\" data-id=\"67168\" src=\"https:\/\/elmetropolitano.com.gt\/es\/wp-content\/uploads\/2023\/06\/346084700_211886295069666_4889491757614745986_n-1024x682.jpg\" alt=\"\" class=\"wp-image-67168\" srcset=\"https:\/\/elmetropolitano.com.gt\/es\/wp-content\/uploads\/2023\/06\/346084700_211886295069666_4889491757614745986_n-1024x682.jpg 1024w, https:\/\/elmetropolitano.com.gt\/es\/wp-content\/uploads\/2023\/06\/346084700_211886295069666_4889491757614745986_n-300x200.jpg 300w, https:\/\/elmetropolitano.com.gt\/es\/wp-content\/uploads\/2023\/06\/346084700_211886295069666_4889491757614745986_n-768x512.jpg 768w, https:\/\/elmetropolitano.com.gt\/es\/wp-content\/uploads\/2023\/06\/346084700_211886295069666_4889491757614745986_n-1536x1023.jpg 1536w, https:\/\/elmetropolitano.com.gt\/es\/wp-content\/uploads\/2023\/06\/346084700_211886295069666_4889491757614745986_n-600x400.jpg 600w, https:\/\/elmetropolitano.com.gt\/es\/wp-content\/uploads\/2023\/06\/346084700_211886295069666_4889491757614745986_n.jpg 1600w\" sizes=\"auto, (max-width: 1024px) 100vw, 1024px\" \/><\/figure>\n\n\n\n<figure class=\"wp-block-image size-large\"><img loading=\"lazy\" decoding=\"async\" width=\"1024\" height=\"682\" data-id=\"67167\" src=\"https:\/\/elmetropolitano.com.gt\/es\/wp-content\/uploads\/2023\/06\/346098543_7121307917886184_7046074938868077274_n-1024x682.jpg\" alt=\"\" class=\"wp-image-67167\" srcset=\"https:\/\/elmetropolitano.com.gt\/es\/wp-content\/uploads\/2023\/06\/346098543_7121307917886184_7046074938868077274_n-1024x682.jpg 1024w, https:\/\/elmetropolitano.com.gt\/es\/wp-content\/uploads\/2023\/06\/346098543_7121307917886184_7046074938868077274_n-300x200.jpg 300w, https:\/\/elmetropolitano.com.gt\/es\/wp-content\/uploads\/2023\/06\/346098543_7121307917886184_7046074938868077274_n-768x512.jpg 768w, https:\/\/elmetropolitano.com.gt\/es\/wp-content\/uploads\/2023\/06\/346098543_7121307917886184_7046074938868077274_n-1536x1023.jpg 1536w, https:\/\/elmetropolitano.com.gt\/es\/wp-content\/uploads\/2023\/06\/346098543_7121307917886184_7046074938868077274_n-600x400.jpg 600w, https:\/\/elmetropolitano.com.gt\/es\/wp-content\/uploads\/2023\/06\/346098543_7121307917886184_7046074938868077274_n.jpg 1600w\" sizes=\"auto, (max-width: 1024px) 100vw, 1024px\" \/><\/figure>\n<\/figure>\n","protected":false},"excerpt":{"rendered":"<p>El Presidente de la Rep\u00fablica Alejandro Giammattei , junto con el ministro de Cultura y Deportes Felipe Aguilar , lanzaron este lunes el programa Espacios 2023, iniciativa que impulsa difusi\u00f3n de las artes en sus distintas ramas a nivel nacional. Guatemala es un territorio con m\u00e1s de 3 mil a\u00f1os de riqueza cultural y que <a class=\"read-more\" href=\"https:\/\/elmetropolitano.com.gt\/es\/gobierno-lanza-la-iniciativa-espacios-2023-para-apoyar-al-artista-guatemalteco\/\">Leer m\u00e1s<\/a><\/p>\n","protected":false},"author":1,"featured_media":67165,"comment_status":"open","ping_status":"closed","sticky":false,"template":"","format":"standard","meta":{"footnotes":""},"categories":[2],"tags":[12],"class_list":["post-67164","post","type-post","status-publish","format-standard","has-post-thumbnail","hentry","category-nacionales","tag-nacionales"],"_links":{"self":[{"href":"https:\/\/elmetropolitano.com.gt\/es\/wp-json\/wp\/v2\/posts\/67164","targetHints":{"allow":["GET"]}}],"collection":[{"href":"https:\/\/elmetropolitano.com.gt\/es\/wp-json\/wp\/v2\/posts"}],"about":[{"href":"https:\/\/elmetropolitano.com.gt\/es\/wp-json\/wp\/v2\/types\/post"}],"author":[{"embeddable":true,"href":"https:\/\/elmetropolitano.com.gt\/es\/wp-json\/wp\/v2\/users\/1"}],"replies":[{"embeddable":true,"href":"https:\/\/elmetropolitano.com.gt\/es\/wp-json\/wp\/v2\/comments?post=67164"}],"version-history":[{"count":1,"href":"https:\/\/elmetropolitano.com.gt\/es\/wp-json\/wp\/v2\/posts\/67164\/revisions"}],"predecessor-version":[{"id":67169,"href":"https:\/\/elmetropolitano.com.gt\/es\/wp-json\/wp\/v2\/posts\/67164\/revisions\/67169"}],"wp:featuredmedia":[{"embeddable":true,"href":"https:\/\/elmetropolitano.com.gt\/es\/wp-json\/wp\/v2\/media\/67165"}],"wp:attachment":[{"href":"https:\/\/elmetropolitano.com.gt\/es\/wp-json\/wp\/v2\/media?parent=67164"}],"wp:term":[{"taxonomy":"category","embeddable":true,"href":"https:\/\/elmetropolitano.com.gt\/es\/wp-json\/wp\/v2\/categories?post=67164"},{"taxonomy":"post_tag","embeddable":true,"href":"https:\/\/elmetropolitano.com.gt\/es\/wp-json\/wp\/v2\/tags?post=67164"}],"curies":[{"name":"wp","href":"https:\/\/api.w.org\/{rel}","templated":true}]}}