{"id":67187,"date":"2023-06-07T08:54:15","date_gmt":"2023-06-07T14:54:15","guid":{"rendered":"https:\/\/elmetropolitano.com.gt\/es\/?p=67187"},"modified":"2023-06-07T08:54:18","modified_gmt":"2023-06-07T14:54:18","slug":"canciller-y-delegacion-de-ee-uu-recorren-centros-de-recepcion-de-retornados-en-guatemala","status":"publish","type":"post","link":"https:\/\/elmetropolitano.com.gt\/es\/canciller-y-delegacion-de-ee-uu-recorren-centros-de-recepcion-de-retornados-en-guatemala\/","title":{"rendered":"Canciller y delegaci\u00f3n de EE. UU. recorren centros de recepci\u00f3n de retornados en Guatemala"},"content":{"rendered":"\n<p>El ministro de Relaciones Exteriores brindar\u00e1 acompa\u00f1amiento a una delegaci\u00f3n del Gobierno de Estados Unidos que har\u00e1 una serie de recorridos en las oficinas de atenci\u00f3n a migrantes retornados en Guatemala.<\/p>\n\n\n\n<p>Dicha delegaci\u00f3n est\u00e1 encabezada por el embajador estadounidense en M\u00e9xico, Ken Salazar.<\/p><div class=\"elmet-contenido\" id=\"elmet-3411509972\"><div class=\"elmet-adlabel\">Anuncios<\/div><div style=\"margin-top: 20px;margin-right: 20px;margin-bottom: 20px;margin-left: 20px;\" id=\"elmet-1150091906\"><a href=\"https:\/\/www.facebook.com\/arrincuanantigua\/\" aria-label=\"cintillo-arrin-cual\"><img loading=\"lazy\" decoding=\"async\" src=\"https:\/\/elmetropolitano.com.gt\/es\/wp-content\/uploads\/2021\/11\/cintillo-arrin-cual-1.jpg\" alt=\"\"  srcset=\"https:\/\/elmetropolitano.com.gt\/es\/wp-content\/uploads\/2021\/11\/cintillo-arrin-cual-1.jpg 750w, https:\/\/elmetropolitano.com.gt\/es\/wp-content\/uploads\/2021\/11\/cintillo-arrin-cual-1-300x36.jpg 300w, https:\/\/elmetropolitano.com.gt\/es\/wp-content\/uploads\/2021\/11\/cintillo-arrin-cual-1-600x72.jpg 600w\" sizes=\"(max-width: 750px) 100vw, 750px\" width=\"750\" height=\"90\"   \/><\/a><\/div><\/div>\n\n\n\n<p><a><\/a>Seg\u00fan la canciller\u00eda guatemalteca, llevar\u00e1n a cabo una serie de recorridos por las oficinas de atenci\u00f3n a personas migrantes y refugiadas ubicadas en Guatemala.<\/p>\n\n\n\n<p>Primer recorrido<\/p>\n\n\n\n<p>En estas visitas de trabajo tambi\u00e9n dar\u00e1 acompa\u00f1amiento el director general del Instituto Guatemalteco de Migraci\u00f3n y el embajador de EE. UU. en Guatemala.<\/p>\n\n\n\n<p>Los representantes del Departamento de Seguridad Nacional (DHS), la Oficina de Aduanas y Protecci\u00f3n Fronteriza (CBP) y el Servicio de Inmigraci\u00f3n y Control de Aduanas de EE. UU. (ICE) arribaron el 5 de junio al pa\u00eds.<\/p>\n\n\n\n<p>Este d\u00eda, la delegaci\u00f3n estadounidense conoci\u00f3 el funcionamiento del Centro de Recepci\u00f3n de Retornados, administrado por el IGM, ubicado en la Fuerza A\u00e9rea Guatemalteca (FAG).<\/p>\n\n\n\n<p>Otras visitas<\/p>\n\n\n\n<p>En tanto, este martes, el canciller tambi\u00e9n se traslad\u00f3 junto a la delegaci\u00f3n estadounidense a Tec\u00fan Um\u00e1n, San Marcos, donde visitaron el Centro de Recepci\u00f3n de Retornados a cargo del IGM.<\/p>\n\n\n\n<p>Esto con el fin de mostrarles el proceso de atenci\u00f3n y protecci\u00f3n que se brinda a los migrantes que retornan desde M\u00e9xico por la v\u00eda terrestre.<\/p>\n\n\n\n<p>Posteriormente, acudir\u00e1n al Centro de Atenci\u00f3n y Protecci\u00f3n para Personas Migrantes y Refugiadas (Capmir) implementado por la Organizaci\u00f3n Internacional para las Migraciones (OIM) en Tec\u00fan Um\u00e1n, donde se les explicar\u00e1 c\u00f3mo se atiende a las personas en materia de asistencia humanitaria y protecci\u00f3n, as\u00ed como en asuntos de necesidades m\u00e9dicas y psicosociales.<\/p>\n\n\n\n<p>Nuevas instalaciones<\/p>\n\n\n\n<p>Para concluir la visita, el canciller y la delegaci\u00f3n se trasladar\u00e1n a un \u00e1rea en San Marcos donde se tiene prevista la construcci\u00f3n de nuevas instalaciones para centro de recepci\u00f3n de retornados.<\/p>\n\n\n\n<p>Este proyecto es coordinado por el IGM junto con la OIM y la Agencia de EE. UU. para el Desarrollo Internacional.<\/p>\n\n\n\n<p>Con el acompa\u00f1amiento brindado a la delegaci\u00f3n de EE. UU. en estas visitas, el Gobierno de Guatemala refrenda su compromiso de trabajar con socios estrat\u00e9gicos en la regi\u00f3n para abordar las causas estructurales de la migraci\u00f3n y promover una migraci\u00f3n segura, ordenada, regular y circular<\/p>\n\n\n\n<p>Texto: Brenda Larios<\/p>\n\n\n\n<figure class=\"wp-block-gallery has-nested-images columns-default is-cropped wp-block-gallery-1 is-layout-flex wp-block-gallery-is-layout-flex\">\n<figure class=\"wp-block-image size-large\"><img loading=\"lazy\" decoding=\"async\" width=\"900\" height=\"570\" data-id=\"67190\" src=\"https:\/\/elmetropolitano.com.gt\/es\/wp-content\/uploads\/2023\/06\/351128388_975797583463653_5795978639354799933_n.jpg\" alt=\"\" class=\"wp-image-67190\" srcset=\"https:\/\/elmetropolitano.com.gt\/es\/wp-content\/uploads\/2023\/06\/351128388_975797583463653_5795978639354799933_n.jpg 900w, https:\/\/elmetropolitano.com.gt\/es\/wp-content\/uploads\/2023\/06\/351128388_975797583463653_5795978639354799933_n-300x190.jpg 300w, https:\/\/elmetropolitano.com.gt\/es\/wp-content\/uploads\/2023\/06\/351128388_975797583463653_5795978639354799933_n-768x486.jpg 768w, https:\/\/elmetropolitano.com.gt\/es\/wp-content\/uploads\/2023\/06\/351128388_975797583463653_5795978639354799933_n-600x380.jpg 600w\" sizes=\"auto, (max-width: 900px) 100vw, 900px\" \/><\/figure>\n\n\n\n<figure class=\"wp-block-image size-large\"><img loading=\"lazy\" decoding=\"async\" width=\"680\" height=\"510\" data-id=\"67191\" src=\"https:\/\/elmetropolitano.com.gt\/es\/wp-content\/uploads\/2023\/06\/352239214_269167745623531_1524505236941833834_n.jpg\" alt=\"\" class=\"wp-image-67191\" srcset=\"https:\/\/elmetropolitano.com.gt\/es\/wp-content\/uploads\/2023\/06\/352239214_269167745623531_1524505236941833834_n.jpg 680w, https:\/\/elmetropolitano.com.gt\/es\/wp-content\/uploads\/2023\/06\/352239214_269167745623531_1524505236941833834_n-300x225.jpg 300w, https:\/\/elmetropolitano.com.gt\/es\/wp-content\/uploads\/2023\/06\/352239214_269167745623531_1524505236941833834_n-600x450.jpg 600w\" sizes=\"auto, (max-width: 680px) 100vw, 680px\" \/><\/figure>\n\n\n\n<figure class=\"wp-block-image size-large\"><img loading=\"lazy\" decoding=\"async\" width=\"680\" height=\"383\" data-id=\"67189\" src=\"https:\/\/elmetropolitano.com.gt\/es\/wp-content\/uploads\/2023\/06\/352346499_267015232656039_7995046195177145109_n.jpg\" alt=\"\" class=\"wp-image-67189\" srcset=\"https:\/\/elmetropolitano.com.gt\/es\/wp-content\/uploads\/2023\/06\/352346499_267015232656039_7995046195177145109_n.jpg 680w, https:\/\/elmetropolitano.com.gt\/es\/wp-content\/uploads\/2023\/06\/352346499_267015232656039_7995046195177145109_n-300x169.jpg 300w, https:\/\/elmetropolitano.com.gt\/es\/wp-content\/uploads\/2023\/06\/352346499_267015232656039_7995046195177145109_n-600x338.jpg 600w\" sizes=\"auto, (max-width: 680px) 100vw, 680px\" \/><\/figure>\n<\/figure>\n","protected":false},"excerpt":{"rendered":"<p>El ministro de Relaciones Exteriores brindar\u00e1 acompa\u00f1amiento a una delegaci\u00f3n del Gobierno de Estados Unidos que har\u00e1 una serie de recorridos en las oficinas de atenci\u00f3n a migrantes retornados en Guatemala. Dicha delegaci\u00f3n est\u00e1 encabezada por el embajador estadounidense en M\u00e9xico, Ken Salazar. Seg\u00fan la canciller\u00eda guatemalteca, llevar\u00e1n a cabo una serie de recorridos por <a class=\"read-more\" href=\"https:\/\/elmetropolitano.com.gt\/es\/canciller-y-delegacion-de-ee-uu-recorren-centros-de-recepcion-de-retornados-en-guatemala\/\">Leer m\u00e1s<\/a><\/p>\n","protected":false},"author":1,"featured_media":67188,"comment_status":"open","ping_status":"closed","sticky":false,"template":"","format":"standard","meta":{"footnotes":""},"categories":[2],"tags":[12],"class_list":["post-67187","post","type-post","status-publish","format-standard","has-post-thumbnail","hentry","category-nacionales","tag-nacionales"],"_links":{"self":[{"href":"https:\/\/elmetropolitano.com.gt\/es\/wp-json\/wp\/v2\/posts\/67187","targetHints":{"allow":["GET"]}}],"collection":[{"href":"https:\/\/elmetropolitano.com.gt\/es\/wp-json\/wp\/v2\/posts"}],"about":[{"href":"https:\/\/elmetropolitano.com.gt\/es\/wp-json\/wp\/v2\/types\/post"}],"author":[{"embeddable":true,"href":"https:\/\/elmetropolitano.com.gt\/es\/wp-json\/wp\/v2\/users\/1"}],"replies":[{"embeddable":true,"href":"https:\/\/elmetropolitano.com.gt\/es\/wp-json\/wp\/v2\/comments?post=67187"}],"version-history":[{"count":1,"href":"https:\/\/elmetropolitano.com.gt\/es\/wp-json\/wp\/v2\/posts\/67187\/revisions"}],"predecessor-version":[{"id":67192,"href":"https:\/\/elmetropolitano.com.gt\/es\/wp-json\/wp\/v2\/posts\/67187\/revisions\/67192"}],"wp:featuredmedia":[{"embeddable":true,"href":"https:\/\/elmetropolitano.com.gt\/es\/wp-json\/wp\/v2\/media\/67188"}],"wp:attachment":[{"href":"https:\/\/elmetropolitano.com.gt\/es\/wp-json\/wp\/v2\/media?parent=67187"}],"wp:term":[{"taxonomy":"category","embeddable":true,"href":"https:\/\/elmetropolitano.com.gt\/es\/wp-json\/wp\/v2\/categories?post=67187"},{"taxonomy":"post_tag","embeddable":true,"href":"https:\/\/elmetropolitano.com.gt\/es\/wp-json\/wp\/v2\/tags?post=67187"}],"curies":[{"name":"wp","href":"https:\/\/api.w.org\/{rel}","templated":true}]}}