{"id":67207,"date":"2023-06-07T09:02:31","date_gmt":"2023-06-07T15:02:31","guid":{"rendered":"https:\/\/elmetropolitano.com.gt\/es\/?p=67207"},"modified":"2023-06-07T09:03:13","modified_gmt":"2023-06-07T15:03:13","slug":"acenvi-presento-la-2-a-edicion-del-concurso-nacional-de-vivienda-accesible","status":"publish","type":"post","link":"https:\/\/elmetropolitano.com.gt\/es\/acenvi-presento-la-2-a-edicion-del-concurso-nacional-de-vivienda-accesible\/","title":{"rendered":"ACENVI present\u00f3 la 2.\u00aa edici\u00f3n del Concurso Nacional de Vivienda Accesible"},"content":{"rendered":"\n<p>La Asociaci\u00f3n Centroamericana para la Vivienda, ACENVI, entidad no lucrativa y uno de los mayores promotores del pa\u00eds en la creaci\u00f3n de mecanismos adecuados para encontrar soluci\u00f3n a los problemas habitacionales que existen en la actualidad, presenta la segunda edici\u00f3n del Concurso Nacional de Vivienda Accesible.<\/p>\n\n\n\n<p>El certamen tiene como objetivo fomentar la investigaci\u00f3n e innovaci\u00f3n en el desarrollo de <a><\/a>soluciones integrales para la vivienda prioritaria y, de esa forma, promover un tipo de vivienda accesible a la mayor\u00eda de la poblaci\u00f3n guatemalteca.<\/p><div class=\"elmet-contenido\" id=\"elmet-1786689125\"><div class=\"elmet-adlabel\">Anuncios<\/div><div style=\"margin-top: 20px;margin-right: 20px;margin-bottom: 20px;margin-left: 20px;\" id=\"elmet-3110672285\"><a href=\"https:\/\/www.facebook.com\/arrincuanantigua\/\" aria-label=\"cintillo-arrin-cual\"><img loading=\"lazy\" decoding=\"async\" src=\"https:\/\/elmetropolitano.com.gt\/es\/wp-content\/uploads\/2021\/11\/cintillo-arrin-cual-1.jpg\" alt=\"\"  srcset=\"https:\/\/elmetropolitano.com.gt\/es\/wp-content\/uploads\/2021\/11\/cintillo-arrin-cual-1.jpg 750w, https:\/\/elmetropolitano.com.gt\/es\/wp-content\/uploads\/2021\/11\/cintillo-arrin-cual-1-300x36.jpg 300w, https:\/\/elmetropolitano.com.gt\/es\/wp-content\/uploads\/2021\/11\/cintillo-arrin-cual-1-600x72.jpg 600w\" sizes=\"(max-width: 750px) 100vw, 750px\" width=\"750\" height=\"90\"   \/><\/a><\/div><\/div>\n\n\n\n<p>\u00bfQui\u00e9nes podr\u00e1n participar<\/p>\n\n\n\n<p>en este concurso?<\/p>\n\n\n\n<p>El concurso est\u00e1 abierto a recibir propuestas de nuevos y peque\u00f1os desarrolladores de vivienda, empresas de construcci\u00f3n, proveedores y fabricantes de materiales, as\u00ed como profesionales de la industria de la construcci\u00f3n tales como: arquitectos e ingenieros, estudiantes y docentes universitarios<\/p>\n\n\n\n<p>Con la intenci\u00f3n de promover buenas pr\u00e1cticas de dise\u00f1o y construcci\u00f3n sostenible, los participantes deber\u00e1n cumplir con medidas de sostenibilidad basadas en el sistema de certificaci\u00f3n para vivienda sostenible CASA Guatemala, elaborado por el Guatemala Green Building Council.<\/p>\n\n\n\n<p>Premios, beneficios y reconocimiento<\/p>\n\n\n\n<p>Adem\u00e1s de los 60 mil quetzales en premios repartidos entre los primeros lugares de cada categor\u00eda, los ganadores tambi\u00e9n obtendr\u00e1n algunos beneficios, tales como apoyo de asociados de ACENVI, cobertura y exposici\u00f3n de medios, membres\u00eda de ACENVI 2024-2025, exposici\u00f3n en las redes sociales de ACENVI, reconocimiento a nivel nacional, entre otros.<\/p>\n\n\n\n<p>Esta es una gran oportunidad para los guatemaltecos, quienes con su ingenio y creatividad buscan desarrollar proyectos de vivienda novedosos y favorecer a sus comunidades, generando una fuerza de cambio que quiere avanzar en el dise\u00f1o de las viviendas accesibles.<\/p>\n\n\n\n<p>\u2022 El per\u00edodo de inscripci\u00f3n para participar en el concurso estar\u00e1 abierto del 2 de junio al 31 de julio. Este a\u00f1o, el concurso cuenta con tres categor\u00edas:<\/p>\n\n\n\n<p>-Nuevos Desarrollos de Vivienda<\/p>\n\n\n\n<p>-Futuros Desarrolladores<\/p>\n\n\n\n<p>-Vivienda Plena<\/p>\n\n\n\n<p>Este evento es posible gracias al apoyo de Aceros de Guatemala, Cementos Progreso, Bantrab, Construyamos de Construred, Samboro, Horcalsa, M\u00e1s que Concreto y Mixto Listo; compa\u00f1\u00edas que apoyan el crecimiento del pa\u00eds.<\/p>\n\n\n\n<p>Para m\u00e1s informaci\u00f3n sobre el concurso comun\u00edquese al 4211-5620, al correo electr\u00f3nico direccionejecutiva@acenvi.org.gt y en p\u00e1gina web de ACENVI <a href=\"http:\/\/www.concursonacionaldelavivienda.com\/?fbclid=IwAR3DWXwX2Q0qxMrL_otyvII5kVhyk8FwZNZE6JhIj6pI7Q15S2NT-u_eq7g\" rel=\"noreferrer noopener\" target=\"_blank\">www.concursonacionaldelavivienda.com\/<\/a><\/p>\n\n\n\n<p><a href=\"https:\/\/www.facebook.com\/hashtag\/acenvi?__eep__=6&amp;__cft__[0]=AZVTbmkuvX2V2jKZHr74kChhYDWSF9ixGBJwaEEWjMASqzjVxRLM8koov4Cac8aKqXg3U7PckH9ZS39o9ORA06KuKm_TTcAXKrwL58h_4sGNyfhNG5x19NA1ljf86UX3Lf0wET2P6bz-b6cYfvHpCtSax_QnldXyOCDb60rPrNq0m7pyMnOuZfOYeQmimH2FXPM&amp;__tn__=*NK-R\">#acenvi<\/a><a href=\"https:\/\/www.facebook.com\/hashtag\/metroredes?__eep__=6&amp;__cft__[0]=AZVTbmkuvX2V2jKZHr74kChhYDWSF9ixGBJwaEEWjMASqzjVxRLM8koov4Cac8aKqXg3U7PckH9ZS39o9ORA06KuKm_TTcAXKrwL58h_4sGNyfhNG5x19NA1ljf86UX3Lf0wET2P6bz-b6cYfvHpCtSax_QnldXyOCDb60rPrNq0m7pyMnOuZfOYeQmimH2FXPM&amp;__tn__=*NK-R\">#metroredes<\/a><a href=\"https:\/\/www.facebook.com\/hashtag\/cementospeogreso?__eep__=6&amp;__cft__[0]=AZVTbmkuvX2V2jKZHr74kChhYDWSF9ixGBJwaEEWjMASqzjVxRLM8koov4Cac8aKqXg3U7PckH9ZS39o9ORA06KuKm_TTcAXKrwL58h_4sGNyfhNG5x19NA1ljf86UX3Lf0wET2P6bz-b6cYfvHpCtSax_QnldXyOCDb60rPrNq0m7pyMnOuZfOYeQmimH2FXPM&amp;__tn__=*NK-R\">#cementospeogreso<\/a><\/p>\n\n\n\n<figure class=\"wp-block-gallery has-nested-images columns-default is-cropped wp-block-gallery-1 is-layout-flex wp-block-gallery-is-layout-flex\">\n<figure class=\"wp-block-image size-large\"><img loading=\"lazy\" decoding=\"async\" width=\"1024\" height=\"668\" data-id=\"67210\" src=\"https:\/\/elmetropolitano.com.gt\/es\/wp-content\/uploads\/2023\/06\/347870550_1308667783194541_7099178839842718742_n-1-1024x668.jpg\" alt=\"\" class=\"wp-image-67210\" srcset=\"https:\/\/elmetropolitano.com.gt\/es\/wp-content\/uploads\/2023\/06\/347870550_1308667783194541_7099178839842718742_n-1-1024x668.jpg 1024w, https:\/\/elmetropolitano.com.gt\/es\/wp-content\/uploads\/2023\/06\/347870550_1308667783194541_7099178839842718742_n-1-300x196.jpg 300w, https:\/\/elmetropolitano.com.gt\/es\/wp-content\/uploads\/2023\/06\/347870550_1308667783194541_7099178839842718742_n-1-768x501.jpg 768w, https:\/\/elmetropolitano.com.gt\/es\/wp-content\/uploads\/2023\/06\/347870550_1308667783194541_7099178839842718742_n-1-600x391.jpg 600w, https:\/\/elmetropolitano.com.gt\/es\/wp-content\/uploads\/2023\/06\/347870550_1308667783194541_7099178839842718742_n-1.jpg 1380w\" sizes=\"auto, (max-width: 1024px) 100vw, 1024px\" \/><\/figure>\n\n\n\n<figure class=\"wp-block-image size-large\"><img loading=\"lazy\" decoding=\"async\" width=\"526\" height=\"526\" data-id=\"67209\" src=\"https:\/\/elmetropolitano.com.gt\/es\/wp-content\/uploads\/2023\/06\/351504198_208536005452601_8697556094307772455_n.jpg\" alt=\"\" class=\"wp-image-67209\" srcset=\"https:\/\/elmetropolitano.com.gt\/es\/wp-content\/uploads\/2023\/06\/351504198_208536005452601_8697556094307772455_n.jpg 526w, https:\/\/elmetropolitano.com.gt\/es\/wp-content\/uploads\/2023\/06\/351504198_208536005452601_8697556094307772455_n-300x300.jpg 300w, https:\/\/elmetropolitano.com.gt\/es\/wp-content\/uploads\/2023\/06\/351504198_208536005452601_8697556094307772455_n-150x150.jpg 150w, https:\/\/elmetropolitano.com.gt\/es\/wp-content\/uploads\/2023\/06\/351504198_208536005452601_8697556094307772455_n-100x100.jpg 100w\" sizes=\"auto, (max-width: 526px) 100vw, 526px\" \/><\/figure>\n<\/figure>\n","protected":false},"excerpt":{"rendered":"<p>La Asociaci\u00f3n Centroamericana para la Vivienda, ACENVI, entidad no lucrativa y uno de los mayores promotores del pa\u00eds en la creaci\u00f3n de mecanismos adecuados para encontrar soluci\u00f3n a los problemas habitacionales que existen en la actualidad, presenta la segunda edici\u00f3n del Concurso Nacional de Vivienda Accesible. El certamen tiene como objetivo fomentar la investigaci\u00f3n e <a class=\"read-more\" href=\"https:\/\/elmetropolitano.com.gt\/es\/acenvi-presento-la-2-a-edicion-del-concurso-nacional-de-vivienda-accesible\/\">Leer m\u00e1s<\/a><\/p>\n","protected":false},"author":1,"featured_media":67208,"comment_status":"open","ping_status":"closed","sticky":false,"template":"","format":"standard","meta":{"footnotes":""},"categories":[31],"tags":[32],"class_list":["post-67207","post","type-post","status-publish","format-standard","has-post-thumbnail","hentry","category-metroimpulso","tag-metroimpulso"],"_links":{"self":[{"href":"https:\/\/elmetropolitano.com.gt\/es\/wp-json\/wp\/v2\/posts\/67207","targetHints":{"allow":["GET"]}}],"collection":[{"href":"https:\/\/elmetropolitano.com.gt\/es\/wp-json\/wp\/v2\/posts"}],"about":[{"href":"https:\/\/elmetropolitano.com.gt\/es\/wp-json\/wp\/v2\/types\/post"}],"author":[{"embeddable":true,"href":"https:\/\/elmetropolitano.com.gt\/es\/wp-json\/wp\/v2\/users\/1"}],"replies":[{"embeddable":true,"href":"https:\/\/elmetropolitano.com.gt\/es\/wp-json\/wp\/v2\/comments?post=67207"}],"version-history":[{"count":1,"href":"https:\/\/elmetropolitano.com.gt\/es\/wp-json\/wp\/v2\/posts\/67207\/revisions"}],"predecessor-version":[{"id":67211,"href":"https:\/\/elmetropolitano.com.gt\/es\/wp-json\/wp\/v2\/posts\/67207\/revisions\/67211"}],"wp:featuredmedia":[{"embeddable":true,"href":"https:\/\/elmetropolitano.com.gt\/es\/wp-json\/wp\/v2\/media\/67208"}],"wp:attachment":[{"href":"https:\/\/elmetropolitano.com.gt\/es\/wp-json\/wp\/v2\/media?parent=67207"}],"wp:term":[{"taxonomy":"category","embeddable":true,"href":"https:\/\/elmetropolitano.com.gt\/es\/wp-json\/wp\/v2\/categories?post=67207"},{"taxonomy":"post_tag","embeddable":true,"href":"https:\/\/elmetropolitano.com.gt\/es\/wp-json\/wp\/v2\/tags?post=67207"}],"curies":[{"name":"wp","href":"https:\/\/api.w.org\/{rel}","templated":true}]}}