{"id":67217,"date":"2023-06-07T09:06:30","date_gmt":"2023-06-07T15:06:30","guid":{"rendered":"https:\/\/elmetropolitano.com.gt\/es\/?p=67217"},"modified":"2023-06-07T09:06:31","modified_gmt":"2023-06-07T15:06:31","slug":"el-papa-francisco-es-hospitalizado-para-una-operacion-por-riesgo-de-obstruccion-intestinal","status":"publish","type":"post","link":"https:\/\/elmetropolitano.com.gt\/es\/el-papa-francisco-es-hospitalizado-para-una-operacion-por-riesgo-de-obstruccion-intestinal\/","title":{"rendered":"El Papa Francisco es hospitalizado para una operaci\u00f3n por riesgo de obstrucci\u00f3n intestinal"},"content":{"rendered":"\n<p>En la ma\u00f1ana de este mi\u00e9rcoles, tras presidir la Audiencia General en la Plaza de San Pedro, el Papa Francisco fue trasladado al hospital Gemelli de Roma para someterse a una operaci\u00f3n por riesgo de obstrucci\u00f3n intestinal.<\/p>\n\n\n\n<p>El director de la Oficina de Prensa de la Santa Sede, Matteo Bruni, inform\u00f3 que \u201cel Santo Padre, al t\u00e9rmino de la Audiencia General, se dirigi\u00f3 al Hospital <a><\/a>Universitario A. Gemelli, donde a primera hora de la tarde ser\u00e1 sometido, bajo anestesia general, a una laparotom\u00eda y cirug\u00eda de la pared abdominal con pr\u00f3tesis\u201d.<\/p><div class=\"elmet-contenido\" id=\"elmet-2673814450\"><div class=\"elmet-adlabel\">Anuncios<\/div><div style=\"margin-top: 20px;margin-right: 20px;margin-bottom: 20px;margin-left: 20px;\" id=\"elmet-254390654\"><a href=\"https:\/\/www.facebook.com\/arrincuanantigua\/\" aria-label=\"cintillo-arrin-cual\"><img loading=\"lazy\" decoding=\"async\" src=\"https:\/\/elmetropolitano.com.gt\/es\/wp-content\/uploads\/2021\/11\/cintillo-arrin-cual-1.jpg\" alt=\"\"  srcset=\"https:\/\/elmetropolitano.com.gt\/es\/wp-content\/uploads\/2021\/11\/cintillo-arrin-cual-1.jpg 750w, https:\/\/elmetropolitano.com.gt\/es\/wp-content\/uploads\/2021\/11\/cintillo-arrin-cual-1-300x36.jpg 300w, https:\/\/elmetropolitano.com.gt\/es\/wp-content\/uploads\/2021\/11\/cintillo-arrin-cual-1-600x72.jpg 600w\" sizes=\"(max-width: 750px) 100vw, 750px\" width=\"750\" height=\"90\"   \/><\/a><\/div><\/div>\n\n\n\n<p>Seg\u00fan el comunicado de Bruni, \u201cla operaci\u00f3n, concertada en los \u00faltimos d\u00edas por el equipo m\u00e9dico que asiste al Santo Padre, se hizo necesaria debido a un laparocele encerrado que le est\u00e1 provocando s\u00edndromes suboclusivos recurrentes, dolorosos y que empeoran\u201d. Un laparocele es una hernia que se forma sobre una cicatriz resultante de una cirug\u00eda.<\/p>\n\n\n\n<p>\u201cLa estancia en el centro sanitario durar\u00e1 varios d\u00edas para permitir el curso normal del postoperatorio y la recuperaci\u00f3n funcional completa\u201d, concluye el comunicado.<\/p>\n\n\n\n<p>Ayer, martes 6 de junio a las 10:40 a.m (hora local), el Papa Francisco visit\u00f3 el hospital para someterse a un control m\u00e9dico y regres\u00f3 al Vaticano antes del mediod\u00eda.<\/p>\n\n\n\n<p>Desde el Vaticano informaron que se trataba de unos controles m\u00e9dicos programados y ha sido esta ma\u00f1ana cuando han confirmado que el Santo Padre ser\u00e1 intervenido.<\/p>\n\n\n\n<p>Cabe recordar que el Pont\u00edfice fue ingresado en el Hospital Gemelli de Roma a finales de marzo debido, como explic\u00f3 \u00e9l mismo durante la rueda de prensa de regreso de su viaje a Budapest, \u201ca una fuerte neumon\u00eda aguda en la parte inferior del pulm\u00f3n\u201d.<\/p>\n\n\n\n<p>Texto: Almudena Mart\u00ednez-Bordi\u00fa<\/p>\n\n\n\n<p>Foto: Daniel Ib\u00e1\u00f1ez<\/p>\n\n\n\n<p>ACI Prensa<\/p>\n\n\n\n<p><\/p>\n","protected":false},"excerpt":{"rendered":"<p>En la ma\u00f1ana de este mi\u00e9rcoles, tras presidir la Audiencia General en la Plaza de San Pedro, el Papa Francisco fue trasladado al hospital Gemelli de Roma para someterse a una operaci\u00f3n por riesgo de obstrucci\u00f3n intestinal. El director de la Oficina de Prensa de la Santa Sede, Matteo Bruni, inform\u00f3 que \u201cel Santo Padre, <a class=\"read-more\" href=\"https:\/\/elmetropolitano.com.gt\/es\/el-papa-francisco-es-hospitalizado-para-una-operacion-por-riesgo-de-obstruccion-intestinal\/\">Leer m\u00e1s<\/a><\/p>\n","protected":false},"author":1,"featured_media":67218,"comment_status":"open","ping_status":"closed","sticky":false,"template":"","format":"standard","meta":{"footnotes":""},"categories":[14],"tags":[15],"class_list":["post-67217","post","type-post","status-publish","format-standard","has-post-thumbnail","hentry","category-internacionales","tag-internacionales"],"_links":{"self":[{"href":"https:\/\/elmetropolitano.com.gt\/es\/wp-json\/wp\/v2\/posts\/67217","targetHints":{"allow":["GET"]}}],"collection":[{"href":"https:\/\/elmetropolitano.com.gt\/es\/wp-json\/wp\/v2\/posts"}],"about":[{"href":"https:\/\/elmetropolitano.com.gt\/es\/wp-json\/wp\/v2\/types\/post"}],"author":[{"embeddable":true,"href":"https:\/\/elmetropolitano.com.gt\/es\/wp-json\/wp\/v2\/users\/1"}],"replies":[{"embeddable":true,"href":"https:\/\/elmetropolitano.com.gt\/es\/wp-json\/wp\/v2\/comments?post=67217"}],"version-history":[{"count":1,"href":"https:\/\/elmetropolitano.com.gt\/es\/wp-json\/wp\/v2\/posts\/67217\/revisions"}],"predecessor-version":[{"id":67219,"href":"https:\/\/elmetropolitano.com.gt\/es\/wp-json\/wp\/v2\/posts\/67217\/revisions\/67219"}],"wp:featuredmedia":[{"embeddable":true,"href":"https:\/\/elmetropolitano.com.gt\/es\/wp-json\/wp\/v2\/media\/67218"}],"wp:attachment":[{"href":"https:\/\/elmetropolitano.com.gt\/es\/wp-json\/wp\/v2\/media?parent=67217"}],"wp:term":[{"taxonomy":"category","embeddable":true,"href":"https:\/\/elmetropolitano.com.gt\/es\/wp-json\/wp\/v2\/categories?post=67217"},{"taxonomy":"post_tag","embeddable":true,"href":"https:\/\/elmetropolitano.com.gt\/es\/wp-json\/wp\/v2\/tags?post=67217"}],"curies":[{"name":"wp","href":"https:\/\/api.w.org\/{rel}","templated":true}]}}