{"id":67253,"date":"2023-06-08T09:06:42","date_gmt":"2023-06-08T15:06:42","guid":{"rendered":"https:\/\/elmetropolitano.com.gt\/es\/?p=67253"},"modified":"2023-06-08T09:06:44","modified_gmt":"2023-06-08T15:06:44","slug":"el-papa-consciente-despierto-y-bromeando-tras-la-operacion","status":"publish","type":"post","link":"https:\/\/elmetropolitano.com.gt\/es\/el-papa-consciente-despierto-y-bromeando-tras-la-operacion\/","title":{"rendered":"El Papa consciente, despierto y \u00abbromeando\u00bb tras la operaci\u00f3n"},"content":{"rendered":"\n<p>\u201c\u00a1El Santo Padre est\u00e1 bien, est\u00e1 despierto, consciente, y ya ha bromeado conmigo!\u201d Expres\u00f3 el doctor Sergio Alfiero<\/p>\n\n\n\n<p>El doctor Sergio Alfieri, cirujano que oper\u00f3 al Papa Francisco en el Hospital Gemelli de Roma el mi\u00e9rcoles por la tarde, declar\u00f3 a los periodistas que la operaci\u00f3n se desarroll\u00f3 sin complicaciones y que se espera que el Pont\u00edfice se recupere totalmente en el plazo habitual para una intervenci\u00f3n de <a><\/a>este tipo.<\/p><div class=\"elmet-contenido\" id=\"elmet-840505350\"><div class=\"elmet-adlabel\">Anuncios<\/div><div style=\"margin-top: 20px;margin-right: 20px;margin-bottom: 20px;margin-left: 20px;\" id=\"elmet-680382642\"><a href=\"https:\/\/www.facebook.com\/arrincuanantigua\/\" aria-label=\"cintillo-arrin-cual\"><img loading=\"lazy\" decoding=\"async\" src=\"https:\/\/elmetropolitano.com.gt\/es\/wp-content\/uploads\/2021\/11\/cintillo-arrin-cual-1.jpg\" alt=\"\"  srcset=\"https:\/\/elmetropolitano.com.gt\/es\/wp-content\/uploads\/2021\/11\/cintillo-arrin-cual-1.jpg 750w, https:\/\/elmetropolitano.com.gt\/es\/wp-content\/uploads\/2021\/11\/cintillo-arrin-cual-1-300x36.jpg 300w, https:\/\/elmetropolitano.com.gt\/es\/wp-content\/uploads\/2021\/11\/cintillo-arrin-cual-1-600x72.jpg 600w\" sizes=\"(max-width: 750px) 100vw, 750px\" width=\"750\" height=\"90\"   \/><\/a><\/div><\/div>\n\n\n\n<p>Confirm\u00f3 que la intervenci\u00f3n quir\u00fargica programada para extirpar un laparocele incisional (hernia) causado por cicatrices de antiguas intervenciones quir\u00fargicas no era una operaci\u00f3n de urgencia.<\/p>\n\n\n\n<p>No es una urgencia<\/p>\n\n\n\n<p>\u00abSi hubiera sido una urgencia, habr\u00edamos intervenido ayer, cuando ingres\u00f3 en el hospital para someterse a un TAC programado\u00bb, dijo.<\/p>\n\n\n\n<p>\u00abEncontramos varias adherencias fuertes (cicatrices internas) entre algunas asas intestinales medias parcialmente congestionadas y el peritoneo parietal, causantes de los s\u00edntomas mencionados\u00bb, dijo.<\/p>\n\n\n\n<p>El cirujano explic\u00f3 que se extirparon las adherencias y se repar\u00f3 el defecto herniario mediante \u00abcirug\u00eda pl\u00e1stica de la pared abdominal con ayuda de una malla prot\u00e9sica\u00bb.<\/p>\n\n\n\n<p>Sin complicaciones<\/p>\n\n\n\n<p>\u00abLa operaci\u00f3n y la anestesia general se desarrollaron sin complicaciones\u00bb, dijo el doctor Alfieri, reiterando que el Santo Padre ha reaccionado bien.<\/p>\n\n\n\n<p>En respuesta a las preguntas que le formularon los periodistas presentes en la sesi\u00f3n informativa, el Dr. Alfieri dijo que una operaci\u00f3n de este tipo suele requerir unos siete d\u00edas de hospitalizaci\u00f3n para la recuperaci\u00f3n.<\/p>\n\n\n\n<p>Se\u00f1al\u00f3 que debido a la edad del Papa Francisco, \u00abtomaremos todas las precauciones\u00bb y decidiremos en los pr\u00f3ximos d\u00edas c\u00f3mo gestionar su recuperaci\u00f3n postoperatoria.<\/p>\n\n\n\n<p>Matteo Bruni, Director de la Oficina de Prensa de la Santa Sede, que coordinaba la sesi\u00f3n informativa, confirm\u00f3 un anuncio anterior seg\u00fan el cual se suspender\u00edan todas las audiencias papales hasta el 18 de junio.<\/p>\n\n\n\n<p>El doctor Alfieri reiter\u00f3 que tanto en esta intervenci\u00f3n como en la anterior, en 2021, no se encontr\u00f3 nada maligno, ni se revelaron otras patolog\u00edas o enfermedades.<\/p>\n\n\n\n<p>Gracias al personal del hospital<\/p>\n\n\n\n<p>Alfieri, que es el mismo cirujano que oper\u00f3 al Papa Francisco de estenosis diverticular sintom\u00e1tica de colon en julio de 2021, afirm\u00f3 que \u00abel Santo Padre nunca ha tenido un problema\u00bb con la anestesia general, \u00abni hoy ni hace 2 a\u00f1os; ning\u00fan problema en ninguna de las dos ocasiones\u00bb.<\/p>\n\n\n\n<p>El cirujano concluy\u00f3 la sesi\u00f3n destacando la labor de todo el personal del Hospital Gemelli, al que agradeci\u00f3 su dedicaci\u00f3n, profesionalidad y arduo trabajo<\/p>\n\n\n\n<p>Texto Vatican News<\/p>\n\n\n\n<p><\/p>\n","protected":false},"excerpt":{"rendered":"<p>\u201c\u00a1El Santo Padre est\u00e1 bien, est\u00e1 despierto, consciente, y ya ha bromeado conmigo!\u201d Expres\u00f3 el doctor Sergio Alfiero El doctor Sergio Alfieri, cirujano que oper\u00f3 al Papa Francisco en el Hospital Gemelli de Roma el mi\u00e9rcoles por la tarde, declar\u00f3 a los periodistas que la operaci\u00f3n se desarroll\u00f3 sin complicaciones y que se espera que <a class=\"read-more\" href=\"https:\/\/elmetropolitano.com.gt\/es\/el-papa-consciente-despierto-y-bromeando-tras-la-operacion\/\">Leer m\u00e1s<\/a><\/p>\n","protected":false},"author":1,"featured_media":67254,"comment_status":"open","ping_status":"closed","sticky":false,"template":"","format":"standard","meta":{"footnotes":""},"categories":[14],"tags":[15],"class_list":["post-67253","post","type-post","status-publish","format-standard","has-post-thumbnail","hentry","category-internacionales","tag-internacionales"],"_links":{"self":[{"href":"https:\/\/elmetropolitano.com.gt\/es\/wp-json\/wp\/v2\/posts\/67253","targetHints":{"allow":["GET"]}}],"collection":[{"href":"https:\/\/elmetropolitano.com.gt\/es\/wp-json\/wp\/v2\/posts"}],"about":[{"href":"https:\/\/elmetropolitano.com.gt\/es\/wp-json\/wp\/v2\/types\/post"}],"author":[{"embeddable":true,"href":"https:\/\/elmetropolitano.com.gt\/es\/wp-json\/wp\/v2\/users\/1"}],"replies":[{"embeddable":true,"href":"https:\/\/elmetropolitano.com.gt\/es\/wp-json\/wp\/v2\/comments?post=67253"}],"version-history":[{"count":1,"href":"https:\/\/elmetropolitano.com.gt\/es\/wp-json\/wp\/v2\/posts\/67253\/revisions"}],"predecessor-version":[{"id":67255,"href":"https:\/\/elmetropolitano.com.gt\/es\/wp-json\/wp\/v2\/posts\/67253\/revisions\/67255"}],"wp:featuredmedia":[{"embeddable":true,"href":"https:\/\/elmetropolitano.com.gt\/es\/wp-json\/wp\/v2\/media\/67254"}],"wp:attachment":[{"href":"https:\/\/elmetropolitano.com.gt\/es\/wp-json\/wp\/v2\/media?parent=67253"}],"wp:term":[{"taxonomy":"category","embeddable":true,"href":"https:\/\/elmetropolitano.com.gt\/es\/wp-json\/wp\/v2\/categories?post=67253"},{"taxonomy":"post_tag","embeddable":true,"href":"https:\/\/elmetropolitano.com.gt\/es\/wp-json\/wp\/v2\/tags?post=67253"}],"curies":[{"name":"wp","href":"https:\/\/api.w.org\/{rel}","templated":true}]}}