{"id":67308,"date":"2023-06-08T10:39:13","date_gmt":"2023-06-08T16:39:13","guid":{"rendered":"https:\/\/elmetropolitano.com.gt\/es\/?p=67308"},"modified":"2023-06-08T10:39:14","modified_gmt":"2023-06-08T16:39:14","slug":"marcos-antil-lanza-emprendimiento-dedicado-a-migrantes-guatemaltecos-en-los-estados-unidos","status":"publish","type":"post","link":"https:\/\/elmetropolitano.com.gt\/es\/marcos-antil-lanza-emprendimiento-dedicado-a-migrantes-guatemaltecos-en-los-estados-unidos\/","title":{"rendered":"Marcos Antil lanza emprendimiento dedicado a migrantes guatemaltecos en los Estados Unidos"},"content":{"rendered":"\n<ul class=\"wp-block-list\">\n<li><strong>El lanzamiento de la plataforma digital SOYMIGRANTE.COM se realiz\u00f3 desde Momostenango, Totonicap\u00e1n, el 26 de mayo.<\/strong><\/li>\n\n\n\n<li><strong>Por medio de este proyecto busca reconocer, integrar y dignificar a los migrantes guatemaltecos cuyo esfuerzo contribuye a sostener la econom\u00eda del pa\u00eds de donde salieron.<\/strong><\/li>\n<\/ul>\n\n\n\n<p>SOYMIGRANTE.COM es la primera plataforma digital dedicada de origen a reconocer, integrar y dignificar a los migrantes guatemaltecos radicados en Estados Unidos, quienes buscaron en esta naci\u00f3n las oportunidades que no encontraron en su propia tierra.<\/p>\n\n\n\n<p>El reciente viernes 26 de mayo a se realiz\u00f3 el lanzamiento de la primera fase de SOYMIGRANTE.COM, el nuevo proyecto del emprendedor digital maya q\u2019anjob\u2019al Marcos Antil junto a visionarios inversionistas: una iniciativa sin fronteras que busca relatar historias, desaf\u00edos, logros y sue\u00f1os originados por un valios\u00edsimo conjunto de valores que despiertan inspiraci\u00f3n, esperanza y el gran anhelo del #sue\u00f1oguatemalteco.<\/p><div class=\"elmet-contenido\" id=\"elmet-1933967361\"><div class=\"elmet-adlabel\">Anuncios<\/div><div style=\"margin-top: 20px;margin-right: 20px;margin-bottom: 20px;margin-left: 20px;\" id=\"elmet-3892254645\"><a href=\"https:\/\/www.facebook.com\/arrincuanantigua\/\" aria-label=\"cintillo-arrin-cual\"><img loading=\"lazy\" decoding=\"async\" src=\"https:\/\/elmetropolitano.com.gt\/es\/wp-content\/uploads\/2021\/11\/cintillo-arrin-cual-1.jpg\" alt=\"\"  srcset=\"https:\/\/elmetropolitano.com.gt\/es\/wp-content\/uploads\/2021\/11\/cintillo-arrin-cual-1.jpg 750w, https:\/\/elmetropolitano.com.gt\/es\/wp-content\/uploads\/2021\/11\/cintillo-arrin-cual-1-300x36.jpg 300w, https:\/\/elmetropolitano.com.gt\/es\/wp-content\/uploads\/2021\/11\/cintillo-arrin-cual-1-600x72.jpg 600w\" sizes=\"(max-width: 750px) 100vw, 750px\" width=\"750\" height=\"90\"   \/><\/a><\/div><\/div>\n\n\n\n<p>SOYMIGRANTE.COM surge como la primera propuesta informativa de su tipo, dedicada a exaltar los testimonios de valent\u00eda y esfuerzo de los guatemaltecos radicados en Estados Unidos, a trav\u00e9s de (1ra fase) informaci\u00f3n propositiva, como <em>storytelling<\/em>, notas utilitarias y exaltaci\u00f3n de la multiculturalidad a trav\u00e9s de multimedia, y (2da fase) la creaci\u00f3n de un mercado digital (<em>marketplace<\/em>) para emprendedores e industrias dentro y fuera de Guatemala.<\/p>\n\n\n\n<p>SOYMIGRANTE.COM nace para servir y escribir la historia de una Guatemala fuera de Guatemala pero con el mismo coraz\u00f3n. Nos alienta el ideal de acompa\u00f1ar el vuelo de tantos compatriotas que a diario ponen en alto el nombre de su familia y de su pa\u00eds a trav\u00e9s del trabajo, la perseverancia, la alegr\u00eda y la creatividad.<\/p>\n\n\n\n<p>Marcos Antil naci\u00f3 en 1976 en Santa Eulalia, Huehuetenango, en el seno de una familia q\u2019anjob\u2019al. A los 14 a\u00f1os tuvo que emigrar como menor no acompa\u00f1ado hacia Estados Unidos para reencontrarse con su familia, que dej\u00f3 su pueblo a causa de la violencia del conflicto armado interno que asol\u00f3 a Guatemala. Tras superar un duro proceso de integraci\u00f3n en tierra lejana, estudi\u00f3 Ciencias de la Computaci\u00f3n y en 2003 fund\u00f3 la compa\u00f1\u00eda de marketing digital XumaK, con la cual lleg\u00f3 a prestar servicios en 26 pa\u00edses, incluyendo a compa\u00f1\u00edas del Fortune 500. En 2008 traslad\u00f3 su central de operaciones a Guatemala para generar oportunidades en su pa\u00eds de origen. Dicha compa\u00f1\u00eda fue adquirida en el 2020 por el gigante de la publicidad WPP.<\/p>\n\n\n\n<p>Marcos Antil lanza ahora esta startup digital con la cual busca aportar otro grano de ma\u00edz para unir, hermanar, integrar y dignificar a los connacionales que siempre llevan en su coraz\u00f3n a Guatemala, as\u00ed como a los seres queridos, memorias y ra\u00edces que viven en ella.<\/p>\n\n\n\n<p><\/p>\n","protected":false},"excerpt":{"rendered":"<p>SOYMIGRANTE.COM es la primera plataforma digital dedicada de origen a reconocer, integrar y dignificar a los migrantes guatemaltecos radicados en Estados Unidos, quienes buscaron en esta naci\u00f3n las oportunidades que no encontraron en su propia tierra. El reciente viernes 26 de mayo a se realiz\u00f3 el lanzamiento de la primera fase de SOYMIGRANTE.COM, el nuevo <a class=\"read-more\" href=\"https:\/\/elmetropolitano.com.gt\/es\/marcos-antil-lanza-emprendimiento-dedicado-a-migrantes-guatemaltecos-en-los-estados-unidos\/\">Leer m\u00e1s<\/a><\/p>\n","protected":false},"author":1,"featured_media":67309,"comment_status":"open","ping_status":"closed","sticky":false,"template":"","format":"standard","meta":{"footnotes":""},"categories":[31],"tags":[32],"class_list":["post-67308","post","type-post","status-publish","format-standard","has-post-thumbnail","hentry","category-metroimpulso","tag-metroimpulso"],"_links":{"self":[{"href":"https:\/\/elmetropolitano.com.gt\/es\/wp-json\/wp\/v2\/posts\/67308","targetHints":{"allow":["GET"]}}],"collection":[{"href":"https:\/\/elmetropolitano.com.gt\/es\/wp-json\/wp\/v2\/posts"}],"about":[{"href":"https:\/\/elmetropolitano.com.gt\/es\/wp-json\/wp\/v2\/types\/post"}],"author":[{"embeddable":true,"href":"https:\/\/elmetropolitano.com.gt\/es\/wp-json\/wp\/v2\/users\/1"}],"replies":[{"embeddable":true,"href":"https:\/\/elmetropolitano.com.gt\/es\/wp-json\/wp\/v2\/comments?post=67308"}],"version-history":[{"count":1,"href":"https:\/\/elmetropolitano.com.gt\/es\/wp-json\/wp\/v2\/posts\/67308\/revisions"}],"predecessor-version":[{"id":67310,"href":"https:\/\/elmetropolitano.com.gt\/es\/wp-json\/wp\/v2\/posts\/67308\/revisions\/67310"}],"wp:featuredmedia":[{"embeddable":true,"href":"https:\/\/elmetropolitano.com.gt\/es\/wp-json\/wp\/v2\/media\/67309"}],"wp:attachment":[{"href":"https:\/\/elmetropolitano.com.gt\/es\/wp-json\/wp\/v2\/media?parent=67308"}],"wp:term":[{"taxonomy":"category","embeddable":true,"href":"https:\/\/elmetropolitano.com.gt\/es\/wp-json\/wp\/v2\/categories?post=67308"},{"taxonomy":"post_tag","embeddable":true,"href":"https:\/\/elmetropolitano.com.gt\/es\/wp-json\/wp\/v2\/tags?post=67308"}],"curies":[{"name":"wp","href":"https:\/\/api.w.org\/{rel}","templated":true}]}}