{"id":67411,"date":"2023-06-10T13:27:07","date_gmt":"2023-06-10T19:27:07","guid":{"rendered":"https:\/\/elmetropolitano.com.gt\/es\/?p=67411"},"modified":"2023-06-10T13:27:09","modified_gmt":"2023-06-10T19:27:09","slug":"limpiemos-nuestra-guatemala-la-actividad-de-saneamiento-ambiental-mas-grande-del-pais","status":"publish","type":"post","link":"https:\/\/elmetropolitano.com.gt\/es\/limpiemos-nuestra-guatemala-la-actividad-de-saneamiento-ambiental-mas-grande-del-pais\/","title":{"rendered":"Limpiemos Nuestra Guatemala, la actividad de saneamiento ambiental m\u00e1s grande del pa\u00eds"},"content":{"rendered":"\n<p>Con la participaci\u00f3n de aproximadamente 500 mil voluntarios a nivel nacional se llev\u00f3 a cabo la 12 edici\u00f3n del programa \u201cLimpiemos Nuestra Guatemala\u201d, una iniciativa en conjunto entre el Ministerio de Ambiente y Recursos Naturales (MARN), el Ministerio de Educaci\u00f3n (MINEDUC), Fundaci\u00f3n Azteca Guatemala y el Programa de las Naciones Unidas para el Desarrollo (PNUD).<\/p>\n\n\n\n<p>La actividad inaugural fue <a><\/a>realizada ayer en el marco del D\u00eda Mundial del Medio Ambiente, en el Malec\u00f3n de Puerto Barrios, Izabal, con la participaci\u00f3n del Ministro de Ambiente y Recursos Naturales, Gerson Barrios Garrido, la Directora Regional de Fundaci\u00f3n Azteca, Maribel Rinc\u00f3n, la Viceministra T\u00e9cnica de Educaci\u00f3n, Lilian P\u00e9rez, la Representante Residente del PNUD, Ana Mar\u00eda D\u00edaz, y equipos de trabajo de la Municipalidad de Puerto Barrios.<\/p><div class=\"elmet-contenido\" id=\"elmet-891781965\"><div class=\"elmet-adlabel\">Anuncios<\/div><div style=\"margin-top: 20px;margin-right: 20px;margin-bottom: 20px;margin-left: 20px;\" id=\"elmet-1455152519\"><a href=\"https:\/\/www.facebook.com\/arrincuanantigua\/\" aria-label=\"cintillo-arrin-cual\"><img loading=\"lazy\" decoding=\"async\" src=\"https:\/\/elmetropolitano.com.gt\/es\/wp-content\/uploads\/2021\/11\/cintillo-arrin-cual-1.jpg\" alt=\"\"  srcset=\"https:\/\/elmetropolitano.com.gt\/es\/wp-content\/uploads\/2021\/11\/cintillo-arrin-cual-1.jpg 750w, https:\/\/elmetropolitano.com.gt\/es\/wp-content\/uploads\/2021\/11\/cintillo-arrin-cual-1-300x36.jpg 300w, https:\/\/elmetropolitano.com.gt\/es\/wp-content\/uploads\/2021\/11\/cintillo-arrin-cual-1-600x72.jpg 600w\" sizes=\"(max-width: 750px) 100vw, 750px\" width=\"750\" height=\"90\"   \/><\/a><\/div><\/div>\n\n\n\n<p>Al iniciar esta iniciativa \u201cLimpiemos Nuestra Guatemala\u201d, los voluntarios recibieron insumos como guantes y costales para unirse a la jornada de recolecci\u00f3n de desechos en diferentes puntos del pa\u00eds con el fin de promover el saneamiento ambiental y hacer conciencia sobre la importancia de la gesti\u00f3n integral de los residuos y desechos s\u00f3lidos, como lo establece el Reglamento 164-2021.<\/p>\n\n\n\n<p>\u201cComo MARN, agradecemos y celebramos acciones como estas que causan un gran impacto para crear conciencia e incidir en una poblaci\u00f3n que ame y respete su medio ambiente. En la trasformaci\u00f3n de la sociedad radica que logremos recuperar la biodiversidad, la pureza en nuestras fuentes h\u00eddricas y nuestros recursos naturales, por lo que es vital generar estos espacios de involucramiento en donde todos los actores gobierno central, gobiernos locales, iniciativa privada, sociedad civil y la cooperaci\u00f3n internacional caminemos en una misma v\u00eda, alrededor del cuidado del medio ambiente y de la econom\u00eda circular\u201d, expres\u00f3 el Ministro Gerson Barrios.<\/p>\n\n\n\n<p>La edici\u00f3n de este a\u00f1o de Limpiemos Nuestra Guatemala apoy\u00f3 al proyecto de Gesti\u00f3n Ambiental Integral de la Cuenca del R\u00edo Motagua con tres actividades principales en varias \u00e1reas de los municipios de Los Amates, Morales y Puerto Barrios, y actividades simult\u00e1neas en todos los departamentos del pa\u00eds.<\/p>\n\n\n\n<p>\u201cGuatemala es nuestra casa, el lugar donde vivimos, y nosotros debemos cuidarla. Hoy es nuestra responsabilidad transmitir el mensaje al mundo entero, que Guatemala quiere salvar al planeta, que hay voluntarios que quieren salvar al pa\u00eds e instituciones que trabajan de la mano\u201d, afirm\u00f3 la Directora Regional de Fundaci\u00f3n Azteca, Maribel Rinc\u00f3n.<\/p>\n\n\n\n<p>Por su parte, la representante residente del PNUD Ana Mar\u00eda D\u00edaz manifest\u00f3: \u201cDesde hace muchos a\u00f1os, hemos colaborado con Guatemala para cuidar el medio ambiente y nuestros oc\u00e9anos. Es tarea de todas y todos colaborar para frenar la contaminaci\u00f3n y revertirla. Por ello es fundamental esta alianza que se ha consolidado con el Ministerio de Ambiente y Recursos Naturales, el Ministerio de Educaci\u00f3n y la Fundaci\u00f3n Azteca, para motivar la participaci\u00f3n de miles de voluntarias y voluntarios a nivel nacional, en una labor que es sumamente relevante para el desarrollo sostenible de este pa\u00eds y para la conciencia ciudadana en pro del ambiente\u201d.<\/p>\n\n\n\n<p>La campa\u00f1a Limpiemos Nuestra Guatemala se hizo por primera vez en 2012, y desde ese a\u00f1o ha logrado movilizar a m\u00e1s de 2,929,517 voluntarios a nivel nacional y recolectado m\u00e1s de 24,141 toneladas de basura, aproximadamente.<\/p>\n\n\n\n<p>#metroredes<\/p>\n\n\n\n<figure class=\"wp-block-gallery has-nested-images columns-default is-cropped wp-block-gallery-1 is-layout-flex wp-block-gallery-is-layout-flex\">\n<figure class=\"wp-block-image size-large\"><img loading=\"lazy\" decoding=\"async\" width=\"1024\" height=\"682\" data-id=\"67415\" src=\"https:\/\/elmetropolitano.com.gt\/es\/wp-content\/uploads\/2023\/06\/345670684_718829416909811_7431933161927319246_n-1024x682.jpg\" alt=\"\" class=\"wp-image-67415\" srcset=\"https:\/\/elmetropolitano.com.gt\/es\/wp-content\/uploads\/2023\/06\/345670684_718829416909811_7431933161927319246_n-1024x682.jpg 1024w, https:\/\/elmetropolitano.com.gt\/es\/wp-content\/uploads\/2023\/06\/345670684_718829416909811_7431933161927319246_n-300x200.jpg 300w, https:\/\/elmetropolitano.com.gt\/es\/wp-content\/uploads\/2023\/06\/345670684_718829416909811_7431933161927319246_n-768x512.jpg 768w, https:\/\/elmetropolitano.com.gt\/es\/wp-content\/uploads\/2023\/06\/345670684_718829416909811_7431933161927319246_n-600x400.jpg 600w, https:\/\/elmetropolitano.com.gt\/es\/wp-content\/uploads\/2023\/06\/345670684_718829416909811_7431933161927319246_n.jpg 1536w\" sizes=\"auto, (max-width: 1024px) 100vw, 1024px\" \/><\/figure>\n\n\n\n<figure class=\"wp-block-image size-large\"><img loading=\"lazy\" decoding=\"async\" width=\"1024\" height=\"682\" data-id=\"67413\" src=\"https:\/\/elmetropolitano.com.gt\/es\/wp-content\/uploads\/2023\/06\/346087933_718829410243145_3531350951819766480_n-1024x682.jpg\" alt=\"\" class=\"wp-image-67413\" srcset=\"https:\/\/elmetropolitano.com.gt\/es\/wp-content\/uploads\/2023\/06\/346087933_718829410243145_3531350951819766480_n-1024x682.jpg 1024w, https:\/\/elmetropolitano.com.gt\/es\/wp-content\/uploads\/2023\/06\/346087933_718829410243145_3531350951819766480_n-300x200.jpg 300w, https:\/\/elmetropolitano.com.gt\/es\/wp-content\/uploads\/2023\/06\/346087933_718829410243145_3531350951819766480_n-768x512.jpg 768w, https:\/\/elmetropolitano.com.gt\/es\/wp-content\/uploads\/2023\/06\/346087933_718829410243145_3531350951819766480_n-600x400.jpg 600w, https:\/\/elmetropolitano.com.gt\/es\/wp-content\/uploads\/2023\/06\/346087933_718829410243145_3531350951819766480_n.jpg 1536w\" sizes=\"auto, (max-width: 1024px) 100vw, 1024px\" \/><\/figure>\n\n\n\n<figure class=\"wp-block-image size-large\"><img loading=\"lazy\" decoding=\"async\" width=\"1024\" height=\"682\" data-id=\"67414\" src=\"https:\/\/elmetropolitano.com.gt\/es\/wp-content\/uploads\/2023\/06\/350134224_718829386909814_6217161027088475717_n-1024x682.jpg\" alt=\"\" class=\"wp-image-67414\" srcset=\"https:\/\/elmetropolitano.com.gt\/es\/wp-content\/uploads\/2023\/06\/350134224_718829386909814_6217161027088475717_n-1024x682.jpg 1024w, https:\/\/elmetropolitano.com.gt\/es\/wp-content\/uploads\/2023\/06\/350134224_718829386909814_6217161027088475717_n-300x200.jpg 300w, https:\/\/elmetropolitano.com.gt\/es\/wp-content\/uploads\/2023\/06\/350134224_718829386909814_6217161027088475717_n-768x512.jpg 768w, https:\/\/elmetropolitano.com.gt\/es\/wp-content\/uploads\/2023\/06\/350134224_718829386909814_6217161027088475717_n-600x400.jpg 600w, https:\/\/elmetropolitano.com.gt\/es\/wp-content\/uploads\/2023\/06\/350134224_718829386909814_6217161027088475717_n.jpg 1536w\" sizes=\"auto, (max-width: 1024px) 100vw, 1024px\" \/><\/figure>\n<\/figure>\n","protected":false},"excerpt":{"rendered":"<p>Con la participaci\u00f3n de aproximadamente 500 mil voluntarios a nivel nacional se llev\u00f3 a cabo la 12 edici\u00f3n del programa \u201cLimpiemos Nuestra Guatemala\u201d, una iniciativa en conjunto entre el Ministerio de Ambiente y Recursos Naturales (MARN), el Ministerio de Educaci\u00f3n (MINEDUC), Fundaci\u00f3n Azteca Guatemala y el Programa de las Naciones Unidas para el Desarrollo (PNUD). <a class=\"read-more\" href=\"https:\/\/elmetropolitano.com.gt\/es\/limpiemos-nuestra-guatemala-la-actividad-de-saneamiento-ambiental-mas-grande-del-pais\/\">Leer m\u00e1s<\/a><\/p>\n","protected":false},"author":1,"featured_media":67412,"comment_status":"open","ping_status":"closed","sticky":false,"template":"","format":"standard","meta":{"footnotes":""},"categories":[2],"tags":[12],"class_list":["post-67411","post","type-post","status-publish","format-standard","has-post-thumbnail","hentry","category-nacionales","tag-nacionales"],"_links":{"self":[{"href":"https:\/\/elmetropolitano.com.gt\/es\/wp-json\/wp\/v2\/posts\/67411","targetHints":{"allow":["GET"]}}],"collection":[{"href":"https:\/\/elmetropolitano.com.gt\/es\/wp-json\/wp\/v2\/posts"}],"about":[{"href":"https:\/\/elmetropolitano.com.gt\/es\/wp-json\/wp\/v2\/types\/post"}],"author":[{"embeddable":true,"href":"https:\/\/elmetropolitano.com.gt\/es\/wp-json\/wp\/v2\/users\/1"}],"replies":[{"embeddable":true,"href":"https:\/\/elmetropolitano.com.gt\/es\/wp-json\/wp\/v2\/comments?post=67411"}],"version-history":[{"count":1,"href":"https:\/\/elmetropolitano.com.gt\/es\/wp-json\/wp\/v2\/posts\/67411\/revisions"}],"predecessor-version":[{"id":67416,"href":"https:\/\/elmetropolitano.com.gt\/es\/wp-json\/wp\/v2\/posts\/67411\/revisions\/67416"}],"wp:featuredmedia":[{"embeddable":true,"href":"https:\/\/elmetropolitano.com.gt\/es\/wp-json\/wp\/v2\/media\/67412"}],"wp:attachment":[{"href":"https:\/\/elmetropolitano.com.gt\/es\/wp-json\/wp\/v2\/media?parent=67411"}],"wp:term":[{"taxonomy":"category","embeddable":true,"href":"https:\/\/elmetropolitano.com.gt\/es\/wp-json\/wp\/v2\/categories?post=67411"},{"taxonomy":"post_tag","embeddable":true,"href":"https:\/\/elmetropolitano.com.gt\/es\/wp-json\/wp\/v2\/tags?post=67411"}],"curies":[{"name":"wp","href":"https:\/\/api.w.org\/{rel}","templated":true}]}}