{"id":67435,"date":"2023-06-10T13:35:21","date_gmt":"2023-06-10T19:35:21","guid":{"rendered":"https:\/\/elmetropolitano.com.gt\/es\/?p=67435"},"modified":"2023-06-10T13:35:22","modified_gmt":"2023-06-10T19:35:22","slug":"beneficiarios-del-pam-en-escuintla-agradecen-apoyo-de-las-autoridades","status":"publish","type":"post","link":"https:\/\/elmetropolitano.com.gt\/es\/beneficiarios-del-pam-en-escuintla-agradecen-apoyo-de-las-autoridades\/","title":{"rendered":"Beneficiarios del PAM en Escuintla agradecen apoyo de las autoridades"},"content":{"rendered":"\n<p>Como resultado de la entrega de notificaciones del Programa de Aporte Econ\u00f3mico del Adulto Mayor (PAM) en el departamento de Escuintla, los beneficiarios manifestaron su agradecimiento.<\/p>\n\n\n\n<p>En ese sentido, al menos 2 mil 70 adultos mayores del departamento se reunieron el 9 de junio para recibir su notificaci\u00f3n.<\/p><div class=\"elmet-contenido\" id=\"elmet-1007303219\"><div class=\"elmet-adlabel\">Anuncios<\/div><div style=\"margin-top: 20px;margin-right: 20px;margin-bottom: 20px;margin-left: 20px;\" id=\"elmet-1366922422\"><a href=\"https:\/\/www.facebook.com\/arrincuanantigua\/\" aria-label=\"cintillo-arrin-cual\"><img loading=\"lazy\" decoding=\"async\" src=\"https:\/\/elmetropolitano.com.gt\/es\/wp-content\/uploads\/2021\/11\/cintillo-arrin-cual-1.jpg\" alt=\"\"  srcset=\"https:\/\/elmetropolitano.com.gt\/es\/wp-content\/uploads\/2021\/11\/cintillo-arrin-cual-1.jpg 750w, https:\/\/elmetropolitano.com.gt\/es\/wp-content\/uploads\/2021\/11\/cintillo-arrin-cual-1-300x36.jpg 300w, https:\/\/elmetropolitano.com.gt\/es\/wp-content\/uploads\/2021\/11\/cintillo-arrin-cual-1-600x72.jpg 600w\" sizes=\"(max-width: 750px) 100vw, 750px\" width=\"750\" height=\"90\"   \/><\/a><\/div><\/div>\n\n\n\n<p>Esta <a><\/a>los acredita como nuevos beneficiarios del PAM, con el cual recibir\u00e1n un aporte econ\u00f3mico de 500 quetzales mensuales de por vida.<\/p>\n\n\n\n<p>Agradecimientos<\/p>\n\n\n\n<p>Uno de los beneficiarios, don \u00c1lvaro Arita Aparicio, agradeci\u00f3 al Presidente Alejandro Giammattei por este apoyo a las personas de la tercera edad.<\/p>\n\n\n\n<p>Me siento muy bien porque se prometi\u00f3 y s\u00ed se dio. Gracias a Dios por esta alegr\u00eda porque cuando no se tiene nada, esta ayuda es bastante, dijo.<\/p>\n\n\n\n<p>Aparte, do\u00f1a Herlinda Zecaida resalt\u00f3 que esper\u00f3 solo ocho meses para ser incluida, por lo que destac\u00f3 el trabajo de las autoridades del Ministerio de Trabajo y Previsi\u00f3n Social (Mintrab).<\/p>\n\n\n\n<p>Me siento alegre porque ning\u00fan gobierno hab\u00eda hecho que esto. Quiero agradecer al Presidente por su apoyo, esta ayuda la solicit\u00e9 hace ocho meses y fue bien r\u00e1pido, Dios los bendiga, expres\u00f3.<\/p>\n\n\n\n<p>Mientras que do\u00f1a Marta Rosas indic\u00f3 que esta ayuda la apoyar\u00e1 para comprar sus alimentos y otros servicios que necesita.<\/p>\n\n\n\n<p>Estoy agradecida con el Gobierno. Que Dios bendiga al Presidente y que lo tenga con mucha prosperidad por este apoyo. Con este dinero ahora podr\u00e9 comprar comida y otras cosas, resalt\u00f3.<\/p>\n\n\n\n<p>Estas nuevas notificaciones fueron entregadas por el Presidente de la Rep\u00fablica y autoridades del Mintrab.<\/p>\n\n\n\n<p>M\u00e1s entregas<\/p>\n\n\n\n<p>De acuerdo con las autoridades, gracias a la aprobaci\u00f3n de la iniciativa de ley 6218, m\u00e1s de 71 mil adultos mayores ser\u00e1n incorporados al programa este a\u00f1o.<\/p>\n\n\n\n<p>Con ello, el Gobierno de la Rep\u00fablica y el Mintrab esperan continuar con esta entrega en m\u00e1s puntos del pa\u00eds. La meta es concluir este gobierno con 212 mil beneficiarios del PAM.<\/p>\n\n\n\n<p>Esto enfocado en llevar la ayuda a personas que residen en comunidades lejanas que se encuentran en situaci\u00f3n de pobreza o pobreza extrema y necesitan de este apoyo para salir adelante<\/p>\n\n\n\n<p>Texto: Brenda Larios<\/p>\n\n\n\n<figure class=\"wp-block-gallery has-nested-images columns-default is-cropped wp-block-gallery-1 is-layout-flex wp-block-gallery-is-layout-flex\">\n<figure class=\"wp-block-image size-large\"><img loading=\"lazy\" decoding=\"async\" width=\"1024\" height=\"682\" data-id=\"67438\" src=\"https:\/\/elmetropolitano.com.gt\/es\/wp-content\/uploads\/2023\/06\/346082270_718952660230820_211496743344217173_n-1024x682.jpg\" alt=\"\" class=\"wp-image-67438\" srcset=\"https:\/\/elmetropolitano.com.gt\/es\/wp-content\/uploads\/2023\/06\/346082270_718952660230820_211496743344217173_n-1024x682.jpg 1024w, https:\/\/elmetropolitano.com.gt\/es\/wp-content\/uploads\/2023\/06\/346082270_718952660230820_211496743344217173_n-300x200.jpg 300w, https:\/\/elmetropolitano.com.gt\/es\/wp-content\/uploads\/2023\/06\/346082270_718952660230820_211496743344217173_n-768x512.jpg 768w, https:\/\/elmetropolitano.com.gt\/es\/wp-content\/uploads\/2023\/06\/346082270_718952660230820_211496743344217173_n-1536x1023.jpg 1536w, https:\/\/elmetropolitano.com.gt\/es\/wp-content\/uploads\/2023\/06\/346082270_718952660230820_211496743344217173_n-600x400.jpg 600w, https:\/\/elmetropolitano.com.gt\/es\/wp-content\/uploads\/2023\/06\/346082270_718952660230820_211496743344217173_n.jpg 1600w\" sizes=\"auto, (max-width: 1024px) 100vw, 1024px\" \/><\/figure>\n\n\n\n<figure class=\"wp-block-image size-large\"><img loading=\"lazy\" decoding=\"async\" width=\"1024\" height=\"682\" data-id=\"67439\" src=\"https:\/\/elmetropolitano.com.gt\/es\/wp-content\/uploads\/2023\/06\/346889893_718952480230838_1406371304958134494_n-1024x682.jpg\" alt=\"\" class=\"wp-image-67439\" srcset=\"https:\/\/elmetropolitano.com.gt\/es\/wp-content\/uploads\/2023\/06\/346889893_718952480230838_1406371304958134494_n-1024x682.jpg 1024w, https:\/\/elmetropolitano.com.gt\/es\/wp-content\/uploads\/2023\/06\/346889893_718952480230838_1406371304958134494_n-300x200.jpg 300w, https:\/\/elmetropolitano.com.gt\/es\/wp-content\/uploads\/2023\/06\/346889893_718952480230838_1406371304958134494_n-768x512.jpg 768w, https:\/\/elmetropolitano.com.gt\/es\/wp-content\/uploads\/2023\/06\/346889893_718952480230838_1406371304958134494_n-1536x1023.jpg 1536w, https:\/\/elmetropolitano.com.gt\/es\/wp-content\/uploads\/2023\/06\/346889893_718952480230838_1406371304958134494_n-600x400.jpg 600w, https:\/\/elmetropolitano.com.gt\/es\/wp-content\/uploads\/2023\/06\/346889893_718952480230838_1406371304958134494_n.jpg 1600w\" sizes=\"auto, (max-width: 1024px) 100vw, 1024px\" \/><\/figure>\n\n\n\n<figure class=\"wp-block-image size-large\"><img loading=\"lazy\" decoding=\"async\" width=\"360\" height=\"240\" data-id=\"67437\" src=\"https:\/\/elmetropolitano.com.gt\/es\/wp-content\/uploads\/2023\/06\/352539960_718952360230850_1992992518627113574_n.jpg\" alt=\"\" class=\"wp-image-67437\" srcset=\"https:\/\/elmetropolitano.com.gt\/es\/wp-content\/uploads\/2023\/06\/352539960_718952360230850_1992992518627113574_n.jpg 360w, https:\/\/elmetropolitano.com.gt\/es\/wp-content\/uploads\/2023\/06\/352539960_718952360230850_1992992518627113574_n-300x200.jpg 300w\" sizes=\"auto, (max-width: 360px) 100vw, 360px\" \/><\/figure>\n<\/figure>\n","protected":false},"excerpt":{"rendered":"<p>Como resultado de la entrega de notificaciones del Programa de Aporte Econ\u00f3mico del Adulto Mayor (PAM) en el departamento de Escuintla, los beneficiarios manifestaron su agradecimiento. En ese sentido, al menos 2 mil 70 adultos mayores del departamento se reunieron el 9 de junio para recibir su notificaci\u00f3n. Esta los acredita como nuevos beneficiarios del <a class=\"read-more\" href=\"https:\/\/elmetropolitano.com.gt\/es\/beneficiarios-del-pam-en-escuintla-agradecen-apoyo-de-las-autoridades\/\">Leer m\u00e1s<\/a><\/p>\n","protected":false},"author":1,"featured_media":67436,"comment_status":"open","ping_status":"closed","sticky":false,"template":"","format":"standard","meta":{"footnotes":""},"categories":[2],"tags":[12],"class_list":["post-67435","post","type-post","status-publish","format-standard","has-post-thumbnail","hentry","category-nacionales","tag-nacionales"],"_links":{"self":[{"href":"https:\/\/elmetropolitano.com.gt\/es\/wp-json\/wp\/v2\/posts\/67435","targetHints":{"allow":["GET"]}}],"collection":[{"href":"https:\/\/elmetropolitano.com.gt\/es\/wp-json\/wp\/v2\/posts"}],"about":[{"href":"https:\/\/elmetropolitano.com.gt\/es\/wp-json\/wp\/v2\/types\/post"}],"author":[{"embeddable":true,"href":"https:\/\/elmetropolitano.com.gt\/es\/wp-json\/wp\/v2\/users\/1"}],"replies":[{"embeddable":true,"href":"https:\/\/elmetropolitano.com.gt\/es\/wp-json\/wp\/v2\/comments?post=67435"}],"version-history":[{"count":1,"href":"https:\/\/elmetropolitano.com.gt\/es\/wp-json\/wp\/v2\/posts\/67435\/revisions"}],"predecessor-version":[{"id":67440,"href":"https:\/\/elmetropolitano.com.gt\/es\/wp-json\/wp\/v2\/posts\/67435\/revisions\/67440"}],"wp:featuredmedia":[{"embeddable":true,"href":"https:\/\/elmetropolitano.com.gt\/es\/wp-json\/wp\/v2\/media\/67436"}],"wp:attachment":[{"href":"https:\/\/elmetropolitano.com.gt\/es\/wp-json\/wp\/v2\/media?parent=67435"}],"wp:term":[{"taxonomy":"category","embeddable":true,"href":"https:\/\/elmetropolitano.com.gt\/es\/wp-json\/wp\/v2\/categories?post=67435"},{"taxonomy":"post_tag","embeddable":true,"href":"https:\/\/elmetropolitano.com.gt\/es\/wp-json\/wp\/v2\/tags?post=67435"}],"curies":[{"name":"wp","href":"https:\/\/api.w.org\/{rel}","templated":true}]}}