{"id":67546,"date":"2023-06-12T10:21:48","date_gmt":"2023-06-12T16:21:48","guid":{"rendered":"https:\/\/elmetropolitano.com.gt\/es\/?p=67546"},"modified":"2023-06-12T10:21:50","modified_gmt":"2023-06-12T16:21:50","slug":"nuevo-proyecto-de-electrificacion-del-inde-busca-aportar-al-desarrollo-rural","status":"publish","type":"post","link":"https:\/\/elmetropolitano.com.gt\/es\/nuevo-proyecto-de-electrificacion-del-inde-busca-aportar-al-desarrollo-rural\/","title":{"rendered":"Nuevo proyecto de electrificaci\u00f3n del INDE busca aportar al desarrollo rural"},"content":{"rendered":"\n<p>El Instituto Nacional de Electrificaci\u00f3n (INDE) inform\u00f3 sobre un nuevo proyecto de generaci\u00f3n de energ\u00eda el\u00e9ctrica. Se trata del Proyecto Guacalate, el cual permitir\u00e1 diversificar la matriz energ\u00e9tica del INDE.<\/p>\n\n\n\n<p>La instituci\u00f3n dio a conocer que, luego de adjudicaciones en tres sesiones, el Consejo Directivo aprob\u00f3 el proyecto fotovoltaico de 10 megavatios que estar\u00e1 ubicado en Escuintla.<\/p><div class=\"elmet-contenido\" id=\"elmet-100072156\"><div class=\"elmet-adlabel\">Anuncios<\/div><div style=\"margin-top: 20px;margin-right: 20px;margin-bottom: 20px;margin-left: 20px;\" id=\"elmet-2216918010\"><a href=\"https:\/\/www.facebook.com\/arrincuanantigua\/\" aria-label=\"cintillo-arrin-cual\"><img loading=\"lazy\" decoding=\"async\" src=\"https:\/\/elmetropolitano.com.gt\/es\/wp-content\/uploads\/2021\/11\/cintillo-arrin-cual-1.jpg\" alt=\"\"  srcset=\"https:\/\/elmetropolitano.com.gt\/es\/wp-content\/uploads\/2021\/11\/cintillo-arrin-cual-1.jpg 750w, https:\/\/elmetropolitano.com.gt\/es\/wp-content\/uploads\/2021\/11\/cintillo-arrin-cual-1-300x36.jpg 300w, https:\/\/elmetropolitano.com.gt\/es\/wp-content\/uploads\/2021\/11\/cintillo-arrin-cual-1-600x72.jpg 600w\" sizes=\"(max-width: 750px) 100vw, 750px\" width=\"750\" height=\"90\"   \/><\/a><\/div><\/div>\n\n\n\n<p>Con <a><\/a>la implementaci\u00f3n de la iniciativa se permitir\u00e1 mejorar los ingresos para el financiamiento de otros proyectos de electrificaci\u00f3n rural. Asimismo, contribuir\u00e1 al aporte de la tarifa social de energ\u00eda el\u00e9ctrica.<\/p>\n\n\n\n<p>Aprobaci\u00f3n del proyecto<\/p>\n\n\n\n<p>De acuerdo con el INDE, el proyecto de construcci\u00f3n de sistemas fotovoltaicos cuenta con todos los procedimientos establecidos. Igualmente, detall\u00f3 las fases que fueron ejecutadas para su aprobaci\u00f3n:<\/p>\n\n\n\n<p>primera fase: aprobaci\u00f3n del informe de detecci\u00f3n de necesidades<\/p>\n\n\n\n<p>segunda fase: aprobaci\u00f3n de los t\u00e9rminos de referencia<\/p>\n\n\n\n<p>tercera fase: aprobaci\u00f3n de la adjudicaci\u00f3n<\/p>\n\n\n\n<p>Iniciativas de electrificaci\u00f3n<\/p>\n\n\n\n<p>El INDE ha trabajado de la mano con el Gobierno de Guatemala para poner en marcha proyectos en favor de los guatemaltecos que viven en comunidades de dif\u00edcil acceso y no cuentan con el servicio el\u00e9ctrico.<\/p>\n\n\n\n<p>Recientemente, familias de 650 hogares de la aldea Tzalamil\u00e1, Senah\u00fa, Alta Verapaz, fueron beneficiados con el servicio de electrificaci\u00f3n. Esto por medio del programa de sistemas aislados con paneles solares.<\/p>\n\n\n\n<p>El Presidente de Guatemala Alejandro Giammattei particip\u00f3 en el evento que dio paso al funcionamiento del plan de electrificaci\u00f3n y destac\u00f3 que este se trata de una las estrategias m\u00e1s innovadoras para el desarrollo rural.<\/p>\n\n\n\n<p>Para este se hizo una inversi\u00f3n de 18 millones de quetzales en favor de m\u00e1s de 3 mil 900 personas que residen en la localidad. Este es uno de los mejores m\u00e9todos para llegar a las comunidades que, debido a su ubicaci\u00f3n rural, son de dif\u00edcil acceso y se complica la aplicaci\u00f3n de m\u00e9todos convencionales de electrificaci\u00f3n.<\/p>\n\n\n\n<p><a href=\"https:\/\/www.facebook.com\/hashtag\/metroredes?__eep__=6&amp;__cft__[0]=AZWWUkoWeG7GnOMRPcZ8Z7C3bw-ditaj6TFaYlWqQXKKRE9i8KOQo0xMWi04EJB1vJ-x5fyUiu5WBJFezOBKF-AEp3RrxgP2YxjqBEAbOuXGpU5cv1zg3RLuB5Th4YSs9yUbriGxPkN1CxLqjeVXTrUFNLbjR4pxiPyH3kG748zmCgRAyG2uy9gz2K0Q0QI780o&amp;__tn__=*NK-R\">#metroredes<\/a><a href=\"https:\/\/www.facebook.com\/hashtag\/inde?__eep__=6&amp;__cft__[0]=AZWWUkoWeG7GnOMRPcZ8Z7C3bw-ditaj6TFaYlWqQXKKRE9i8KOQo0xMWi04EJB1vJ-x5fyUiu5WBJFezOBKF-AEp3RrxgP2YxjqBEAbOuXGpU5cv1zg3RLuB5Th4YSs9yUbriGxPkN1CxLqjeVXTrUFNLbjR4pxiPyH3kG748zmCgRAyG2uy9gz2K0Q0QI780o&amp;__tn__=*NK-R\">#Inde<\/a><a href=\"https:\/\/www.facebook.com\/hashtag\/electricidad?__eep__=6&amp;__cft__[0]=AZWWUkoWeG7GnOMRPcZ8Z7C3bw-ditaj6TFaYlWqQXKKRE9i8KOQo0xMWi04EJB1vJ-x5fyUiu5WBJFezOBKF-AEp3RrxgP2YxjqBEAbOuXGpU5cv1zg3RLuB5Th4YSs9yUbriGxPkN1CxLqjeVXTrUFNLbjR4pxiPyH3kG748zmCgRAyG2uy9gz2K0Q0QI780o&amp;__tn__=*NK-R\">#electricidad<\/a><\/p>\n\n\n\n<p><\/p>\n","protected":false},"excerpt":{"rendered":"<p>El Instituto Nacional de Electrificaci\u00f3n (INDE) inform\u00f3 sobre un nuevo proyecto de generaci\u00f3n de energ\u00eda el\u00e9ctrica. Se trata del Proyecto Guacalate, el cual permitir\u00e1 diversificar la matriz energ\u00e9tica del INDE. La instituci\u00f3n dio a conocer que, luego de adjudicaciones en tres sesiones, el Consejo Directivo aprob\u00f3 el proyecto fotovoltaico de 10 megavatios que estar\u00e1 ubicado <a class=\"read-more\" href=\"https:\/\/elmetropolitano.com.gt\/es\/nuevo-proyecto-de-electrificacion-del-inde-busca-aportar-al-desarrollo-rural\/\">Leer m\u00e1s<\/a><\/p>\n","protected":false},"author":1,"featured_media":67547,"comment_status":"open","ping_status":"closed","sticky":false,"template":"","format":"standard","meta":{"footnotes":""},"categories":[2],"tags":[12],"class_list":["post-67546","post","type-post","status-publish","format-standard","has-post-thumbnail","hentry","category-nacionales","tag-nacionales"],"_links":{"self":[{"href":"https:\/\/elmetropolitano.com.gt\/es\/wp-json\/wp\/v2\/posts\/67546","targetHints":{"allow":["GET"]}}],"collection":[{"href":"https:\/\/elmetropolitano.com.gt\/es\/wp-json\/wp\/v2\/posts"}],"about":[{"href":"https:\/\/elmetropolitano.com.gt\/es\/wp-json\/wp\/v2\/types\/post"}],"author":[{"embeddable":true,"href":"https:\/\/elmetropolitano.com.gt\/es\/wp-json\/wp\/v2\/users\/1"}],"replies":[{"embeddable":true,"href":"https:\/\/elmetropolitano.com.gt\/es\/wp-json\/wp\/v2\/comments?post=67546"}],"version-history":[{"count":1,"href":"https:\/\/elmetropolitano.com.gt\/es\/wp-json\/wp\/v2\/posts\/67546\/revisions"}],"predecessor-version":[{"id":67548,"href":"https:\/\/elmetropolitano.com.gt\/es\/wp-json\/wp\/v2\/posts\/67546\/revisions\/67548"}],"wp:featuredmedia":[{"embeddable":true,"href":"https:\/\/elmetropolitano.com.gt\/es\/wp-json\/wp\/v2\/media\/67547"}],"wp:attachment":[{"href":"https:\/\/elmetropolitano.com.gt\/es\/wp-json\/wp\/v2\/media?parent=67546"}],"wp:term":[{"taxonomy":"category","embeddable":true,"href":"https:\/\/elmetropolitano.com.gt\/es\/wp-json\/wp\/v2\/categories?post=67546"},{"taxonomy":"post_tag","embeddable":true,"href":"https:\/\/elmetropolitano.com.gt\/es\/wp-json\/wp\/v2\/tags?post=67546"}],"curies":[{"name":"wp","href":"https:\/\/api.w.org\/{rel}","templated":true}]}}