{"id":67579,"date":"2023-06-12T10:36:15","date_gmt":"2023-06-12T16:36:15","guid":{"rendered":"https:\/\/elmetropolitano.com.gt\/es\/?p=67579"},"modified":"2023-06-12T10:36:16","modified_gmt":"2023-06-12T16:36:16","slug":"asesinan-a-comunicador-social","status":"publish","type":"post","link":"https:\/\/elmetropolitano.com.gt\/es\/asesinan-a-comunicador-social\/","title":{"rendered":"Asesinan a comunicador social"},"content":{"rendered":"\n<p>El comunicador social Hector Mario Ramirez quien dirig\u00eda la p\u00e1gina virtual \u201cDesde Zacapa para el mundo\u201d fue asesinado a pu\u00f1aladas esta ma\u00f1ana seg\u00fan informan los bomberos voluntarios<\/p>\n\n\n\n<p>Su <a><\/a>cuerpo fue encontrado en las tarimas del Mercado municipal de Zacaoa seg\u00fan se a informado<\/p><div class=\"elmet-contenido\" id=\"elmet-2806028508\"><div class=\"elmet-adlabel\">Anuncios<\/div><div style=\"margin-top: 20px;margin-right: 20px;margin-bottom: 20px;margin-left: 20px;\" id=\"elmet-662682927\"><a href=\"https:\/\/www.facebook.com\/arrincuanantigua\/\" aria-label=\"cintillo-arrin-cual\"><img loading=\"lazy\" decoding=\"async\" src=\"https:\/\/elmetropolitano.com.gt\/es\/wp-content\/uploads\/2021\/11\/cintillo-arrin-cual-1.jpg\" alt=\"\"  srcset=\"https:\/\/elmetropolitano.com.gt\/es\/wp-content\/uploads\/2021\/11\/cintillo-arrin-cual-1.jpg 750w, https:\/\/elmetropolitano.com.gt\/es\/wp-content\/uploads\/2021\/11\/cintillo-arrin-cual-1-300x36.jpg 300w, https:\/\/elmetropolitano.com.gt\/es\/wp-content\/uploads\/2021\/11\/cintillo-arrin-cual-1-600x72.jpg 600w\" sizes=\"(max-width: 750px) 100vw, 750px\" width=\"750\" height=\"90\"   \/><\/a><\/div><\/div>\n\n\n\n<p><a href=\"https:\/\/www.facebook.com\/hashtag\/zacapa?__eep__=6&amp;__cft__[0]=AZVC15grY8JJ1QLjOjTKeJanYB2s3IgX_x05s5kysWd7wuDVnjm4CA4WYYRpUAecg77ob7oqU52yFdOmAMb93fp5KGJpzuQG6fl5bhWP_JscOgd7popNjtQRotkpdNuXEQ5E0U7w-1oNqJUYqpb-eIDvNIKWKr4f-9T3QEuT_yWTrdp_m0X6x0cEBhBJXdcREoU&amp;__tn__=*NK-R\">#Zacapa<\/a><a href=\"https:\/\/www.facebook.com\/hashtag\/hechosgt?__eep__=6&amp;__cft__[0]=AZVC15grY8JJ1QLjOjTKeJanYB2s3IgX_x05s5kysWd7wuDVnjm4CA4WYYRpUAecg77ob7oqU52yFdOmAMb93fp5KGJpzuQG6fl5bhWP_JscOgd7popNjtQRotkpdNuXEQ5E0U7w-1oNqJUYqpb-eIDvNIKWKr4f-9T3QEuT_yWTrdp_m0X6x0cEBhBJXdcREoU&amp;__tn__=*NK-R\">#HechosGT<\/a><\/p>\n\n\n\n<p><\/p>\n","protected":false},"excerpt":{"rendered":"<p>El comunicador social Hector Mario Ramirez quien dirig\u00eda la p\u00e1gina virtual \u201cDesde Zacapa para el mundo\u201d fue asesinado a pu\u00f1aladas esta ma\u00f1ana seg\u00fan informan los bomberos voluntarios Su cuerpo fue encontrado en las tarimas del Mercado municipal de Zacaoa seg\u00fan se a informado #Zacapa#HechosGT<\/p>\n","protected":false},"author":1,"featured_media":67580,"comment_status":"open","ping_status":"closed","sticky":false,"template":"","format":"standard","meta":{"footnotes":""},"categories":[2],"tags":[12],"class_list":["post-67579","post","type-post","status-publish","format-standard","has-post-thumbnail","hentry","category-nacionales","tag-nacionales"],"_links":{"self":[{"href":"https:\/\/elmetropolitano.com.gt\/es\/wp-json\/wp\/v2\/posts\/67579","targetHints":{"allow":["GET"]}}],"collection":[{"href":"https:\/\/elmetropolitano.com.gt\/es\/wp-json\/wp\/v2\/posts"}],"about":[{"href":"https:\/\/elmetropolitano.com.gt\/es\/wp-json\/wp\/v2\/types\/post"}],"author":[{"embeddable":true,"href":"https:\/\/elmetropolitano.com.gt\/es\/wp-json\/wp\/v2\/users\/1"}],"replies":[{"embeddable":true,"href":"https:\/\/elmetropolitano.com.gt\/es\/wp-json\/wp\/v2\/comments?post=67579"}],"version-history":[{"count":1,"href":"https:\/\/elmetropolitano.com.gt\/es\/wp-json\/wp\/v2\/posts\/67579\/revisions"}],"predecessor-version":[{"id":67581,"href":"https:\/\/elmetropolitano.com.gt\/es\/wp-json\/wp\/v2\/posts\/67579\/revisions\/67581"}],"wp:featuredmedia":[{"embeddable":true,"href":"https:\/\/elmetropolitano.com.gt\/es\/wp-json\/wp\/v2\/media\/67580"}],"wp:attachment":[{"href":"https:\/\/elmetropolitano.com.gt\/es\/wp-json\/wp\/v2\/media?parent=67579"}],"wp:term":[{"taxonomy":"category","embeddable":true,"href":"https:\/\/elmetropolitano.com.gt\/es\/wp-json\/wp\/v2\/categories?post=67579"},{"taxonomy":"post_tag","embeddable":true,"href":"https:\/\/elmetropolitano.com.gt\/es\/wp-json\/wp\/v2\/tags?post=67579"}],"curies":[{"name":"wp","href":"https:\/\/api.w.org\/{rel}","templated":true}]}}