{"id":67628,"date":"2023-06-13T09:21:37","date_gmt":"2023-06-13T15:21:37","guid":{"rendered":"https:\/\/elmetropolitano.com.gt\/es\/?p=67628"},"modified":"2023-06-13T09:21:39","modified_gmt":"2023-06-13T15:21:39","slug":"capturan-en-san-miguel-petapa-a-pareja-que-presuntamente-explotaba-laboralmente-a-ninos","status":"publish","type":"post","link":"https:\/\/elmetropolitano.com.gt\/es\/capturan-en-san-miguel-petapa-a-pareja-que-presuntamente-explotaba-laboralmente-a-ninos\/","title":{"rendered":"Capturan en San Miguel Petapa a pareja que presuntamente explotaba laboralmente a ni\u00f1os"},"content":{"rendered":"\n<p>Una pareja presunta responsable de trata de personas en su modalidad de explotaci\u00f3n laboral y maltrato de personas menores de edad, fue capturada por investigadores de la DEIC de la Secci\u00f3n Contra la Trata de Personas que realizaron un allanamiento junto a fiscales del Miniaterio Public\u00f3 MP en la colonia Villa Hermosa II, zona 7 de San Miguel Petapa.<\/p>\n\n\n\n<p>Se trata de Yulissa Noem\u00ed Cifuentes de 26 <a><\/a>a\u00f1os y Luis \u00c1ngel Merida L\u00f3pez de 27 a\u00f1os, que son requeridos por el Juzgado de Primera Instancia Penal Con Competencia Espec\u00edfica en Delitos de Trata de Personas del Departamento de Guatemala, a trav\u00e9s de una orden de captura de fecha 6 de junio.<\/p><div class=\"elmet-contenido\" id=\"elmet-3919637946\"><div class=\"elmet-adlabel\">Anuncios<\/div><div style=\"margin-top: 20px;margin-right: 20px;margin-bottom: 20px;margin-left: 20px;\" id=\"elmet-1080873280\"><a href=\"https:\/\/www.facebook.com\/arrincuanantigua\/\" aria-label=\"cintillo-arrin-cual\"><img loading=\"lazy\" decoding=\"async\" src=\"https:\/\/elmetropolitano.com.gt\/es\/wp-content\/uploads\/2021\/11\/cintillo-arrin-cual-1.jpg\" alt=\"\"  srcset=\"https:\/\/elmetropolitano.com.gt\/es\/wp-content\/uploads\/2021\/11\/cintillo-arrin-cual-1.jpg 750w, https:\/\/elmetropolitano.com.gt\/es\/wp-content\/uploads\/2021\/11\/cintillo-arrin-cual-1-300x36.jpg 300w, https:\/\/elmetropolitano.com.gt\/es\/wp-content\/uploads\/2021\/11\/cintillo-arrin-cual-1-600x72.jpg 600w\" sizes=\"(max-width: 750px) 100vw, 750px\" width=\"750\" height=\"90\"   \/><\/a><\/div><\/div>\n\n\n\n<p>Seg\u00fan indicaron los investigadores, estas personas presuntamente reclutaba ni\u00f1os en las edades de 9 a 14 a\u00f1os y los mandaban a vender dulces, exigi\u00e9ndoles una cuota diaria de Q.500, cuando no entregaban la cuota requerida eran agredidos f\u00edsica y psicol\u00f3gicamente hechos ocurridos en el a\u00f1o 2022.<\/p>\n\n\n\n<p>A Yulissa Noemi Cifuentes le aparece un antecedente del a\u00f1o 2022, por el mismo delito.<\/p>\n\n\n\n<p><a href=\"https:\/\/www.facebook.com\/hashtag\/pncdeguatemala?__eep__=6&amp;__cft__[0]=AZX__ZT2Uu285VqhRmVDqRZOlcI_EZN9pPI99IndWbINYI-gX2v7GjMKI7Ve-aEa0BPhKN_KYLWH8eKxx0N2J8I_hL-avG8DGHj_0ae-08CIN22P8ZdsGXrZ5aqX-5-j22SSssb-FBPt402TMtJCi_Uh35CwA_tuK7hUAKOSX9cTLxoTJQuSnRRR5cu0SvA__U0&amp;__tn__=*NK-R\">#PNCdeGuatemala<\/a><a href=\"https:\/\/www.facebook.com\/hashtag\/ministeriopublicogt?__eep__=6&amp;__cft__[0]=AZX__ZT2Uu285VqhRmVDqRZOlcI_EZN9pPI99IndWbINYI-gX2v7GjMKI7Ve-aEa0BPhKN_KYLWH8eKxx0N2J8I_hL-avG8DGHj_0ae-08CIN22P8ZdsGXrZ5aqX-5-j22SSssb-FBPt402TMtJCi_Uh35CwA_tuK7hUAKOSX9cTLxoTJQuSnRRR5cu0SvA__U0&amp;__tn__=*NK-R\">#MinisterioPublicoGT<\/a><\/p>\n\n\n\n<figure class=\"wp-block-gallery has-nested-images columns-default is-cropped wp-block-gallery-1 is-layout-flex wp-block-gallery-is-layout-flex\">\n<figure class=\"wp-block-image size-large\"><img loading=\"lazy\" decoding=\"async\" width=\"768\" height=\"1024\" data-id=\"67630\" src=\"https:\/\/elmetropolitano.com.gt\/es\/wp-content\/uploads\/2023\/06\/348600096_720957830030303_6778470726740408045_n-768x1024.jpg\" alt=\"\" class=\"wp-image-67630\" srcset=\"https:\/\/elmetropolitano.com.gt\/es\/wp-content\/uploads\/2023\/06\/348600096_720957830030303_6778470726740408045_n-768x1024.jpg 768w, https:\/\/elmetropolitano.com.gt\/es\/wp-content\/uploads\/2023\/06\/348600096_720957830030303_6778470726740408045_n-225x300.jpg 225w, https:\/\/elmetropolitano.com.gt\/es\/wp-content\/uploads\/2023\/06\/348600096_720957830030303_6778470726740408045_n-600x800.jpg 600w, https:\/\/elmetropolitano.com.gt\/es\/wp-content\/uploads\/2023\/06\/348600096_720957830030303_6778470726740408045_n.jpg 960w\" sizes=\"auto, (max-width: 768px) 100vw, 768px\" \/><\/figure>\n\n\n\n<figure class=\"wp-block-image size-large\"><img loading=\"lazy\" decoding=\"async\" width=\"930\" height=\"698\" data-id=\"67631\" src=\"https:\/\/elmetropolitano.com.gt\/es\/wp-content\/uploads\/2023\/06\/351303757_720957666696986_8677501496071857673_n.jpg\" alt=\"\" class=\"wp-image-67631\" srcset=\"https:\/\/elmetropolitano.com.gt\/es\/wp-content\/uploads\/2023\/06\/351303757_720957666696986_8677501496071857673_n.jpg 930w, https:\/\/elmetropolitano.com.gt\/es\/wp-content\/uploads\/2023\/06\/351303757_720957666696986_8677501496071857673_n-300x225.jpg 300w, https:\/\/elmetropolitano.com.gt\/es\/wp-content\/uploads\/2023\/06\/351303757_720957666696986_8677501496071857673_n-768x576.jpg 768w, https:\/\/elmetropolitano.com.gt\/es\/wp-content\/uploads\/2023\/06\/351303757_720957666696986_8677501496071857673_n-600x450.jpg 600w\" sizes=\"auto, (max-width: 930px) 100vw, 930px\" \/><\/figure>\n<\/figure>\n","protected":false},"excerpt":{"rendered":"<p>Una pareja presunta responsable de trata de personas en su modalidad de explotaci\u00f3n laboral y maltrato de personas menores de edad, fue capturada por investigadores de la DEIC de la Secci\u00f3n Contra la Trata de Personas que realizaron un allanamiento junto a fiscales del Miniaterio Public\u00f3 MP en la colonia Villa Hermosa II, zona 7 <a class=\"read-more\" href=\"https:\/\/elmetropolitano.com.gt\/es\/capturan-en-san-miguel-petapa-a-pareja-que-presuntamente-explotaba-laboralmente-a-ninos\/\">Leer m\u00e1s<\/a><\/p>\n","protected":false},"author":1,"featured_media":67629,"comment_status":"open","ping_status":"closed","sticky":false,"template":"","format":"standard","meta":{"footnotes":""},"categories":[89],"tags":[88],"class_list":["post-67628","post","type-post","status-publish","format-standard","has-post-thumbnail","hentry","category-metrosucesos","tag-metrosucesos"],"_links":{"self":[{"href":"https:\/\/elmetropolitano.com.gt\/es\/wp-json\/wp\/v2\/posts\/67628","targetHints":{"allow":["GET"]}}],"collection":[{"href":"https:\/\/elmetropolitano.com.gt\/es\/wp-json\/wp\/v2\/posts"}],"about":[{"href":"https:\/\/elmetropolitano.com.gt\/es\/wp-json\/wp\/v2\/types\/post"}],"author":[{"embeddable":true,"href":"https:\/\/elmetropolitano.com.gt\/es\/wp-json\/wp\/v2\/users\/1"}],"replies":[{"embeddable":true,"href":"https:\/\/elmetropolitano.com.gt\/es\/wp-json\/wp\/v2\/comments?post=67628"}],"version-history":[{"count":1,"href":"https:\/\/elmetropolitano.com.gt\/es\/wp-json\/wp\/v2\/posts\/67628\/revisions"}],"predecessor-version":[{"id":67632,"href":"https:\/\/elmetropolitano.com.gt\/es\/wp-json\/wp\/v2\/posts\/67628\/revisions\/67632"}],"wp:featuredmedia":[{"embeddable":true,"href":"https:\/\/elmetropolitano.com.gt\/es\/wp-json\/wp\/v2\/media\/67629"}],"wp:attachment":[{"href":"https:\/\/elmetropolitano.com.gt\/es\/wp-json\/wp\/v2\/media?parent=67628"}],"wp:term":[{"taxonomy":"category","embeddable":true,"href":"https:\/\/elmetropolitano.com.gt\/es\/wp-json\/wp\/v2\/categories?post=67628"},{"taxonomy":"post_tag","embeddable":true,"href":"https:\/\/elmetropolitano.com.gt\/es\/wp-json\/wp\/v2\/tags?post=67628"}],"curies":[{"name":"wp","href":"https:\/\/api.w.org\/{rel}","templated":true}]}}