{"id":67642,"date":"2023-06-14T09:10:42","date_gmt":"2023-06-14T15:10:42","guid":{"rendered":"https:\/\/elmetropolitano.com.gt\/es\/?p=67642"},"modified":"2023-06-14T09:10:44","modified_gmt":"2023-06-14T15:10:44","slug":"los-medicos-del-papa-francisco-preven-su-alta-para-los-proximos-dias","status":"publish","type":"post","link":"https:\/\/elmetropolitano.com.gt\/es\/los-medicos-del-papa-francisco-preven-su-alta-para-los-proximos-dias\/","title":{"rendered":"Los m\u00e9dicos del Papa Francisco prev\u00e9n su alta para los pr\u00f3ximos d\u00edas"},"content":{"rendered":"\n<p>Este mi\u00e9rcoles 14 de junio, la Oficina de Prensa de la Santa Sede inform\u00f3 que los m\u00e9dicos del Papa Francisco podr\u00edan autorizar su alta en los pr\u00f3ximos d\u00edas debido a que la recuperaci\u00f3n prosigue con \u201cnormalidad\u201d.<\/p>\n\n\n\n<p>El Santo Padre se encuentra en el d\u00e9cimo piso del Hospital Gemelli de Roma desde el pasado mi\u00e9rcoles 7 de junio, cuando fue sometido a una cirug\u00eda en el abdomen por riesgo de obstrucci\u00f3n intestinal.<\/p><div class=\"elmet-contenido\" id=\"elmet-3114790318\"><div class=\"elmet-adlabel\">Anuncios<\/div><div style=\"margin-top: 20px;margin-right: 20px;margin-bottom: 20px;margin-left: 20px;\" id=\"elmet-1971159660\"><a href=\"https:\/\/www.facebook.com\/arrincuanantigua\/\" aria-label=\"cintillo-arrin-cual\"><img loading=\"lazy\" decoding=\"async\" src=\"https:\/\/elmetropolitano.com.gt\/es\/wp-content\/uploads\/2021\/11\/cintillo-arrin-cual-1.jpg\" alt=\"\"  srcset=\"https:\/\/elmetropolitano.com.gt\/es\/wp-content\/uploads\/2021\/11\/cintillo-arrin-cual-1.jpg 750w, https:\/\/elmetropolitano.com.gt\/es\/wp-content\/uploads\/2021\/11\/cintillo-arrin-cual-1-300x36.jpg 300w, https:\/\/elmetropolitano.com.gt\/es\/wp-content\/uploads\/2021\/11\/cintillo-arrin-cual-1-600x72.jpg 600w\" sizes=\"(max-width: 750px) 100vw, 750px\" width=\"750\" height=\"90\"   \/><\/a><\/div><\/div>\n\n\n\n<p><a><\/a>En la actualizaci\u00f3n de su estado de salud este mi\u00e9rcoles 14 de junio, el Vaticano precis\u00f3 que el Pont\u00edfice \u201cdescans\u00f3 bien durante la noche\u201d.<\/p>\n\n\n\n<p>Asimismo, el Director de la Oficina de Prensa de la Santa Sede, Matteo Bruni, anunci\u00f3: \u201cEl personal m\u00e9dico informa que el curso cl\u00ednico se desarrolla con regularidad, sin complicaciones, por lo que se prev\u00e9 su alta para los pr\u00f3ximos d\u00edas\u201d.<\/p>\n\n\n\n<p>Durante la ma\u00f1ana, el Papa Francisco se dedic\u00f3 a su trabajo. Antes de comer, se dirigi\u00f3 a la capilla de su piso particular, \u201cdonde se recogi\u00f3 en oraci\u00f3n y recibi\u00f3 la Eucarist\u00eda\u201d.<\/p>\n\n\n\n<p>Seg\u00fan el comunicado de Bruni el pasado 7 de junio, \u201cla operaci\u00f3n, concertada en los \u00faltimos d\u00edas por el equipo m\u00e9dico que asiste al Santo Padre, se hizo necesaria debido a un laparocele encerrado que le est\u00e1 provocando s\u00edndromes suboclusivos recurrentes, dolorosos y que empeoran\u201d<\/p>\n\n\n\n<p>Texto: Almudena Mart\u00ednez-Bordi\u00fa<\/p>\n\n\n\n<p>ACI Prensa<\/p>\n\n\n\n<p><\/p>\n","protected":false},"excerpt":{"rendered":"<p>Este mi\u00e9rcoles 14 de junio, la Oficina de Prensa de la Santa Sede inform\u00f3 que los m\u00e9dicos del Papa Francisco podr\u00edan autorizar su alta en los pr\u00f3ximos d\u00edas debido a que la recuperaci\u00f3n prosigue con \u201cnormalidad\u201d. El Santo Padre se encuentra en el d\u00e9cimo piso del Hospital Gemelli de Roma desde el pasado mi\u00e9rcoles 7 <a class=\"read-more\" href=\"https:\/\/elmetropolitano.com.gt\/es\/los-medicos-del-papa-francisco-preven-su-alta-para-los-proximos-dias\/\">Leer m\u00e1s<\/a><\/p>\n","protected":false},"author":1,"featured_media":67643,"comment_status":"open","ping_status":"closed","sticky":false,"template":"","format":"standard","meta":{"footnotes":""},"categories":[14],"tags":[15],"class_list":["post-67642","post","type-post","status-publish","format-standard","has-post-thumbnail","hentry","category-internacionales","tag-internacionales"],"_links":{"self":[{"href":"https:\/\/elmetropolitano.com.gt\/es\/wp-json\/wp\/v2\/posts\/67642","targetHints":{"allow":["GET"]}}],"collection":[{"href":"https:\/\/elmetropolitano.com.gt\/es\/wp-json\/wp\/v2\/posts"}],"about":[{"href":"https:\/\/elmetropolitano.com.gt\/es\/wp-json\/wp\/v2\/types\/post"}],"author":[{"embeddable":true,"href":"https:\/\/elmetropolitano.com.gt\/es\/wp-json\/wp\/v2\/users\/1"}],"replies":[{"embeddable":true,"href":"https:\/\/elmetropolitano.com.gt\/es\/wp-json\/wp\/v2\/comments?post=67642"}],"version-history":[{"count":1,"href":"https:\/\/elmetropolitano.com.gt\/es\/wp-json\/wp\/v2\/posts\/67642\/revisions"}],"predecessor-version":[{"id":67644,"href":"https:\/\/elmetropolitano.com.gt\/es\/wp-json\/wp\/v2\/posts\/67642\/revisions\/67644"}],"wp:featuredmedia":[{"embeddable":true,"href":"https:\/\/elmetropolitano.com.gt\/es\/wp-json\/wp\/v2\/media\/67643"}],"wp:attachment":[{"href":"https:\/\/elmetropolitano.com.gt\/es\/wp-json\/wp\/v2\/media?parent=67642"}],"wp:term":[{"taxonomy":"category","embeddable":true,"href":"https:\/\/elmetropolitano.com.gt\/es\/wp-json\/wp\/v2\/categories?post=67642"},{"taxonomy":"post_tag","embeddable":true,"href":"https:\/\/elmetropolitano.com.gt\/es\/wp-json\/wp\/v2\/tags?post=67642"}],"curies":[{"name":"wp","href":"https:\/\/api.w.org\/{rel}","templated":true}]}}