{"id":67691,"date":"2023-06-15T09:08:38","date_gmt":"2023-06-15T15:08:38","guid":{"rendered":"https:\/\/elmetropolitano.com.gt\/es\/?p=67691"},"modified":"2023-06-15T09:08:40","modified_gmt":"2023-06-15T15:08:40","slug":"presentan-iniciativa-de-ley-para-recuperacion-del-centro-historico","status":"publish","type":"post","link":"https:\/\/elmetropolitano.com.gt\/es\/presentan-iniciativa-de-ley-para-recuperacion-del-centro-historico\/","title":{"rendered":"Presentan iniciativa de Ley para recuperaci\u00f3n del Centro Hist\u00f3rico"},"content":{"rendered":"\n<p>El diputado Alberto S\u00e1nchez, present\u00f3 una iniciativa de ley para resguardar y recuperar el Centro Hist\u00f3rico de laciudad capital, que abarca buena parte de la zona uno.<\/p>\n\n\n\n<p>El <a><\/a>parlamentario dijo que han pasado25 a\u00f1os y el Centro Hist\u00f3rico se encuentra descuidado por lo que propone enesta iniciativa que el Ministerio de Cultura entre al rescate de esteimportantes lugar, tomando en cuenta que no solo es para los vecinos de ese lugar, y lugares circunvecinos, sino tambi\u00e9n para los comerciantes de laspeque\u00f1as y medianas empresas.<\/p><div class=\"elmet-contenido\" id=\"elmet-1559759033\"><div class=\"elmet-adlabel\">Anuncios<\/div><div style=\"margin-top: 20px;margin-right: 20px;margin-bottom: 20px;margin-left: 20px;\" id=\"elmet-4104442971\"><a href=\"https:\/\/www.facebook.com\/arrincuanantigua\/\" aria-label=\"cintillo-arrin-cual\"><img loading=\"lazy\" decoding=\"async\" src=\"https:\/\/elmetropolitano.com.gt\/es\/wp-content\/uploads\/2021\/11\/cintillo-arrin-cual-1.jpg\" alt=\"\"  srcset=\"https:\/\/elmetropolitano.com.gt\/es\/wp-content\/uploads\/2021\/11\/cintillo-arrin-cual-1.jpg 750w, https:\/\/elmetropolitano.com.gt\/es\/wp-content\/uploads\/2021\/11\/cintillo-arrin-cual-1-300x36.jpg 300w, https:\/\/elmetropolitano.com.gt\/es\/wp-content\/uploads\/2021\/11\/cintillo-arrin-cual-1-600x72.jpg 600w\" sizes=\"(max-width: 750px) 100vw, 750px\" width=\"750\" height=\"90\"   \/><\/a><\/div><\/div>\n\n\n\n<p>El ministerio deber\u00e1 conformar laUnidad denominada Centro Hist\u00f3rico en la que deben participar una multisectorialconformada por el Ministerio de Gobernaci\u00f3n, INGUAT, la PMT, el Ministerio deSalud, y Ministerio de Ambiente. Que sea un lugar digno para vivir, es lo que se busca.<\/p>\n\n\n\n<p>Por ejemplo, control de los bares y otros antros que por las noches tienen mucho volumen en sus lugares ydebe de intervenir el ministerio de ambiente.<\/p>\n\n\n\n<p>La Polic\u00eda, el Inguat, Migraci\u00f3ndeben de participar dando seguridad a los guatemaltecos y evitar que los extranjeros que se quedan varados en el pa\u00eds, mendigando o delinquiendo en el Centro Hist\u00f3rico. Propone tambi\u00e9n el paso de ciclo v\u00edaspara que los guatemaltecos puedan movilizarse m\u00e1s f\u00e1cilmente, algo \u00e1gil,seguro y sano. \u201cEs revivir el Centro Hist\u00f3rico\u201d, dijo finalmente.<\/p>\n\n\n\n<p>Texto: Francisco Javier Hurtarte<\/p>\n\n\n\n<p><a href=\"https:\/\/www.facebook.com\/hashtag\/metroredes?__eep__=6&amp;__cft__[0]=AZW1DR_kRUJlohXnkHMOJ-InaNp4dKMrt0IMIdXtFge11frI5Mrg6jcu9o8cpT4DaFisTtplFSOPBHB1G-TUr2TReUDZdh0JKRg1D1_8I_yJndW48AJR3gL-10GCLLAByzhv9fEB393vxOwR65ep9npzrjbQDk3_mrD4BWZ0uuHDrhWoMzCWtOd4IARG79mqChw&amp;__tn__=*NK-R\">#metroredes<\/a><\/p>\n\n\n\n<figure class=\"wp-block-gallery has-nested-images columns-default is-cropped wp-block-gallery-1 is-layout-flex wp-block-gallery-is-layout-flex\">\n<figure class=\"wp-block-image size-large\"><img loading=\"lazy\" decoding=\"async\" width=\"682\" height=\"1024\" data-id=\"67693\" src=\"https:\/\/elmetropolitano.com.gt\/es\/wp-content\/uploads\/2023\/06\/346857787_722055349920551_6692947390402251171_n-682x1024.jpg\" alt=\"\" class=\"wp-image-67693\" srcset=\"https:\/\/elmetropolitano.com.gt\/es\/wp-content\/uploads\/2023\/06\/346857787_722055349920551_6692947390402251171_n-682x1024.jpg 682w, https:\/\/elmetropolitano.com.gt\/es\/wp-content\/uploads\/2023\/06\/346857787_722055349920551_6692947390402251171_n-200x300.jpg 200w, https:\/\/elmetropolitano.com.gt\/es\/wp-content\/uploads\/2023\/06\/346857787_722055349920551_6692947390402251171_n-768x1152.jpg 768w, https:\/\/elmetropolitano.com.gt\/es\/wp-content\/uploads\/2023\/06\/346857787_722055349920551_6692947390402251171_n-600x900.jpg 600w, https:\/\/elmetropolitano.com.gt\/es\/wp-content\/uploads\/2023\/06\/346857787_722055349920551_6692947390402251171_n.jpg 853w\" sizes=\"auto, (max-width: 682px) 100vw, 682px\" \/><\/figure>\n\n\n\n<figure class=\"wp-block-image size-large\"><img loading=\"lazy\" decoding=\"async\" width=\"1024\" height=\"682\" data-id=\"67694\" src=\"https:\/\/elmetropolitano.com.gt\/es\/wp-content\/uploads\/2023\/06\/347858594_722055399920546_1544537653158045524_n-1024x682.jpg\" alt=\"\" class=\"wp-image-67694\" srcset=\"https:\/\/elmetropolitano.com.gt\/es\/wp-content\/uploads\/2023\/06\/347858594_722055399920546_1544537653158045524_n-1024x682.jpg 1024w, https:\/\/elmetropolitano.com.gt\/es\/wp-content\/uploads\/2023\/06\/347858594_722055399920546_1544537653158045524_n-300x200.jpg 300w, https:\/\/elmetropolitano.com.gt\/es\/wp-content\/uploads\/2023\/06\/347858594_722055399920546_1544537653158045524_n-768x512.jpg 768w, https:\/\/elmetropolitano.com.gt\/es\/wp-content\/uploads\/2023\/06\/347858594_722055399920546_1544537653158045524_n-600x400.jpg 600w, https:\/\/elmetropolitano.com.gt\/es\/wp-content\/uploads\/2023\/06\/347858594_722055399920546_1544537653158045524_n.jpg 1280w\" sizes=\"auto, (max-width: 1024px) 100vw, 1024px\" \/><\/figure>\n<\/figure>\n","protected":false},"excerpt":{"rendered":"<p>El diputado Alberto S\u00e1nchez, present\u00f3 una iniciativa de ley para resguardar y recuperar el Centro Hist\u00f3rico de laciudad capital, que abarca buena parte de la zona uno. El parlamentario dijo que han pasado25 a\u00f1os y el Centro Hist\u00f3rico se encuentra descuidado por lo que propone enesta iniciativa que el Ministerio de Cultura entre al rescate <a class=\"read-more\" href=\"https:\/\/elmetropolitano.com.gt\/es\/presentan-iniciativa-de-ley-para-recuperacion-del-centro-historico\/\">Leer m\u00e1s<\/a><\/p>\n","protected":false},"author":1,"featured_media":67692,"comment_status":"open","ping_status":"closed","sticky":false,"template":"","format":"standard","meta":{"footnotes":""},"categories":[2],"tags":[12],"class_list":["post-67691","post","type-post","status-publish","format-standard","has-post-thumbnail","hentry","category-nacionales","tag-nacionales"],"_links":{"self":[{"href":"https:\/\/elmetropolitano.com.gt\/es\/wp-json\/wp\/v2\/posts\/67691","targetHints":{"allow":["GET"]}}],"collection":[{"href":"https:\/\/elmetropolitano.com.gt\/es\/wp-json\/wp\/v2\/posts"}],"about":[{"href":"https:\/\/elmetropolitano.com.gt\/es\/wp-json\/wp\/v2\/types\/post"}],"author":[{"embeddable":true,"href":"https:\/\/elmetropolitano.com.gt\/es\/wp-json\/wp\/v2\/users\/1"}],"replies":[{"embeddable":true,"href":"https:\/\/elmetropolitano.com.gt\/es\/wp-json\/wp\/v2\/comments?post=67691"}],"version-history":[{"count":1,"href":"https:\/\/elmetropolitano.com.gt\/es\/wp-json\/wp\/v2\/posts\/67691\/revisions"}],"predecessor-version":[{"id":67695,"href":"https:\/\/elmetropolitano.com.gt\/es\/wp-json\/wp\/v2\/posts\/67691\/revisions\/67695"}],"wp:featuredmedia":[{"embeddable":true,"href":"https:\/\/elmetropolitano.com.gt\/es\/wp-json\/wp\/v2\/media\/67692"}],"wp:attachment":[{"href":"https:\/\/elmetropolitano.com.gt\/es\/wp-json\/wp\/v2\/media?parent=67691"}],"wp:term":[{"taxonomy":"category","embeddable":true,"href":"https:\/\/elmetropolitano.com.gt\/es\/wp-json\/wp\/v2\/categories?post=67691"},{"taxonomy":"post_tag","embeddable":true,"href":"https:\/\/elmetropolitano.com.gt\/es\/wp-json\/wp\/v2\/tags?post=67691"}],"curies":[{"name":"wp","href":"https:\/\/api.w.org\/{rel}","templated":true}]}}