{"id":67758,"date":"2023-06-16T10:20:14","date_gmt":"2023-06-16T16:20:14","guid":{"rendered":"https:\/\/elmetropolitano.com.gt\/es\/?p=67758"},"modified":"2023-06-16T10:20:15","modified_gmt":"2023-06-16T16:20:15","slug":"antes-de-las-elecciones-se-podria-paralizar-el-comercio-del-pais","status":"publish","type":"post","link":"https:\/\/elmetropolitano.com.gt\/es\/antes-de-las-elecciones-se-podria-paralizar-el-comercio-del-pais\/","title":{"rendered":"Antes de las elecciones se podr\u00eda paralizar el comercio del pa\u00eds"},"content":{"rendered":"\n<p>Mientras las elecciones se encuentran a menos de diez d\u00edas, el comercio del pa\u00eds podr\u00eda paralizarse por un fallo de la Sala Quinta de lo contencioso administrativo por un amparo interpuesto en contra del contrato de la Empresa Portuaria Quetzal y la APM Terminal de Contenedores Quetzal S.A. inform\u00f3 hoy el diputado L\u00e1zaro Zamora, presidente de la Comisi\u00f3n peque\u00f1a y mediana empresa.<\/p>\n\n\n\n<p>La <a><\/a>sentencia solo falta que este ejecutoriada, y ni bien se notifica a la empresa APM Terminal 1,530 buques de carga que representan al d\u00eda, el 70% de los contenedores se quedan varados.<\/p><div class=\"elmet-contenido\" id=\"elmet-2129187753\"><div class=\"elmet-adlabel\">Anuncios<\/div><div style=\"margin-top: 20px;margin-right: 20px;margin-bottom: 20px;margin-left: 20px;\" id=\"elmet-2415644063\"><a href=\"https:\/\/www.facebook.com\/arrincuanantigua\/\" aria-label=\"cintillo-arrin-cual\"><img loading=\"lazy\" decoding=\"async\" src=\"https:\/\/elmetropolitano.com.gt\/es\/wp-content\/uploads\/2021\/11\/cintillo-arrin-cual-1.jpg\" alt=\"\"  srcset=\"https:\/\/elmetropolitano.com.gt\/es\/wp-content\/uploads\/2021\/11\/cintillo-arrin-cual-1.jpg 750w, https:\/\/elmetropolitano.com.gt\/es\/wp-content\/uploads\/2021\/11\/cintillo-arrin-cual-1-300x36.jpg 300w, https:\/\/elmetropolitano.com.gt\/es\/wp-content\/uploads\/2021\/11\/cintillo-arrin-cual-1-600x72.jpg 600w\" sizes=\"(max-width: 750px) 100vw, 750px\" width=\"750\" height=\"90\"   \/><\/a><\/div><\/div>\n\n\n\n<p>Esto implica, dice el diputado Zamora, que los barcos se van hasta Acajutla, El Salvador y el flete se cobrar\u00eda m\u00e1s caro y las afectadas son las c\u00e1maras de negocios aglutinadas en el pa\u00eds.<\/p>\n\n\n\n<p>Esta Sala de Trabajo Legislativa se reuni\u00f3 con Fanny de Estrada de Agexport; Carla Caballeros, de la C\u00e1mara del Agro; Ignacio Lejarraga y Roberto Ard\u00f3n, del CACIF; Erick Solaistoa, de la Contralor\u00eda General de Cuentas; miembros de la C\u00e1mara de Comercio y de la Industria; Gabriel Corrales gerente de la Terminal de Contenedores.<\/p>\n\n\n\n<p><a href=\"https:\/\/www.facebook.com\/hashtag\/escuintla?__eep__=6&amp;__cft__[0]=AZVkuTqFpoiFbXTdoDBT0_Doq5dxX7wkquHHnoQq__e0h6T1TEJp49XlJYQ0EhrIxIcZLpFQfvQvl-MtxxWPg0umda6T4pWOmFcWh4sQRb-rbkpLn2nuyzAWfNa6w6K9dKneHv6KE0fXZWT-dzYQRU8iozPc1_aUgnPiQQPTUhhBWjt5T-s4WLjGNnmg4RfwQp8&amp;__tn__=*NK-R\">#Escuintla<\/a><a href=\"https:\/\/www.facebook.com\/hashtag\/metroredes?__eep__=6&amp;__cft__[0]=AZVkuTqFpoiFbXTdoDBT0_Doq5dxX7wkquHHnoQq__e0h6T1TEJp49XlJYQ0EhrIxIcZLpFQfvQvl-MtxxWPg0umda6T4pWOmFcWh4sQRb-rbkpLn2nuyzAWfNa6w6K9dKneHv6KE0fXZWT-dzYQRU8iozPc1_aUgnPiQQPTUhhBWjt5T-s4WLjGNnmg4RfwQp8&amp;__tn__=*NK-R\">#metroredes<\/a><\/p>\n\n\n\n<figure class=\"wp-block-gallery has-nested-images columns-default is-cropped wp-block-gallery-1 is-layout-flex wp-block-gallery-is-layout-flex\">\n<figure class=\"wp-block-image size-large\"><img loading=\"lazy\" decoding=\"async\" width=\"1024\" height=\"576\" data-id=\"67760\" src=\"https:\/\/elmetropolitano.com.gt\/es\/wp-content\/uploads\/2023\/06\/352386564_722789909847095_3881690922128342563_n-1024x576.jpg\" alt=\"\" class=\"wp-image-67760\" srcset=\"https:\/\/elmetropolitano.com.gt\/es\/wp-content\/uploads\/2023\/06\/352386564_722789909847095_3881690922128342563_n-1024x576.jpg 1024w, https:\/\/elmetropolitano.com.gt\/es\/wp-content\/uploads\/2023\/06\/352386564_722789909847095_3881690922128342563_n-300x169.jpg 300w, https:\/\/elmetropolitano.com.gt\/es\/wp-content\/uploads\/2023\/06\/352386564_722789909847095_3881690922128342563_n-768x432.jpg 768w, https:\/\/elmetropolitano.com.gt\/es\/wp-content\/uploads\/2023\/06\/352386564_722789909847095_3881690922128342563_n-1536x864.jpg 1536w, https:\/\/elmetropolitano.com.gt\/es\/wp-content\/uploads\/2023\/06\/352386564_722789909847095_3881690922128342563_n-600x337.jpg 600w, https:\/\/elmetropolitano.com.gt\/es\/wp-content\/uploads\/2023\/06\/352386564_722789909847095_3881690922128342563_n.jpg 1599w\" sizes=\"auto, (max-width: 1024px) 100vw, 1024px\" \/><\/figure>\n<\/figure>\n","protected":false},"excerpt":{"rendered":"<p>Mientras las elecciones se encuentran a menos de diez d\u00edas, el comercio del pa\u00eds podr\u00eda paralizarse por un fallo de la Sala Quinta de lo contencioso administrativo por un amparo interpuesto en contra del contrato de la Empresa Portuaria Quetzal y la APM Terminal de Contenedores Quetzal S.A. inform\u00f3 hoy el diputado L\u00e1zaro Zamora, presidente <a class=\"read-more\" href=\"https:\/\/elmetropolitano.com.gt\/es\/antes-de-las-elecciones-se-podria-paralizar-el-comercio-del-pais\/\">Leer m\u00e1s<\/a><\/p>\n","protected":false},"author":1,"featured_media":67759,"comment_status":"open","ping_status":"closed","sticky":false,"template":"","format":"standard","meta":{"footnotes":""},"categories":[2],"tags":[12],"class_list":["post-67758","post","type-post","status-publish","format-standard","has-post-thumbnail","hentry","category-nacionales","tag-nacionales"],"_links":{"self":[{"href":"https:\/\/elmetropolitano.com.gt\/es\/wp-json\/wp\/v2\/posts\/67758","targetHints":{"allow":["GET"]}}],"collection":[{"href":"https:\/\/elmetropolitano.com.gt\/es\/wp-json\/wp\/v2\/posts"}],"about":[{"href":"https:\/\/elmetropolitano.com.gt\/es\/wp-json\/wp\/v2\/types\/post"}],"author":[{"embeddable":true,"href":"https:\/\/elmetropolitano.com.gt\/es\/wp-json\/wp\/v2\/users\/1"}],"replies":[{"embeddable":true,"href":"https:\/\/elmetropolitano.com.gt\/es\/wp-json\/wp\/v2\/comments?post=67758"}],"version-history":[{"count":1,"href":"https:\/\/elmetropolitano.com.gt\/es\/wp-json\/wp\/v2\/posts\/67758\/revisions"}],"predecessor-version":[{"id":67761,"href":"https:\/\/elmetropolitano.com.gt\/es\/wp-json\/wp\/v2\/posts\/67758\/revisions\/67761"}],"wp:featuredmedia":[{"embeddable":true,"href":"https:\/\/elmetropolitano.com.gt\/es\/wp-json\/wp\/v2\/media\/67759"}],"wp:attachment":[{"href":"https:\/\/elmetropolitano.com.gt\/es\/wp-json\/wp\/v2\/media?parent=67758"}],"wp:term":[{"taxonomy":"category","embeddable":true,"href":"https:\/\/elmetropolitano.com.gt\/es\/wp-json\/wp\/v2\/categories?post=67758"},{"taxonomy":"post_tag","embeddable":true,"href":"https:\/\/elmetropolitano.com.gt\/es\/wp-json\/wp\/v2\/tags?post=67758"}],"curies":[{"name":"wp","href":"https:\/\/api.w.org\/{rel}","templated":true}]}}