{"id":67830,"date":"2023-06-17T11:48:56","date_gmt":"2023-06-17T17:48:56","guid":{"rendered":"https:\/\/elmetropolitano.com.gt\/es\/?p=67830"},"modified":"2023-06-17T11:48:58","modified_gmt":"2023-06-17T17:48:58","slug":"presentan-plan-operativo-para-las-elecciones-generales-2023","status":"publish","type":"post","link":"https:\/\/elmetropolitano.com.gt\/es\/presentan-plan-operativo-para-las-elecciones-generales-2023\/","title":{"rendered":"Presentan plan operativo para las elecciones generales 2023"},"content":{"rendered":"\n<p>El Ministerio P\u00fablico (MP) present\u00f3 el plan operativo en el marco de las elecciones generales 2023 en Guatemala.<\/p>\n\n\n\n<p>El <a><\/a>MP, a trav\u00e9s de una conferencia de prensa con sus autoridades, present\u00f3 su plan que constituye la gu\u00eda del actuar institucional para el proceso electoral.<\/p><div class=\"elmet-contenido\" id=\"elmet-2566597344\"><div class=\"elmet-adlabel\">Anuncios<\/div><div style=\"margin-top: 20px;margin-right: 20px;margin-bottom: 20px;margin-left: 20px;\" id=\"elmet-1618388029\"><a href=\"https:\/\/www.facebook.com\/arrincuanantigua\/\" aria-label=\"cintillo-arrin-cual\"><img loading=\"lazy\" decoding=\"async\" src=\"https:\/\/elmetropolitano.com.gt\/es\/wp-content\/uploads\/2021\/11\/cintillo-arrin-cual-1.jpg\" alt=\"\"  srcset=\"https:\/\/elmetropolitano.com.gt\/es\/wp-content\/uploads\/2021\/11\/cintillo-arrin-cual-1.jpg 750w, https:\/\/elmetropolitano.com.gt\/es\/wp-content\/uploads\/2021\/11\/cintillo-arrin-cual-1-300x36.jpg 300w, https:\/\/elmetropolitano.com.gt\/es\/wp-content\/uploads\/2021\/11\/cintillo-arrin-cual-1-600x72.jpg 600w\" sizes=\"(max-width: 750px) 100vw, 750px\" width=\"750\" height=\"90\"   \/><\/a><\/div><\/div>\n\n\n\n<p>Los esfuerzos y aportes del MP giran en torno a contribuir a que los ciudadanos puedan ejercer su derecho al voto en un ambiente democr\u00e1tico y en paz.<\/p>\n\n\n\n<p>Esto en cumplimiento de su mandato constitucional que lo define como una instituci\u00f3n auxiliar de la administraci\u00f3n de justicia con funciones aut\u00f3nomas.<\/p>\n\n\n\n<p>Adem\u00e1s de que entre sus fines principales est\u00e1 velar por el estricto cumplimiento de las leyes del pa\u00eds.<\/p>\n\n\n\n<p>Comit\u00e9 Petit de Vigilancia<\/p>\n\n\n\n<p>Institucional del MP<\/p>\n\n\n\n<p>Este comit\u00e9 cuenta con un equipo multidisciplinario, el cual estar\u00e1 garantizando el cumplimiento de las normativas y procedimientos establecidos en el marco de las elecciones generales.<\/p>\n\n\n\n<p>Adem\u00e1s, estar\u00e1 en disposici\u00f3n antes, durante y despu\u00e9s del evento electoral.<\/p>\n\n\n\n<p>Esto con el fin de dar el acompa\u00f1amiento a todo el personal fiscal para garantizar el abordaje adecuado ante cualquier eventualidad que pueda suceder.<\/p>\n\n\n\n<p>En la actividad tambi\u00e9n se indicaron las instrucciones generales de actuaci\u00f3n por parte de todo el personal fiscal que cubrir\u00e1 los centros de votaci\u00f3n y las sedes de las fiscal\u00edas a nivel nacional.<\/p>\n\n\n\n<p>Tambi\u00e9n informaci\u00f3n importante del personal de la Direcci\u00f3n de Investigaciones Criminales que ser\u00e1n asignadas a las fiscal\u00edas de distrito y municipales.<\/p>\n\n\n\n<p>El MP contar\u00e1 con personal fiscal en los 340 municipios del pa\u00eds, quienes supervisar\u00e1n los 3 mil 478 centros de votaci\u00f3n.<\/p>\n\n\n\n<p>Relaciones interinstitucionales<\/p>\n\n\n\n<p>En esta ocasi\u00f3n, el MP, junto al Ministerio de Gobernaci\u00f3n y Ministerio de la Defensa Nacional, a trav\u00e9s de una mesa t\u00e9cnica interinstitucional, trabajaron para unificar los respectivos planes de acci\u00f3n.<\/p>\n\n\n\n<p>Este plan fue presentado a los magistrados del Tribunal Supremo Electoral (TSE).<\/p>\n\n\n\n<p>Estas instituciones hacen un esfuerzo de coordinaci\u00f3n para apoyar al TSE en el proceso electoral.<\/p>\n\n\n\n<p>Llamado<\/p>\n\n\n\n<p>El MP pone a disposici\u00f3n el tel\u00e9fono 2411-8444 y la aplicaci\u00f3n m\u00f3vil reportes electorales, ambos para denunciar posibles delitos electorales.<\/p>\n\n\n\n<p>Texto: Kelvin Castillo<\/p>\n\n\n\n<p><\/p>\n","protected":false},"excerpt":{"rendered":"<p>El Ministerio P\u00fablico (MP) present\u00f3 el plan operativo en el marco de las elecciones generales 2023 en Guatemala. El MP, a trav\u00e9s de una conferencia de prensa con sus autoridades, present\u00f3 su plan que constituye la gu\u00eda del actuar institucional para el proceso electoral. Los esfuerzos y aportes del MP giran en torno a contribuir <a class=\"read-more\" href=\"https:\/\/elmetropolitano.com.gt\/es\/presentan-plan-operativo-para-las-elecciones-generales-2023\/\">Leer m\u00e1s<\/a><\/p>\n","protected":false},"author":1,"featured_media":67831,"comment_status":"open","ping_status":"closed","sticky":false,"template":"","format":"standard","meta":{"footnotes":""},"categories":[2],"tags":[12],"class_list":["post-67830","post","type-post","status-publish","format-standard","has-post-thumbnail","hentry","category-nacionales","tag-nacionales"],"_links":{"self":[{"href":"https:\/\/elmetropolitano.com.gt\/es\/wp-json\/wp\/v2\/posts\/67830","targetHints":{"allow":["GET"]}}],"collection":[{"href":"https:\/\/elmetropolitano.com.gt\/es\/wp-json\/wp\/v2\/posts"}],"about":[{"href":"https:\/\/elmetropolitano.com.gt\/es\/wp-json\/wp\/v2\/types\/post"}],"author":[{"embeddable":true,"href":"https:\/\/elmetropolitano.com.gt\/es\/wp-json\/wp\/v2\/users\/1"}],"replies":[{"embeddable":true,"href":"https:\/\/elmetropolitano.com.gt\/es\/wp-json\/wp\/v2\/comments?post=67830"}],"version-history":[{"count":1,"href":"https:\/\/elmetropolitano.com.gt\/es\/wp-json\/wp\/v2\/posts\/67830\/revisions"}],"predecessor-version":[{"id":67832,"href":"https:\/\/elmetropolitano.com.gt\/es\/wp-json\/wp\/v2\/posts\/67830\/revisions\/67832"}],"wp:featuredmedia":[{"embeddable":true,"href":"https:\/\/elmetropolitano.com.gt\/es\/wp-json\/wp\/v2\/media\/67831"}],"wp:attachment":[{"href":"https:\/\/elmetropolitano.com.gt\/es\/wp-json\/wp\/v2\/media?parent=67830"}],"wp:term":[{"taxonomy":"category","embeddable":true,"href":"https:\/\/elmetropolitano.com.gt\/es\/wp-json\/wp\/v2\/categories?post=67830"},{"taxonomy":"post_tag","embeddable":true,"href":"https:\/\/elmetropolitano.com.gt\/es\/wp-json\/wp\/v2\/tags?post=67830"}],"curies":[{"name":"wp","href":"https:\/\/api.w.org\/{rel}","templated":true}]}}