{"id":68050,"date":"2023-06-20T09:38:15","date_gmt":"2023-06-20T15:38:15","guid":{"rendered":"https:\/\/elmetropolitano.com.gt\/es\/?p=68050"},"modified":"2023-06-20T09:38:59","modified_gmt":"2023-06-20T15:38:59","slug":"justin-quiles-y-ryan-castro-anuncia-fecha-en-guatemala","status":"publish","type":"post","link":"https:\/\/elmetropolitano.com.gt\/es\/justin-quiles-y-ryan-castro-anuncia-fecha-en-guatemala\/","title":{"rendered":"Justin Quiles y Ryan Castro anuncia fecha en Guatemala"},"content":{"rendered":"\n<p>MastereTicket y G4 Marketing anuncian la llegada del concierto de dos exponentes importantes del reguet\u00f3n: Justin Quiles y Ryan Castro, quienes visitar\u00e1n por primera vez Guatemala el pr\u00f3ximo 26 de agosto y har\u00e1n vibrar Explanada 5, antiguo Estadio del Ejercito en zona 5.<\/p>\n\n\n\n<p>El <a><\/a>concierto abrir\u00e1 sus puertas desde las 6:00 pm para 10,000 fans que disfrutar\u00e1n \u00e9xitos como \u201cMedallo\u201d, \u201cLoco\u201d, \u201cBellaquita\u201d, \u201cColor\u00edn Colorado\u201d, \u201cJordan\u201d, \u201cWasa wasa\u201d, \u201cMujeriego\u201d, \u201cMonastery\u201d entre otras.<\/p><div class=\"elmet-contenido\" id=\"elmet-2508432600\"><div class=\"elmet-adlabel\">Anuncios<\/div><div style=\"margin-top: 20px;margin-right: 20px;margin-bottom: 20px;margin-left: 20px;\" id=\"elmet-3182205126\"><a href=\"https:\/\/www.facebook.com\/arrincuanantigua\/\" aria-label=\"cintillo-arrin-cual\"><img loading=\"lazy\" decoding=\"async\" src=\"https:\/\/elmetropolitano.com.gt\/es\/wp-content\/uploads\/2021\/11\/cintillo-arrin-cual-1.jpg\" alt=\"\"  srcset=\"https:\/\/elmetropolitano.com.gt\/es\/wp-content\/uploads\/2021\/11\/cintillo-arrin-cual-1.jpg 750w, https:\/\/elmetropolitano.com.gt\/es\/wp-content\/uploads\/2021\/11\/cintillo-arrin-cual-1-300x36.jpg 300w, https:\/\/elmetropolitano.com.gt\/es\/wp-content\/uploads\/2021\/11\/cintillo-arrin-cual-1-600x72.jpg 600w\" sizes=\"(max-width: 750px) 100vw, 750px\" width=\"750\" height=\"90\"   \/><\/a><\/div><\/div>\n\n\n\n<p>\u201cTraemos un show incre\u00edble para todos los amantes del reguet\u00f3n, quienes sin lugar a duda cantar\u00e1n a todo pulm\u00f3n y bailar\u00e1n hasta m\u00e1s no poder, por ello los invitamos a que aprovechen a comprar su entrada desde ya\u201d, expres\u00f3 Ra\u00fal S\u00e1nchez CEO de MastereTicket.<\/p>\n\n\n\n<p>Las entradas se pueden adquirir desde hoy en <a href=\"https:\/\/l.facebook.com\/l.php?u=https%3A%2F%2Fmastereticket.com%2F%3Ffbclid%3DIwAR1rYPoB6LOJMaoj5cq6kQz7KVWDZy5eGotqshlPFsF9S68xrkgM2DlUd5c&amp;h=AT31L9lX9Kzs0x1-r5XmoYiVEDqUF3y4-9X217NU_MZlW4sGVagCA9uRZOdcUkrQWmYc7vAOT6bOeMJJJj4j2m0hn8zY055bHB9HbbPCEiIsceIcZSc5L695Y7_VICfN1a5QbyZinyOSX_PeefBm&amp;__tn__=-UK-R&amp;c[0]=AT1VxF3zhQlukagb5jrRw-bDCa48d_vYlTLrIVOWvazu5sQySnCXpZO2LHXx2jPk9LMtEoHnk2UY2qyi3SqgXo5BtoQDZNf1r20qkvAI2mi4ZMd_Qe3w1rxOhVdBm-3M_hF1DoaoJFV4sbbLHwB86R01ouZ1jaon6R53niGvufI73TgkZJo3-i54Yh1lmBCu3fbGwTHUsP5L\" rel=\"noreferrer noopener\" target=\"_blank\">https:\/\/mastereticket.com\/<\/a> y los precios de las localidades que ya incluyen el fee por entrada son:<\/p>\n\n\n\n<p>\u2022 Marbella \u200b Q.1,200.00<\/p>\n\n\n\n<p>\u2022 Esquina del Mall\u200b Q.1,000.00<\/p>\n\n\n\n<p>\u2022 Medallo \u200b\u200b Q.750.00<\/p>\n\n\n\n<p>\u2022 VIP de pie \u200b\u200b Q.600.00 \u200b<\/p>\n\n\n\n<p>\u2022 General de pie Q.450.00<\/p>\n\n\n\n<p>\u2022 Grader\u00edo Q.350.00<\/p>\n\n\n\n<p>Justin Rafael Quiles Rivera \u200btambi\u00e9n conocido como J Quiles, es un cantante y compositor estadounidense de ascendencia puertorrique\u00f1a, quien ha colaborado con artistas internacionales como Becky G, Manuel Turizo, Daddy Yankee, J Balvin, El Alfa, Farruko, Maluma, Zion &amp; Lennox, Natti Natasha, Lenny Tav\u00e1rez, entre otros.<\/p>\n\n\n\n<p>Ryan Castro, el cantante del ghetto y compositor colombiano del g\u00e9nero urbano, inici\u00f3 su carrera en el a\u00f1o 2017 y desde entonces ha cosechado \u00e9xito tras \u00e9xito. Tal es el caso del lanzamiento de la canci\u00f3n \u201cJordan\u201d que el a\u00f1o pasado se hizo viral gracias a TikTok y super\u00f3 las 198 millones de reproducciones en Youtube en solo un mes.<\/p>\n\n\n\n<p>\u201cPor parte del talento chap\u00edn participar\u00e1n la cantautora Dovella y el representante del g\u00e9nero urbano Tayl G, quienes estar\u00e1n a cargo de encender los motores del concierto\u201d, agreg\u00f3 Ra\u00fal S\u00e1nchez CEO de MastereTicket.<\/p>\n\n\n\n<p>Este concierto se realizar\u00e1 gracias al patrocinio de Cervecer\u00eda Centro Americana, Coca Cola, Digital Cash, GPO Vallas, Cloud, W Tours, CFS Corredores de Seguros, GH CLAR y BC Management.<\/p>\n\n\n\n<figure class=\"wp-block-gallery has-nested-images columns-default is-cropped wp-block-gallery-1 is-layout-flex wp-block-gallery-is-layout-flex\">\n<figure class=\"wp-block-image size-large\"><img loading=\"lazy\" decoding=\"async\" width=\"623\" height=\"1024\" data-id=\"68052\" src=\"https:\/\/elmetropolitano.com.gt\/es\/wp-content\/uploads\/2023\/06\/348598045_725571292902290_8429536497075780745_n-1-623x1024.jpg\" alt=\"\" class=\"wp-image-68052\" srcset=\"https:\/\/elmetropolitano.com.gt\/es\/wp-content\/uploads\/2023\/06\/348598045_725571292902290_8429536497075780745_n-1-623x1024.jpg 623w, https:\/\/elmetropolitano.com.gt\/es\/wp-content\/uploads\/2023\/06\/348598045_725571292902290_8429536497075780745_n-1-182x300.jpg 182w, https:\/\/elmetropolitano.com.gt\/es\/wp-content\/uploads\/2023\/06\/348598045_725571292902290_8429536497075780745_n-1-768x1263.jpg 768w, https:\/\/elmetropolitano.com.gt\/es\/wp-content\/uploads\/2023\/06\/348598045_725571292902290_8429536497075780745_n-1-600x987.jpg 600w, https:\/\/elmetropolitano.com.gt\/es\/wp-content\/uploads\/2023\/06\/348598045_725571292902290_8429536497075780745_n-1.jpg 895w\" sizes=\"auto, (max-width: 623px) 100vw, 623px\" \/><\/figure>\n\n\n\n<figure class=\"wp-block-image size-large\"><img loading=\"lazy\" decoding=\"async\" width=\"1001\" height=\"959\" data-id=\"68053\" src=\"https:\/\/elmetropolitano.com.gt\/es\/wp-content\/uploads\/2023\/06\/355120031_725571299568956_3895943448354312514_n.jpg\" alt=\"\" class=\"wp-image-68053\" srcset=\"https:\/\/elmetropolitano.com.gt\/es\/wp-content\/uploads\/2023\/06\/355120031_725571299568956_3895943448354312514_n.jpg 1001w, https:\/\/elmetropolitano.com.gt\/es\/wp-content\/uploads\/2023\/06\/355120031_725571299568956_3895943448354312514_n-300x287.jpg 300w, https:\/\/elmetropolitano.com.gt\/es\/wp-content\/uploads\/2023\/06\/355120031_725571299568956_3895943448354312514_n-768x736.jpg 768w, https:\/\/elmetropolitano.com.gt\/es\/wp-content\/uploads\/2023\/06\/355120031_725571299568956_3895943448354312514_n-600x575.jpg 600w\" sizes=\"auto, (max-width: 1001px) 100vw, 1001px\" \/><\/figure>\n<\/figure>\n","protected":false},"excerpt":{"rendered":"<p>MastereTicket y G4 Marketing anuncian la llegada del concierto de dos exponentes importantes del reguet\u00f3n: Justin Quiles y Ryan Castro, quienes visitar\u00e1n por primera vez Guatemala el pr\u00f3ximo 26 de agosto y har\u00e1n vibrar Explanada 5, antiguo Estadio del Ejercito en zona 5. El concierto abrir\u00e1 sus puertas desde las 6:00 pm para 10,000 fans <a class=\"read-more\" href=\"https:\/\/elmetropolitano.com.gt\/es\/justin-quiles-y-ryan-castro-anuncia-fecha-en-guatemala\/\">Leer m\u00e1s<\/a><\/p>\n","protected":false},"author":1,"featured_media":68051,"comment_status":"open","ping_status":"closed","sticky":false,"template":"","format":"standard","meta":{"footnotes":""},"categories":[22],"tags":[18],"class_list":["post-68050","post","type-post","status-publish","format-standard","has-post-thumbnail","hentry","category-espectaculos","tag-espectaculos"],"_links":{"self":[{"href":"https:\/\/elmetropolitano.com.gt\/es\/wp-json\/wp\/v2\/posts\/68050","targetHints":{"allow":["GET"]}}],"collection":[{"href":"https:\/\/elmetropolitano.com.gt\/es\/wp-json\/wp\/v2\/posts"}],"about":[{"href":"https:\/\/elmetropolitano.com.gt\/es\/wp-json\/wp\/v2\/types\/post"}],"author":[{"embeddable":true,"href":"https:\/\/elmetropolitano.com.gt\/es\/wp-json\/wp\/v2\/users\/1"}],"replies":[{"embeddable":true,"href":"https:\/\/elmetropolitano.com.gt\/es\/wp-json\/wp\/v2\/comments?post=68050"}],"version-history":[{"count":1,"href":"https:\/\/elmetropolitano.com.gt\/es\/wp-json\/wp\/v2\/posts\/68050\/revisions"}],"predecessor-version":[{"id":68054,"href":"https:\/\/elmetropolitano.com.gt\/es\/wp-json\/wp\/v2\/posts\/68050\/revisions\/68054"}],"wp:featuredmedia":[{"embeddable":true,"href":"https:\/\/elmetropolitano.com.gt\/es\/wp-json\/wp\/v2\/media\/68051"}],"wp:attachment":[{"href":"https:\/\/elmetropolitano.com.gt\/es\/wp-json\/wp\/v2\/media?parent=68050"}],"wp:term":[{"taxonomy":"category","embeddable":true,"href":"https:\/\/elmetropolitano.com.gt\/es\/wp-json\/wp\/v2\/categories?post=68050"},{"taxonomy":"post_tag","embeddable":true,"href":"https:\/\/elmetropolitano.com.gt\/es\/wp-json\/wp\/v2\/tags?post=68050"}],"curies":[{"name":"wp","href":"https:\/\/api.w.org\/{rel}","templated":true}]}}