{"id":68055,"date":"2023-06-20T14:40:24","date_gmt":"2023-06-20T20:40:24","guid":{"rendered":"https:\/\/elmetropolitano.com.gt\/es\/?p=68055"},"modified":"2023-06-20T14:40:25","modified_gmt":"2023-06-20T20:40:25","slug":"canela-denuncia-campana-negra","status":"publish","type":"post","link":"https:\/\/elmetropolitano.com.gt\/es\/canela-denuncia-campana-negra\/","title":{"rendered":"Canela denuncia campa\u00f1a negra"},"content":{"rendered":"\n<p>El candidato a alcalde de la ciudad capital del Partido CREO Roberto Gonz\u00e1lez m\u00e1s conocido como \u201cCanela\u201d denunci\u00f3 este martes una campa\u00f1a negra y se\u00f1alo de la misma al actual alcalde Ricardo Qui\u00f1onez.<\/p>\n\n\n\n<p>\u201cLos que van a perder han empezado una guerra sucia en mi contra. Est\u00e1n desesperados porque van abajo en las encuestas\u201d, denuncia Canela en sus redes sociales.<\/p><div class=\"elmet-contenido\" id=\"elmet-1160083995\"><div class=\"elmet-adlabel\">Anuncios<\/div><div style=\"margin-top: 20px;margin-right: 20px;margin-bottom: 20px;margin-left: 20px;\" id=\"elmet-2417015889\"><a href=\"https:\/\/www.facebook.com\/arrincuanantigua\/\" aria-label=\"cintillo-arrin-cual\"><img loading=\"lazy\" decoding=\"async\" src=\"https:\/\/elmetropolitano.com.gt\/es\/wp-content\/uploads\/2021\/11\/cintillo-arrin-cual-1.jpg\" alt=\"\"  srcset=\"https:\/\/elmetropolitano.com.gt\/es\/wp-content\/uploads\/2021\/11\/cintillo-arrin-cual-1.jpg 750w, https:\/\/elmetropolitano.com.gt\/es\/wp-content\/uploads\/2021\/11\/cintillo-arrin-cual-1-300x36.jpg 300w, https:\/\/elmetropolitano.com.gt\/es\/wp-content\/uploads\/2021\/11\/cintillo-arrin-cual-1-600x72.jpg 600w\" sizes=\"(max-width: 750px) 100vw, 750px\" width=\"750\" height=\"90\"   \/><\/a><\/div><\/div>\n\n\n\n<p>\u201cNo tienen temor a Dios y no les importa romper la ley. En estos \u00faltimos d\u00edas van a difamar, mentir e inventar todo tipo de noticias contra mi familia y equipo. No te dejes enga\u00f1ar, seguir\u00e1n gastando nuestros impuestos en campa\u00f1as negras\u201d, resalt\u00f3 Canela.<\/p>\n\n\n\n<p>Termina su mensaje expresado que \u201cel domingo vamos a ganar. \u00a1YA SE VAN!\u201d<\/p>\n\n\n\n<p><a href=\"https:\/\/www.facebook.com\/hashtag\/eleccionesgt2023?__eep__=6&amp;__cft__[0]=AZUNQ3_iCHECWLvY34KBx4eDKo1QMVuS-kU8GIQYlf2GcEfcf4JbTAYNB3NGecGvuPM8M1FBMozd1PMMfcciHa8PsmnXwfhM5_Et4gcALUT30rzwxmyYVMQeOXDCrHJoIszekFTKLOBUfXIna_eFEaAAmX8z3KPmCb4ey7xfOa5WnJCjYI9wzblKgHcIm0943A0&amp;__tn__=*NK-R\">#EleccionesGT2023<\/a><a href=\"https:\/\/www.facebook.com\/hashtag\/yovoto?__eep__=6&amp;__cft__[0]=AZUNQ3_iCHECWLvY34KBx4eDKo1QMVuS-kU8GIQYlf2GcEfcf4JbTAYNB3NGecGvuPM8M1FBMozd1PMMfcciHa8PsmnXwfhM5_Et4gcALUT30rzwxmyYVMQeOXDCrHJoIszekFTKLOBUfXIna_eFEaAAmX8z3KPmCb4ey7xfOa5WnJCjYI9wzblKgHcIm0943A0&amp;__tn__=*NK-R\">#YoVoto<\/a><\/p>\n\n\n\n<figure class=\"wp-block-gallery has-nested-images columns-default is-cropped wp-block-gallery-1 is-layout-flex wp-block-gallery-is-layout-flex\">\n<figure class=\"wp-block-image size-large\"><img loading=\"lazy\" decoding=\"async\" width=\"898\" height=\"1024\" data-id=\"68057\" src=\"https:\/\/elmetropolitano.com.gt\/es\/wp-content\/uploads\/2023\/06\/355611940_725771499548936_4085520005118279915_n-1-898x1024.jpg\" alt=\"\" class=\"wp-image-68057\" srcset=\"https:\/\/elmetropolitano.com.gt\/es\/wp-content\/uploads\/2023\/06\/355611940_725771499548936_4085520005118279915_n-1-898x1024.jpg 898w, https:\/\/elmetropolitano.com.gt\/es\/wp-content\/uploads\/2023\/06\/355611940_725771499548936_4085520005118279915_n-1-263x300.jpg 263w, https:\/\/elmetropolitano.com.gt\/es\/wp-content\/uploads\/2023\/06\/355611940_725771499548936_4085520005118279915_n-1-768x876.jpg 768w, https:\/\/elmetropolitano.com.gt\/es\/wp-content\/uploads\/2023\/06\/355611940_725771499548936_4085520005118279915_n-1-600x684.jpg 600w, https:\/\/elmetropolitano.com.gt\/es\/wp-content\/uploads\/2023\/06\/355611940_725771499548936_4085520005118279915_n-1.jpg 1024w\" sizes=\"auto, (max-width: 898px) 100vw, 898px\" \/><\/figure>\n<\/figure>\n","protected":false},"excerpt":{"rendered":"<p>El candidato a alcalde de la ciudad capital del Partido CREO Roberto Gonz\u00e1lez m\u00e1s conocido como \u201cCanela\u201d denunci\u00f3 este martes una campa\u00f1a negra y se\u00f1alo de la misma al actual alcalde Ricardo Qui\u00f1onez. \u201cLos que van a perder han empezado una guerra sucia en mi contra. Est\u00e1n desesperados porque van abajo en las encuestas\u201d, denuncia <a class=\"read-more\" href=\"https:\/\/elmetropolitano.com.gt\/es\/canela-denuncia-campana-negra\/\">Leer m\u00e1s<\/a><\/p>\n","protected":false},"author":1,"featured_media":68056,"comment_status":"open","ping_status":"closed","sticky":false,"template":"","format":"standard","meta":{"footnotes":""},"categories":[97],"tags":[98],"class_list":["post-68055","post","type-post","status-publish","format-standard","has-post-thumbnail","hentry","category-politica","tag-politica"],"_links":{"self":[{"href":"https:\/\/elmetropolitano.com.gt\/es\/wp-json\/wp\/v2\/posts\/68055","targetHints":{"allow":["GET"]}}],"collection":[{"href":"https:\/\/elmetropolitano.com.gt\/es\/wp-json\/wp\/v2\/posts"}],"about":[{"href":"https:\/\/elmetropolitano.com.gt\/es\/wp-json\/wp\/v2\/types\/post"}],"author":[{"embeddable":true,"href":"https:\/\/elmetropolitano.com.gt\/es\/wp-json\/wp\/v2\/users\/1"}],"replies":[{"embeddable":true,"href":"https:\/\/elmetropolitano.com.gt\/es\/wp-json\/wp\/v2\/comments?post=68055"}],"version-history":[{"count":1,"href":"https:\/\/elmetropolitano.com.gt\/es\/wp-json\/wp\/v2\/posts\/68055\/revisions"}],"predecessor-version":[{"id":68058,"href":"https:\/\/elmetropolitano.com.gt\/es\/wp-json\/wp\/v2\/posts\/68055\/revisions\/68058"}],"wp:featuredmedia":[{"embeddable":true,"href":"https:\/\/elmetropolitano.com.gt\/es\/wp-json\/wp\/v2\/media\/68056"}],"wp:attachment":[{"href":"https:\/\/elmetropolitano.com.gt\/es\/wp-json\/wp\/v2\/media?parent=68055"}],"wp:term":[{"taxonomy":"category","embeddable":true,"href":"https:\/\/elmetropolitano.com.gt\/es\/wp-json\/wp\/v2\/categories?post=68055"},{"taxonomy":"post_tag","embeddable":true,"href":"https:\/\/elmetropolitano.com.gt\/es\/wp-json\/wp\/v2\/tags?post=68055"}],"curies":[{"name":"wp","href":"https:\/\/api.w.org\/{rel}","templated":true}]}}