{"id":68068,"date":"2023-06-21T08:35:33","date_gmt":"2023-06-21T14:35:33","guid":{"rendered":"https:\/\/elmetropolitano.com.gt\/es\/?p=68068"},"modified":"2023-06-21T08:35:36","modified_gmt":"2023-06-21T14:35:36","slug":"guatemala-se-bana-en-oro-gracias-a-rafael-ovalle","status":"publish","type":"post","link":"https:\/\/elmetropolitano.com.gt\/es\/guatemala-se-bana-en-oro-gracias-a-rafael-ovalle\/","title":{"rendered":"Guatemala se ba\u00f1a en oro gracias a Rafael Ovalle"},"content":{"rendered":"\n<p>Una vez m\u00e1s el Quetzal se posa en lo m\u00e1s alto del podio. Los Juegos Mundiales de Olimpiadas Especiales fueron testigos de c\u00f3mo Rafael Ovalle se consagr\u00f3 como campe\u00f3n en dressage.<\/p>\n\n\n\n<p><a><\/a>Ovalle mont\u00f3 a Acopiara para lograr la victoria en dressage en el Reitclub am OlympiaPark (Club Ecuestre en el Parque Ol\u00edmpico) de Berl\u00edn. La prueba se desarroll\u00f3 durante la madrugada de Guatemala del martes 20 de junio (cerca del mediod\u00eda de Berl\u00edn).<\/p><div class=\"elmet-contenido\" id=\"elmet-2557441385\"><div class=\"elmet-adlabel\">Anuncios<\/div><div style=\"margin-top: 20px;margin-right: 20px;margin-bottom: 20px;margin-left: 20px;\" id=\"elmet-393846952\"><a href=\"https:\/\/www.facebook.com\/arrincuanantigua\/\" aria-label=\"cintillo-arrin-cual\"><img loading=\"lazy\" decoding=\"async\" src=\"https:\/\/elmetropolitano.com.gt\/es\/wp-content\/uploads\/2021\/11\/cintillo-arrin-cual-1.jpg\" alt=\"\"  srcset=\"https:\/\/elmetropolitano.com.gt\/es\/wp-content\/uploads\/2021\/11\/cintillo-arrin-cual-1.jpg 750w, https:\/\/elmetropolitano.com.gt\/es\/wp-content\/uploads\/2021\/11\/cintillo-arrin-cual-1-300x36.jpg 300w, https:\/\/elmetropolitano.com.gt\/es\/wp-content\/uploads\/2021\/11\/cintillo-arrin-cual-1-600x72.jpg 600w\" sizes=\"(max-width: 750px) 100vw, 750px\" width=\"750\" height=\"90\"   \/><\/a><\/div><\/div>\n\n\n\n<p>De esta manera, Rafa suma su quinta presea en los Juegos Mundiales, convirti\u00e9ndose en el atleta guatemalteco con mayor cantidad de medallas en los Juegos Mundiales de Olimpiadas Especiales.<\/p>\n\n\n\n<p>Oro Berl\u00edn 2023 \u2013 Dressage<\/p>\n\n\n\n<p>Oro Abu Dabi 2019 \u2013 Working Trails<\/p>\n\n\n\n<p>Plata x2 Abu Dabi 2019 \u2013 salto y adiestramiento<\/p>\n\n\n\n<p>Bronce Los \u00c1ngeles 2015 \u2013 Working Trails<\/p>\n\n\n\n<p>M\u00e1s medallas<\/p>\n\n\n\n<p>Guatemala, aparte de la medalla de Rafael Ovalle, ha logrado conquistar las siguientes preseas:<\/p>\n\n\n\n<p>Diana Mendiz\u00e1bal \u2013 dos oros y una medalla de plata en gimnasia r\u00edtmica<\/p>\n\n\n\n<p>Alejandra Sol\u00f3rzano \u2013 medalla de plata en gimnasia r\u00edtmica<\/p>\n\n\n\n<p>equipo unificado \u2013 medalla de oro en boliche<\/p>\n\n\n\n<p>Participaci\u00f3n de Guatemala<\/p>\n\n\n\n<p>La delegaci\u00f3n guatemalteca est\u00e1 conformada por 26 atletas, 9 compa\u00f1eros unificados (CU), 8 entrenadores, 3 asistentes, 2 jefes de delegaci\u00f3n y 1 m\u00e9dico.<\/p>\n\n\n\n<p>jefa de delegaci\u00f3n: Yaeko Cifuentes<\/p>\n\n\n\n<p>subjefa de delegaci\u00f3n: Sof\u00eda Quintana<\/p>\n\n\n\n<p>asistentes: Xavier Berr\u00edos y Jaime Marchorro<\/p>\n\n\n\n<p>m\u00e9dico: Virginia Rosales<\/p>\n\n\n\n<p>Los chapines estar\u00e1n disputando 9 deportes:<\/p>\n\n\n\n<p>Gimnasia r\u00edtmica<\/p>\n\n\n\n<p>Alejandra Sol\u00f3rzano<\/p>\n\n\n\n<p>Diana Mendiz\u00e1bal<\/p>\n\n\n\n<p>entrenadora: Alejandra Ram\u00edrez<\/p>\n\n\n\n<p>Equitaci\u00f3n<\/p>\n\n\n\n<p>Melissa de Le\u00f3n<\/p>\n\n\n\n<p>Rafael Ovalle<\/p>\n\n\n\n<p>entrenadora: Ma. Alejandra Rivera<\/p>\n\n\n\n<p>Atletismo<\/p>\n\n\n\n<p>Johana Mung\u00eda (Jalapa)<\/p>\n\n\n\n<p>Jose Miguel Toscano (Escuintla)<\/p>\n\n\n\n<p>entrenadora: Olga Chan<\/p>\n\n\n\n<p>Golf<\/p>\n\n\n\n<p>Ted Kim<\/p>\n\n\n\n<p>Juan Marco M\u00e9rida (CU)<\/p>\n\n\n\n<p>entrenador: Natanael Ch\u00e1vez<\/p>\n\n\n\n<p>Boliche<\/p>\n\n\n\n<p>Ericka Fonseca<\/p>\n\n\n\n<p>Jimena Gir\u00f3n (CU)<\/p>\n\n\n\n<p>Kenneth L\u00f3pez<\/p>\n\n\n\n<p>Giordano Bargeles (CU)<\/p>\n\n\n\n<p>entrenador: Wagner L\u00f3pez<\/p>\n\n\n\n<p>B\u00e1dminton<\/p>\n\n\n\n<p>Odette Cobos<\/p>\n\n\n\n<p>Valentina Ferguharson (CU)<\/p>\n\n\n\n<p>Josue Rosales<\/p>\n\n\n\n<p>Felipe Arriola (CU)<\/p>\n\n\n\n<p>entrenador: Pablo Natareno<\/p>\n\n\n\n<p>Nataci\u00f3n<\/p>\n\n\n\n<p>Octavio Lone (Pet\u00e9n)<\/p>\n\n\n\n<p>Maryorie Cienfuegos (Pet\u00e9n)<\/p>\n\n\n\n<p>Odir Enr\u00edquez (Escuintla)<\/p>\n\n\n\n<p>Ana Mar\u00eda Mart\u00ednez<\/p>\n\n\n\n<p>Entrenadora: Karla Bonilla<\/p>\n\n\n\n<p>Triatl\u00f3n \/ (17-23 mayo, en Eslovaquia)<\/p>\n\n\n\n<p>Daniel Guerra<\/p>\n\n\n\n<p>Jos\u00e9 Sajquim (Quetzaltenango)<\/p>\n\n\n\n<p>Luis Ram\u00edrez (Chiquimula)<\/p>\n\n\n\n<p>entrenadora: Karla Bonilla<\/p>\n\n\n\n<p>Futsal femenino<\/p>\n\n\n\n<p>Adriana Ram\u00edrez<\/p>\n\n\n\n<p>Emelin Alarc\u00f3n<\/p>\n\n\n\n<p>Daniela Madrid<\/p>\n\n\n\n<p>Katherine Ruiz<\/p>\n\n\n\n<p>Daroulin \u00c1vila<\/p>\n\n\n\n<p>Sof\u00eda Ch\u00e1vez<\/p>\n\n\n\n<p>Keyla Pelen (CU)<\/p>\n\n\n\n<p>Eunice Ju\u00e1rez (CU)<\/p>\n\n\n\n<p>Susana Yum\u00e1n (CU)<\/p>\n\n\n\n<p>Diana Arias (CU)<\/p>\n\n\n\n<p>entrenadora: Mar\u00eda Fernanda Rossell<\/p>\n\n\n\n<p>Texto: Josu\u00e9 David Acevedo Rivas<\/p>\n\n\n\n<p><\/p>\n","protected":false},"excerpt":{"rendered":"<p>Una vez m\u00e1s el Quetzal se posa en lo m\u00e1s alto del podio. Los Juegos Mundiales de Olimpiadas Especiales fueron testigos de c\u00f3mo Rafael Ovalle se consagr\u00f3 como campe\u00f3n en dressage. Ovalle mont\u00f3 a Acopiara para lograr la victoria en dressage en el Reitclub am OlympiaPark (Club Ecuestre en el Parque Ol\u00edmpico) de Berl\u00edn. La <a class=\"read-more\" href=\"https:\/\/elmetropolitano.com.gt\/es\/guatemala-se-bana-en-oro-gracias-a-rafael-ovalle\/\">Leer m\u00e1s<\/a><\/p>\n","protected":false},"author":1,"featured_media":68069,"comment_status":"open","ping_status":"closed","sticky":false,"template":"","format":"standard","meta":{"footnotes":""},"categories":[97],"tags":[98],"class_list":["post-68068","post","type-post","status-publish","format-standard","has-post-thumbnail","hentry","category-politica","tag-politica"],"_links":{"self":[{"href":"https:\/\/elmetropolitano.com.gt\/es\/wp-json\/wp\/v2\/posts\/68068","targetHints":{"allow":["GET"]}}],"collection":[{"href":"https:\/\/elmetropolitano.com.gt\/es\/wp-json\/wp\/v2\/posts"}],"about":[{"href":"https:\/\/elmetropolitano.com.gt\/es\/wp-json\/wp\/v2\/types\/post"}],"author":[{"embeddable":true,"href":"https:\/\/elmetropolitano.com.gt\/es\/wp-json\/wp\/v2\/users\/1"}],"replies":[{"embeddable":true,"href":"https:\/\/elmetropolitano.com.gt\/es\/wp-json\/wp\/v2\/comments?post=68068"}],"version-history":[{"count":1,"href":"https:\/\/elmetropolitano.com.gt\/es\/wp-json\/wp\/v2\/posts\/68068\/revisions"}],"predecessor-version":[{"id":68070,"href":"https:\/\/elmetropolitano.com.gt\/es\/wp-json\/wp\/v2\/posts\/68068\/revisions\/68070"}],"wp:featuredmedia":[{"embeddable":true,"href":"https:\/\/elmetropolitano.com.gt\/es\/wp-json\/wp\/v2\/media\/68069"}],"wp:attachment":[{"href":"https:\/\/elmetropolitano.com.gt\/es\/wp-json\/wp\/v2\/media?parent=68068"}],"wp:term":[{"taxonomy":"category","embeddable":true,"href":"https:\/\/elmetropolitano.com.gt\/es\/wp-json\/wp\/v2\/categories?post=68068"},{"taxonomy":"post_tag","embeddable":true,"href":"https:\/\/elmetropolitano.com.gt\/es\/wp-json\/wp\/v2\/tags?post=68068"}],"curies":[{"name":"wp","href":"https:\/\/api.w.org\/{rel}","templated":true}]}}