{"id":68071,"date":"2023-06-21T08:37:37","date_gmt":"2023-06-21T14:37:37","guid":{"rendered":"https:\/\/elmetropolitano.com.gt\/es\/?p=68071"},"modified":"2023-06-21T08:37:39","modified_gmt":"2023-06-21T14:37:39","slug":"mario-mendez-montenegro-garantizamos-agua-potable-las-24-horas-los-365-dias-del-ano-para-la-capital-de-guatemala","status":"publish","type":"post","link":"https:\/\/elmetropolitano.com.gt\/es\/mario-mendez-montenegro-garantizamos-agua-potable-las-24-horas-los-365-dias-del-ano-para-la-capital-de-guatemala\/","title":{"rendered":"Mario M\u00e9ndez Montenegro: \u00abGarantizamos agua potable las 24 horas los 365 d\u00edas del a\u00f1o para la capital de Guatemala"},"content":{"rendered":"\n<p>El candidato a la alcald\u00eda de la Ciudad de Guatemala Mario M\u00e9ndez Montenegro del partido Vamos, indica que ya existen diagn\u00f3sticos de los problemas existentes en la ciudad y \u00e9l tiene una propuesta bien fundamentada y real en su Plan de Gobierno Municipal 2024-2028 para solucionarlos en favor de los capitalinos.<\/p>\n\n\n\n<p><a><\/a>Mario M\u00e9ndez Montenegro est\u00e1 convencido que ya es necesario un cambio en la Municipalidad de Guatemala que por m\u00e1s 30 a\u00f1os con los mismos no han solucionado los problemas. En sus giras por diferentes zonas capitalinas ha recibido denuncias por la falta de agua potable como uno de los problemas m\u00e1s agobiantes, por lo que plantea terminar con los escasez del vital l\u00edquido.<\/p><div class=\"elmet-contenido\" id=\"elmet-366132501\"><div class=\"elmet-adlabel\">Anuncios<\/div><div style=\"margin-top: 20px;margin-right: 20px;margin-bottom: 20px;margin-left: 20px;\" id=\"elmet-485029039\"><a href=\"https:\/\/www.facebook.com\/arrincuanantigua\/\" aria-label=\"cintillo-arrin-cual\"><img loading=\"lazy\" decoding=\"async\" src=\"https:\/\/elmetropolitano.com.gt\/es\/wp-content\/uploads\/2021\/11\/cintillo-arrin-cual-1.jpg\" alt=\"\"  srcset=\"https:\/\/elmetropolitano.com.gt\/es\/wp-content\/uploads\/2021\/11\/cintillo-arrin-cual-1.jpg 750w, https:\/\/elmetropolitano.com.gt\/es\/wp-content\/uploads\/2021\/11\/cintillo-arrin-cual-1-300x36.jpg 300w, https:\/\/elmetropolitano.com.gt\/es\/wp-content\/uploads\/2021\/11\/cintillo-arrin-cual-1-600x72.jpg 600w\" sizes=\"(max-width: 750px) 100vw, 750px\" width=\"750\" height=\"90\"   \/><\/a><\/div><\/div>\n\n\n\n<p>Esto lo lograr\u00eda al solucionar los problemas de fugas existentes, poner a funcionar al 100% las 5 plantas de tratamiento actuales ya que 2 no funcionan, construir 4 nuevas plantas de tratamiento de aguas negraas, nuevos pozos de absorci\u00f3n, pero lo revelador de su propuesta, es la construcci\u00f3n de 2 grandes reservorios de agua para captar agua de lluvia que tendr\u00edan cada uno el tama\u00f1o del Estadio Doroteo Guamuch Flores. Con esto, \u201cpodemos garantizar a la poblaci\u00f3n 24 horas del d\u00eda los 365 del a\u00f1o que pueden tener agua suficiente en todas las zonas de la ciudad de Guatemala\u201d, afirma Mario M\u00e9ndez Montenegro.<\/p>\n\n\n\n<p>Reducci\u00f3n del tr\u00e1fico en un 60%<\/p>\n\n\n\n<p>Otro problema que agobia a los capitalinos y habitantes de municipios aleda\u00f1os, es el trasporte p\u00fablico y por ende el tr\u00e1fico donde cada d\u00eda se pierden varias horas. El candidato del partido Vamos indica que actualmente solo hay 400 buses en servicio.<\/p>\n\n\n\n<p>M\u00e9ndez Montenegro explica que de llegar al Palacio de la Loba entrar\u00edan en funcionamiento 3,200 buses, apoyados por empresarios del trasporte. Se reforzar\u00e1 el servicio de Transmetro, ya que identificaron que de las 120 unidades tiradas en un predio se pueden rescatar 75 y se unir\u00edan otras 69 unidades que ya se compraron para el proyecto Tu Bus, con esto robustecemos con m\u00e1s unidades y al contar con m\u00e1s paradas se brindar\u00e1 un mejor servicio, asegura Mario M\u00e9ndez Montenegro. Pero su proyecto emblem\u00e1tico es el tren Neum\u00e1tico que atravesar\u00eda la ciudad en 45 minutos de Centra Norte a Centra Sur con capacidad para transportar 120 mil personas al d\u00eda. Este transporte ir\u00e1 elevado sobre la l\u00ednea f\u00e9rrea, para que sea m\u00e1s r\u00e1pido y porque las mismas se encuentran invadidas, recorrer\u00eda 23 kil\u00f3metros con varias estaciones, cubriendo las zonas 18, 1, 4, 8, 12 y 17, con esto se solucionar\u00eda el problema de trasporte, dice convencido.<\/p>\n\n\n\n<p>En relaci\u00f3n con el tr\u00e1fico, la propuesta m\u00e1s clara de M\u00e9ndez Montenegro son las calzadas elevadas, para esto ya tiene identificados 5 tramos por donde circular\u00edan cada d\u00eda de forma m\u00e1s r\u00e1pida 750 mil veh\u00edculos que desfogar\u00e1n el tr\u00e1fico y \u201ccalculamos que, trabajando el trasporte urbano, m\u00e1s las calzadas elevadas, estar\u00edamos reduciendo el tr\u00e1fico en un 60% de la ciudad de Guatemala\u201d, asegura.<\/p>\n\n\n\n<p>Prevenci\u00f3n para la Pac\u00edfica y Vivienda Digna<\/p>\n\n\n\n<p>Otros planes que el postulante a la comuna capitalina resalta y ya tienen establecido el financiamiento, es el Plan de Prevenci\u00f3n para la pac\u00edfica, donde apoyar\u00edan a la Polic\u00eda Nacional Civil alert\u00e1ndolos de diversos delitos, con un centro de monitoreo al instalar 5 mil postes inteligentes en puntos estrat\u00e9gicos de la ciudad, con c\u00e1maras de vigilancia, luces led, internet y botones de p\u00e1nico que tambi\u00e9n ayudar\u00eda a los bomberos a la hora de emergencias. De igual manera apoyar al capitalino al facilitarle acceso a vivienda digna, donde ya existe una ley para su implementaci\u00f3n y trabajar\u00edan con desarrolladores para construir m\u00f3dulos de apartamentos con mensualidades accesibles y personas que viven en zonas de riesgo podr\u00edan optar.<\/p>\n\n\n\n<p>Empresario de \u00c9xito<\/p>\n\n\n\n<p>Exitoso empresario con amplia experiencia en gesti\u00f3n p\u00fablica. Con maestr\u00eda en Administraci\u00f3n P\u00fablica y Ciencias Pol\u00edticas, Licenciaturas en Administraci\u00f3n p\u00fablica y Finanzas, en Administraci\u00f3n de Empresas con especializaci\u00f3n en Mercadeo y un t\u00e9cnico especializado en Comercio Internacional.<\/p>\n\n\n\n<p>EJES ESTRAT\u00c9GICOS DE SU PLAN DE GOBIERNO MUNICIPAL<\/p>\n\n\n\n<p>1.- Eje de Movilidad Urbana 2.- Eje Social y Desarrollo Integral 3.- Eje de Servicios P\u00fablicos y Municipales B\u00e1sicos 4.- Eje Econ\u00f3mico y Competitividad 5.- Eje de Gobierno Municipal 6.- Eje de Prevenci\u00f3n para la Convivencia pac\u00edfica.<\/p>\n\n\n\n<p>EJES TRANSVERSALES<\/p>\n\n\n\n<p>1.- Ordenamiento territorial, ambiente, cambio clim\u00e1tico, mitigaci\u00f3n de riesgo y vulnerabilidad<\/p>\n\n\n\n<p>2.- Finanzas Municipales<\/p>\n\n\n\n<p><a href=\"https:\/\/www.facebook.com\/hashtag\/eleccionesgt2023?__eep__=6&amp;__cft__[0]=AZXsnluIHYuaixeoJ1yAlYhW786_jnOsL44WgnevzS5HWLfL3RKFxr4J_cd-obEFnxZkiFovXb6Bc6v5aHKo27TDrh_9vMD-XU0r4TMes8xc8bCL6wjBJKliIcsxtjMiC-qfN99AkaiF5ORSLcnQVq2DaOyl0NHxhVahQMU-iNHWIWqPGWYfUduPFLilsEjhd_w&amp;__tn__=*NK-R\">#EleccionesGT2023<\/a><a href=\"https:\/\/www.facebook.com\/hashtag\/yovoto?__eep__=6&amp;__cft__[0]=AZXsnluIHYuaixeoJ1yAlYhW786_jnOsL44WgnevzS5HWLfL3RKFxr4J_cd-obEFnxZkiFovXb6Bc6v5aHKo27TDrh_9vMD-XU0r4TMes8xc8bCL6wjBJKliIcsxtjMiC-qfN99AkaiF5ORSLcnQVq2DaOyl0NHxhVahQMU-iNHWIWqPGWYfUduPFLilsEjhd_w&amp;__tn__=*NK-R\">#YoVoto<\/a><a href=\"https:\/\/www.facebook.com\/hashtag\/partidovamos?__eep__=6&amp;__cft__[0]=AZXsnluIHYuaixeoJ1yAlYhW786_jnOsL44WgnevzS5HWLfL3RKFxr4J_cd-obEFnxZkiFovXb6Bc6v5aHKo27TDrh_9vMD-XU0r4TMes8xc8bCL6wjBJKliIcsxtjMiC-qfN99AkaiF5ORSLcnQVq2DaOyl0NHxhVahQMU-iNHWIWqPGWYfUduPFLilsEjhd_w&amp;__tn__=*NK-R\">#PartidoVamos<\/a><\/p>\n\n\n\n<figure class=\"wp-block-gallery has-nested-images columns-default is-cropped wp-block-gallery-1 is-layout-flex wp-block-gallery-is-layout-flex\">\n<figure class=\"wp-block-image size-large\"><img loading=\"lazy\" decoding=\"async\" width=\"1024\" height=\"683\" data-id=\"68074\" src=\"https:\/\/elmetropolitano.com.gt\/es\/wp-content\/uploads\/2023\/06\/348714754_725855536207199_4391080385771045741_n.jpg\" alt=\"\" class=\"wp-image-68074\" srcset=\"https:\/\/elmetropolitano.com.gt\/es\/wp-content\/uploads\/2023\/06\/348714754_725855536207199_4391080385771045741_n.jpg 1024w, https:\/\/elmetropolitano.com.gt\/es\/wp-content\/uploads\/2023\/06\/348714754_725855536207199_4391080385771045741_n-300x200.jpg 300w, https:\/\/elmetropolitano.com.gt\/es\/wp-content\/uploads\/2023\/06\/348714754_725855536207199_4391080385771045741_n-768x512.jpg 768w, https:\/\/elmetropolitano.com.gt\/es\/wp-content\/uploads\/2023\/06\/348714754_725855536207199_4391080385771045741_n-600x400.jpg 600w\" sizes=\"auto, (max-width: 1024px) 100vw, 1024px\" \/><\/figure>\n\n\n\n<figure class=\"wp-block-image size-large\"><img loading=\"lazy\" decoding=\"async\" width=\"1024\" height=\"683\" data-id=\"68073\" src=\"https:\/\/elmetropolitano.com.gt\/es\/wp-content\/uploads\/2023\/06\/353425526_725855499540536_6796483803402504463_n.jpg\" alt=\"\" class=\"wp-image-68073\" srcset=\"https:\/\/elmetropolitano.com.gt\/es\/wp-content\/uploads\/2023\/06\/353425526_725855499540536_6796483803402504463_n.jpg 1024w, https:\/\/elmetropolitano.com.gt\/es\/wp-content\/uploads\/2023\/06\/353425526_725855499540536_6796483803402504463_n-300x200.jpg 300w, https:\/\/elmetropolitano.com.gt\/es\/wp-content\/uploads\/2023\/06\/353425526_725855499540536_6796483803402504463_n-768x512.jpg 768w, https:\/\/elmetropolitano.com.gt\/es\/wp-content\/uploads\/2023\/06\/353425526_725855499540536_6796483803402504463_n-600x400.jpg 600w\" sizes=\"auto, (max-width: 1024px) 100vw, 1024px\" \/><\/figure>\n<\/figure>\n","protected":false},"excerpt":{"rendered":"<p>El candidato a la alcald\u00eda de la Ciudad de Guatemala Mario M\u00e9ndez Montenegro del partido Vamos, indica que ya existen diagn\u00f3sticos de los problemas existentes en la ciudad y \u00e9l tiene una propuesta bien fundamentada y real en su Plan de Gobierno Municipal 2024-2028 para solucionarlos en favor de los capitalinos. Mario M\u00e9ndez Montenegro est\u00e1 <a class=\"read-more\" href=\"https:\/\/elmetropolitano.com.gt\/es\/mario-mendez-montenegro-garantizamos-agua-potable-las-24-horas-los-365-dias-del-ano-para-la-capital-de-guatemala\/\">Leer m\u00e1s<\/a><\/p>\n","protected":false},"author":1,"featured_media":68072,"comment_status":"open","ping_status":"closed","sticky":false,"template":"","format":"standard","meta":{"footnotes":""},"categories":[97],"tags":[98],"class_list":["post-68071","post","type-post","status-publish","format-standard","has-post-thumbnail","hentry","category-politica","tag-politica"],"_links":{"self":[{"href":"https:\/\/elmetropolitano.com.gt\/es\/wp-json\/wp\/v2\/posts\/68071","targetHints":{"allow":["GET"]}}],"collection":[{"href":"https:\/\/elmetropolitano.com.gt\/es\/wp-json\/wp\/v2\/posts"}],"about":[{"href":"https:\/\/elmetropolitano.com.gt\/es\/wp-json\/wp\/v2\/types\/post"}],"author":[{"embeddable":true,"href":"https:\/\/elmetropolitano.com.gt\/es\/wp-json\/wp\/v2\/users\/1"}],"replies":[{"embeddable":true,"href":"https:\/\/elmetropolitano.com.gt\/es\/wp-json\/wp\/v2\/comments?post=68071"}],"version-history":[{"count":1,"href":"https:\/\/elmetropolitano.com.gt\/es\/wp-json\/wp\/v2\/posts\/68071\/revisions"}],"predecessor-version":[{"id":68075,"href":"https:\/\/elmetropolitano.com.gt\/es\/wp-json\/wp\/v2\/posts\/68071\/revisions\/68075"}],"wp:featuredmedia":[{"embeddable":true,"href":"https:\/\/elmetropolitano.com.gt\/es\/wp-json\/wp\/v2\/media\/68072"}],"wp:attachment":[{"href":"https:\/\/elmetropolitano.com.gt\/es\/wp-json\/wp\/v2\/media?parent=68071"}],"wp:term":[{"taxonomy":"category","embeddable":true,"href":"https:\/\/elmetropolitano.com.gt\/es\/wp-json\/wp\/v2\/categories?post=68071"},{"taxonomy":"post_tag","embeddable":true,"href":"https:\/\/elmetropolitano.com.gt\/es\/wp-json\/wp\/v2\/tags?post=68071"}],"curies":[{"name":"wp","href":"https:\/\/api.w.org\/{rel}","templated":true}]}}