{"id":68081,"date":"2023-06-21T08:40:34","date_gmt":"2023-06-21T14:40:34","guid":{"rendered":"https:\/\/elmetropolitano.com.gt\/es\/?p=68081"},"modified":"2023-06-21T08:40:37","modified_gmt":"2023-06-21T14:40:37","slug":"jose-obdulio-pinto-de-la-une-encabeza-la-encuesta-en-poptun-peten","status":"publish","type":"post","link":"https:\/\/elmetropolitano.com.gt\/es\/jose-obdulio-pinto-de-la-une-encabeza-la-encuesta-en-poptun-peten\/","title":{"rendered":"Jos\u00e9 Obdulio Pinto, de la UNE, encabeza la encuesta en Popt\u00fan, Pet\u00e9n"},"content":{"rendered":"\n<p>A solo 5 d\u00edas de las elecciones generales a realizarse en el pa\u00eds, Jos\u00e9 Obdulio Pinto, de la Unidad Nacional de la Esperanza UNE , encabeza la encuesta para ganar la alcald\u00eda de Popt\u00fan, Pet\u00e9n, y se encuentra con 58.4% de la intenci\u00f3n del voto en el sector, seg\u00fan sondeos realizados.<\/p>\n\n\n\n<p>En el municipio, seg\u00fan el Tribunal Supremo Electoral, TSE, se encuentran 34,119 vecinos empadronados y listos para ejercer su voto <a><\/a>este 25 de junio en esta localidad en el departamento de Pet\u00e9n.<\/p><div class=\"elmet-contenido\" id=\"elmet-3759672907\"><div class=\"elmet-adlabel\">Anuncios<\/div><div style=\"margin-top: 20px;margin-right: 20px;margin-bottom: 20px;margin-left: 20px;\" id=\"elmet-2116422713\"><a href=\"https:\/\/www.facebook.com\/arrincuanantigua\/\" aria-label=\"cintillo-arrin-cual\"><img loading=\"lazy\" decoding=\"async\" src=\"https:\/\/elmetropolitano.com.gt\/es\/wp-content\/uploads\/2021\/11\/cintillo-arrin-cual-1.jpg\" alt=\"\"  srcset=\"https:\/\/elmetropolitano.com.gt\/es\/wp-content\/uploads\/2021\/11\/cintillo-arrin-cual-1.jpg 750w, https:\/\/elmetropolitano.com.gt\/es\/wp-content\/uploads\/2021\/11\/cintillo-arrin-cual-1-300x36.jpg 300w, https:\/\/elmetropolitano.com.gt\/es\/wp-content\/uploads\/2021\/11\/cintillo-arrin-cual-1-600x72.jpg 600w\" sizes=\"(max-width: 750px) 100vw, 750px\" width=\"750\" height=\"90\"   \/><\/a><\/div><\/div>\n\n\n\n<p>La segunda casilla del sondeo la tiene Vicente Gil Castillo, del partido VAMOS y la tercera posici\u00f3n es para Ad\u00e1n Samayoa, del partido VALOR. Estos dos \u00faltimos muy alejados de Pinto quien se encamina a quedarse con la vara edil de la localidad.<\/p>\n\n\n\n<p><a href=\"https:\/\/www.facebook.com\/hashtag\/eleccionesgt2023?__eep__=6&amp;__cft__[0]=AZVp4CAYudIso4XiOds1-rkRtdqDUMzm33bWOKWv-i-OO60ocjrGCWWtmBfAYPPghNkR5Gw-1OxnUsOSD84Dt8aKo_GVpuIcMZkojGSG1lazZUaiVYspyBEeTbhDqXEnohvXF6OAUS9ImowXIrVLAQRziVbfBeTpzLkPrYvH3VlEKouBYVZ9nyZwpEoMJPNrO1s&amp;__tn__=*NK-R\">#EleccionesGT2023<\/a><a href=\"https:\/\/www.facebook.com\/hashtag\/yovoto?__eep__=6&amp;__cft__[0]=AZVp4CAYudIso4XiOds1-rkRtdqDUMzm33bWOKWv-i-OO60ocjrGCWWtmBfAYPPghNkR5Gw-1OxnUsOSD84Dt8aKo_GVpuIcMZkojGSG1lazZUaiVYspyBEeTbhDqXEnohvXF6OAUS9ImowXIrVLAQRziVbfBeTpzLkPrYvH3VlEKouBYVZ9nyZwpEoMJPNrO1s&amp;__tn__=*NK-R\">#YoVoto<\/a><\/p>\n\n\n\n<p><a href=\"https:\/\/www.facebook.com\/hashtag\/metroredes?__eep__=6&amp;__cft__[0]=AZVp4CAYudIso4XiOds1-rkRtdqDUMzm33bWOKWv-i-OO60ocjrGCWWtmBfAYPPghNkR5Gw-1OxnUsOSD84Dt8aKo_GVpuIcMZkojGSG1lazZUaiVYspyBEeTbhDqXEnohvXF6OAUS9ImowXIrVLAQRziVbfBeTpzLkPrYvH3VlEKouBYVZ9nyZwpEoMJPNrO1s&amp;__tn__=*NK-R\">#metroredes<\/a><a href=\"https:\/\/www.facebook.com\/hashtag\/poptun?__eep__=6&amp;__cft__[0]=AZVp4CAYudIso4XiOds1-rkRtdqDUMzm33bWOKWv-i-OO60ocjrGCWWtmBfAYPPghNkR5Gw-1OxnUsOSD84Dt8aKo_GVpuIcMZkojGSG1lazZUaiVYspyBEeTbhDqXEnohvXF6OAUS9ImowXIrVLAQRziVbfBeTpzLkPrYvH3VlEKouBYVZ9nyZwpEoMJPNrO1s&amp;__tn__=*NK-R\">#Poptun<\/a><\/p>\n\n\n\n<figure class=\"wp-block-gallery has-nested-images columns-default is-cropped wp-block-gallery-1 is-layout-flex wp-block-gallery-is-layout-flex\">\n<figure class=\"wp-block-image size-large\"><img loading=\"lazy\" decoding=\"async\" width=\"1024\" height=\"614\" data-id=\"68083\" src=\"https:\/\/elmetropolitano.com.gt\/es\/wp-content\/uploads\/2023\/06\/353680545_725886752870744_401419268132600267_n-1-1024x614.jpg\" alt=\"\" class=\"wp-image-68083\" srcset=\"https:\/\/elmetropolitano.com.gt\/es\/wp-content\/uploads\/2023\/06\/353680545_725886752870744_401419268132600267_n-1-1024x614.jpg 1024w, https:\/\/elmetropolitano.com.gt\/es\/wp-content\/uploads\/2023\/06\/353680545_725886752870744_401419268132600267_n-1-300x180.jpg 300w, https:\/\/elmetropolitano.com.gt\/es\/wp-content\/uploads\/2023\/06\/353680545_725886752870744_401419268132600267_n-1-768x461.jpg 768w, https:\/\/elmetropolitano.com.gt\/es\/wp-content\/uploads\/2023\/06\/353680545_725886752870744_401419268132600267_n-1-1536x922.jpg 1536w, https:\/\/elmetropolitano.com.gt\/es\/wp-content\/uploads\/2023\/06\/353680545_725886752870744_401419268132600267_n-1-600x360.jpg 600w, https:\/\/elmetropolitano.com.gt\/es\/wp-content\/uploads\/2023\/06\/353680545_725886752870744_401419268132600267_n-1.jpg 1600w\" sizes=\"auto, (max-width: 1024px) 100vw, 1024px\" \/><\/figure>\n<\/figure>\n","protected":false},"excerpt":{"rendered":"<p>A solo 5 d\u00edas de las elecciones generales a realizarse en el pa\u00eds, Jos\u00e9 Obdulio Pinto, de la Unidad Nacional de la Esperanza UNE , encabeza la encuesta para ganar la alcald\u00eda de Popt\u00fan, Pet\u00e9n, y se encuentra con 58.4% de la intenci\u00f3n del voto en el sector, seg\u00fan sondeos realizados. En el municipio, seg\u00fan <a class=\"read-more\" href=\"https:\/\/elmetropolitano.com.gt\/es\/jose-obdulio-pinto-de-la-une-encabeza-la-encuesta-en-poptun-peten\/\">Leer m\u00e1s<\/a><\/p>\n","protected":false},"author":1,"featured_media":68082,"comment_status":"open","ping_status":"closed","sticky":false,"template":"","format":"standard","meta":{"footnotes":""},"categories":[97],"tags":[98],"class_list":["post-68081","post","type-post","status-publish","format-standard","has-post-thumbnail","hentry","category-politica","tag-politica"],"_links":{"self":[{"href":"https:\/\/elmetropolitano.com.gt\/es\/wp-json\/wp\/v2\/posts\/68081","targetHints":{"allow":["GET"]}}],"collection":[{"href":"https:\/\/elmetropolitano.com.gt\/es\/wp-json\/wp\/v2\/posts"}],"about":[{"href":"https:\/\/elmetropolitano.com.gt\/es\/wp-json\/wp\/v2\/types\/post"}],"author":[{"embeddable":true,"href":"https:\/\/elmetropolitano.com.gt\/es\/wp-json\/wp\/v2\/users\/1"}],"replies":[{"embeddable":true,"href":"https:\/\/elmetropolitano.com.gt\/es\/wp-json\/wp\/v2\/comments?post=68081"}],"version-history":[{"count":1,"href":"https:\/\/elmetropolitano.com.gt\/es\/wp-json\/wp\/v2\/posts\/68081\/revisions"}],"predecessor-version":[{"id":68084,"href":"https:\/\/elmetropolitano.com.gt\/es\/wp-json\/wp\/v2\/posts\/68081\/revisions\/68084"}],"wp:featuredmedia":[{"embeddable":true,"href":"https:\/\/elmetropolitano.com.gt\/es\/wp-json\/wp\/v2\/media\/68082"}],"wp:attachment":[{"href":"https:\/\/elmetropolitano.com.gt\/es\/wp-json\/wp\/v2\/media?parent=68081"}],"wp:term":[{"taxonomy":"category","embeddable":true,"href":"https:\/\/elmetropolitano.com.gt\/es\/wp-json\/wp\/v2\/categories?post=68081"},{"taxonomy":"post_tag","embeddable":true,"href":"https:\/\/elmetropolitano.com.gt\/es\/wp-json\/wp\/v2\/tags?post=68081"}],"curies":[{"name":"wp","href":"https:\/\/api.w.org\/{rel}","templated":true}]}}