{"id":68102,"date":"2023-06-21T14:26:04","date_gmt":"2023-06-21T20:26:04","guid":{"rendered":"https:\/\/elmetropolitano.com.gt\/es\/?p=68102"},"modified":"2023-06-21T14:26:05","modified_gmt":"2023-06-21T20:26:05","slug":"mulet-busca-llamar-a-consulta-popular-para-reducir-el-congreso-y-salir-del-parlacen","status":"publish","type":"post","link":"https:\/\/elmetropolitano.com.gt\/es\/mulet-busca-llamar-a-consulta-popular-para-reducir-el-congreso-y-salir-del-parlacen\/","title":{"rendered":"Mulet busca llamar a Consulta Popular para reducir el Congreso y salir del Parlacen"},"content":{"rendered":"\n<p>La ma\u00f1ana de este mi\u00e9rcoles Edmond Mulet, presidenciable por CABAL, present\u00f3 a la Direcci\u00f3n Legislativa del Congreso de la Rep\u00fablica una solicitud de Consulta Popular, respaldada por siete mil quinientas firmas de guatemaltecos.<\/p>\n\n\n\n<p>Con esta acci\u00f3n se busca la reducci\u00f3n de los diputados del Congreso a la mitad, es decir de 160 a 80; as\u00ed como la reducci\u00f3n del Presupuesto del Legislativo, y promover <a><\/a>la salida de Guatemala del Parlamento Centroamericano, PARLACEN, por ser un ente, que como funciona en la actualidad no aporta al pa\u00eds y solo representa gasto el pago de los parlamentarios de dicho ente.<\/p><div class=\"elmet-contenido\" id=\"elmet-881293222\"><div class=\"elmet-adlabel\">Anuncios<\/div><div style=\"margin-top: 20px;margin-right: 20px;margin-bottom: 20px;margin-left: 20px;\" id=\"elmet-1687956045\"><a href=\"https:\/\/www.facebook.com\/arrincuanantigua\/\" aria-label=\"cintillo-arrin-cual\"><img loading=\"lazy\" decoding=\"async\" src=\"https:\/\/elmetropolitano.com.gt\/es\/wp-content\/uploads\/2021\/11\/cintillo-arrin-cual-1.jpg\" alt=\"\"  srcset=\"https:\/\/elmetropolitano.com.gt\/es\/wp-content\/uploads\/2021\/11\/cintillo-arrin-cual-1.jpg 750w, https:\/\/elmetropolitano.com.gt\/es\/wp-content\/uploads\/2021\/11\/cintillo-arrin-cual-1-300x36.jpg 300w, https:\/\/elmetropolitano.com.gt\/es\/wp-content\/uploads\/2021\/11\/cintillo-arrin-cual-1-600x72.jpg 600w\" sizes=\"(max-width: 750px) 100vw, 750px\" width=\"750\" height=\"90\"   \/><\/a><\/div><\/div>\n\n\n\n<p>Edmond Mulet, con el compromiso de modernizar y enfrentar los grandes retos estructurales del pa\u00eds, decidi\u00f3 atender una de las peticiones m\u00e1s solicitadas por los guatemaltecos: reformar la Constituci\u00f3n de Guatemala para reducir el n\u00famero y transparentar la elecci\u00f3n de diputados al Congreso de la Rep\u00fablica.<\/p>\n\n\n\n<p>\u201cPara legislar no necesitamos m\u00e1s de 80 diputados\u201d, dijo Edmond Mulet. \u201cEl n\u00famero de legisladores por cada mill\u00f3n de empadronados es alto comparado con otros pa\u00edse<\/p>\n\n\n\n<p><a href=\"https:\/\/www.facebook.com\/hashtag\/eleccionesgt2023?__eep__=6&amp;__cft__[0]=AZWSFbzXDa_RLjKnRQXwuQyPFKvw7bjA2KRxhJ7C0fVx9XLkjEaHODzvJ2ryUsjxc7hy-7P2wLAtSRru79KhbE4m1bQ8bAJJCv_BvzZwb5XNwszsEbOvx9pQOysif3LYYD6WJbdZdvvl7nqdqq9EsoO8yXjdTbB6xfsiibx2iTOwYijMgnanxh4dOpGuGYRRXH4&amp;__tn__=*NK-R\">#eleccionesgt2023<\/a><a href=\"https:\/\/www.facebook.com\/hashtag\/yovoto?__eep__=6&amp;__cft__[0]=AZWSFbzXDa_RLjKnRQXwuQyPFKvw7bjA2KRxhJ7C0fVx9XLkjEaHODzvJ2ryUsjxc7hy-7P2wLAtSRru79KhbE4m1bQ8bAJJCv_BvzZwb5XNwszsEbOvx9pQOysif3LYYD6WJbdZdvvl7nqdqq9EsoO8yXjdTbB6xfsiibx2iTOwYijMgnanxh4dOpGuGYRRXH4&amp;__tn__=*NK-R\">#YoVoto<\/a><\/p>\n\n\n\n<figure class=\"wp-block-gallery has-nested-images columns-default is-cropped wp-block-gallery-1 is-layout-flex wp-block-gallery-is-layout-flex\">\n<figure class=\"wp-block-image size-large\"><img loading=\"lazy\" decoding=\"async\" width=\"1024\" height=\"768\" data-id=\"68105\" src=\"https:\/\/elmetropolitano.com.gt\/es\/wp-content\/uploads\/2023\/06\/347008095_726329349493151_7160328140187613445_n-1024x768.jpg\" alt=\"\" class=\"wp-image-68105\" srcset=\"https:\/\/elmetropolitano.com.gt\/es\/wp-content\/uploads\/2023\/06\/347008095_726329349493151_7160328140187613445_n-1024x768.jpg 1024w, https:\/\/elmetropolitano.com.gt\/es\/wp-content\/uploads\/2023\/06\/347008095_726329349493151_7160328140187613445_n-300x225.jpg 300w, https:\/\/elmetropolitano.com.gt\/es\/wp-content\/uploads\/2023\/06\/347008095_726329349493151_7160328140187613445_n-768x576.jpg 768w, https:\/\/elmetropolitano.com.gt\/es\/wp-content\/uploads\/2023\/06\/347008095_726329349493151_7160328140187613445_n-1536x1152.jpg 1536w, https:\/\/elmetropolitano.com.gt\/es\/wp-content\/uploads\/2023\/06\/347008095_726329349493151_7160328140187613445_n-600x450.jpg 600w, https:\/\/elmetropolitano.com.gt\/es\/wp-content\/uploads\/2023\/06\/347008095_726329349493151_7160328140187613445_n.jpg 1600w\" sizes=\"auto, (max-width: 1024px) 100vw, 1024px\" \/><\/figure>\n\n\n\n<figure class=\"wp-block-image size-large\"><img loading=\"lazy\" decoding=\"async\" width=\"1024\" height=\"576\" data-id=\"68104\" src=\"https:\/\/elmetropolitano.com.gt\/es\/wp-content\/uploads\/2023\/06\/353448603_726329312826488_4940109187989137429_n-1024x576.jpg\" alt=\"\" class=\"wp-image-68104\" srcset=\"https:\/\/elmetropolitano.com.gt\/es\/wp-content\/uploads\/2023\/06\/353448603_726329312826488_4940109187989137429_n-1024x576.jpg 1024w, https:\/\/elmetropolitano.com.gt\/es\/wp-content\/uploads\/2023\/06\/353448603_726329312826488_4940109187989137429_n-300x169.jpg 300w, https:\/\/elmetropolitano.com.gt\/es\/wp-content\/uploads\/2023\/06\/353448603_726329312826488_4940109187989137429_n-768x432.jpg 768w, https:\/\/elmetropolitano.com.gt\/es\/wp-content\/uploads\/2023\/06\/353448603_726329312826488_4940109187989137429_n-1536x864.jpg 1536w, https:\/\/elmetropolitano.com.gt\/es\/wp-content\/uploads\/2023\/06\/353448603_726329312826488_4940109187989137429_n-600x337.jpg 600w, https:\/\/elmetropolitano.com.gt\/es\/wp-content\/uploads\/2023\/06\/353448603_726329312826488_4940109187989137429_n.jpg 1599w\" sizes=\"auto, (max-width: 1024px) 100vw, 1024px\" \/><\/figure>\n<\/figure>\n","protected":false},"excerpt":{"rendered":"<p>La ma\u00f1ana de este mi\u00e9rcoles Edmond Mulet, presidenciable por CABAL, present\u00f3 a la Direcci\u00f3n Legislativa del Congreso de la Rep\u00fablica una solicitud de Consulta Popular, respaldada por siete mil quinientas firmas de guatemaltecos. Con esta acci\u00f3n se busca la reducci\u00f3n de los diputados del Congreso a la mitad, es decir de 160 a 80; as\u00ed <a class=\"read-more\" href=\"https:\/\/elmetropolitano.com.gt\/es\/mulet-busca-llamar-a-consulta-popular-para-reducir-el-congreso-y-salir-del-parlacen\/\">Leer m\u00e1s<\/a><\/p>\n","protected":false},"author":1,"featured_media":68103,"comment_status":"open","ping_status":"closed","sticky":false,"template":"","format":"standard","meta":{"footnotes":""},"categories":[2],"tags":[12],"class_list":["post-68102","post","type-post","status-publish","format-standard","has-post-thumbnail","hentry","category-nacionales","tag-nacionales"],"_links":{"self":[{"href":"https:\/\/elmetropolitano.com.gt\/es\/wp-json\/wp\/v2\/posts\/68102","targetHints":{"allow":["GET"]}}],"collection":[{"href":"https:\/\/elmetropolitano.com.gt\/es\/wp-json\/wp\/v2\/posts"}],"about":[{"href":"https:\/\/elmetropolitano.com.gt\/es\/wp-json\/wp\/v2\/types\/post"}],"author":[{"embeddable":true,"href":"https:\/\/elmetropolitano.com.gt\/es\/wp-json\/wp\/v2\/users\/1"}],"replies":[{"embeddable":true,"href":"https:\/\/elmetropolitano.com.gt\/es\/wp-json\/wp\/v2\/comments?post=68102"}],"version-history":[{"count":1,"href":"https:\/\/elmetropolitano.com.gt\/es\/wp-json\/wp\/v2\/posts\/68102\/revisions"}],"predecessor-version":[{"id":68106,"href":"https:\/\/elmetropolitano.com.gt\/es\/wp-json\/wp\/v2\/posts\/68102\/revisions\/68106"}],"wp:featuredmedia":[{"embeddable":true,"href":"https:\/\/elmetropolitano.com.gt\/es\/wp-json\/wp\/v2\/media\/68103"}],"wp:attachment":[{"href":"https:\/\/elmetropolitano.com.gt\/es\/wp-json\/wp\/v2\/media?parent=68102"}],"wp:term":[{"taxonomy":"category","embeddable":true,"href":"https:\/\/elmetropolitano.com.gt\/es\/wp-json\/wp\/v2\/categories?post=68102"},{"taxonomy":"post_tag","embeddable":true,"href":"https:\/\/elmetropolitano.com.gt\/es\/wp-json\/wp\/v2\/tags?post=68102"}],"curies":[{"name":"wp","href":"https:\/\/api.w.org\/{rel}","templated":true}]}}