{"id":68107,"date":"2023-06-21T14:28:00","date_gmt":"2023-06-21T20:28:00","guid":{"rendered":"https:\/\/elmetropolitano.com.gt\/es\/?p=68107"},"modified":"2023-06-21T14:28:01","modified_gmt":"2023-06-21T20:28:01","slug":"sandra-torres-cuestiona-a-energuate-durante-su-gira-por-quiche","status":"publish","type":"post","link":"https:\/\/elmetropolitano.com.gt\/es\/sandra-torres-cuestiona-a-energuate-durante-su-gira-por-quiche\/","title":{"rendered":"Sandra Torres cuestiona a ENERGUATE durante su gira por Quich\u00e9"},"content":{"rendered":"\n<p>Durante su visita a Chicam\u00e1n, Quich\u00e9, la presidenciable de la UNE expres\u00f3 \u201cYo s\u00e9 que aqu\u00ed se va la luz a cada rato, lo mismo pasa en muchos municipios que he caminado en todo el pa\u00eds, por eso, vamos a cambiar a esa empresa Energuate, no s\u00f3lo prestan mal servicio, sino hacen cobros excesivos\u201d, cuestion\u00f3.<\/p>\n\n\n\n<p>La queja de los vecinos de gran parte de Quich\u00e9, el occidente del pa\u00eds, as\u00ed como nororiente, Izabal, Alta Verapaz <a><\/a>y especialmente Pet\u00e9n, es constante, ya que Energuate casi todos los d\u00edas realiza cortes de energ\u00eda, muchas veces prolongados y sin previo aviso, lo que provoca que aparatos el\u00e9ctricos se quemen y tambi\u00e9n efectos negativos en la salud y econom\u00eda de las familias.<\/p><div class=\"elmet-contenido\" id=\"elmet-3552690258\"><div class=\"elmet-adlabel\">Anuncios<\/div><div style=\"margin-top: 20px;margin-right: 20px;margin-bottom: 20px;margin-left: 20px;\" id=\"elmet-2191692696\"><a href=\"https:\/\/www.facebook.com\/arrincuanantigua\/\" aria-label=\"cintillo-arrin-cual\"><img loading=\"lazy\" decoding=\"async\" src=\"https:\/\/elmetropolitano.com.gt\/es\/wp-content\/uploads\/2021\/11\/cintillo-arrin-cual-1.jpg\" alt=\"\"  srcset=\"https:\/\/elmetropolitano.com.gt\/es\/wp-content\/uploads\/2021\/11\/cintillo-arrin-cual-1.jpg 750w, https:\/\/elmetropolitano.com.gt\/es\/wp-content\/uploads\/2021\/11\/cintillo-arrin-cual-1-300x36.jpg 300w, https:\/\/elmetropolitano.com.gt\/es\/wp-content\/uploads\/2021\/11\/cintillo-arrin-cual-1-600x72.jpg 600w\" sizes=\"(max-width: 750px) 100vw, 750px\" width=\"750\" height=\"90\"   \/><\/a><\/div><\/div>\n\n\n\n<p>De esa cuenta, Sandra Torres ha recibido miles de quejas de manera directa y opt\u00f3 por advertir el relevo de la empresa, ya que sus servicios no responden a las necesidades de los pueblos.<\/p>\n\n\n\n<p>La candidata presidencial, Sandra Torres, inici\u00f3 este mi\u00e9rcoles en Chicam\u00e1n, Quich\u00e9, su gira de trabajo por 5 departamentos del pa\u00eds, para llevar el mensaje del cambio, con orden y transformaci\u00f3n, que vendr\u00e1 con ella electa como presidenta.<\/p>\n\n\n\n<p>Mejores precios<\/p>\n\n\n\n<p>Al igual que en Alta Verapaz, en la zona reina de Quich\u00e9, tambi\u00e9n los productores de cardamomo ser\u00e1n beneficiados con la estrategia que impulsar\u00e1 Sandra Torres y la UNE, para lograr subir el precio del cardamomo, a unos Q 15 a Q 16, as\u00ed como buscarles clientes a los productores, por medio del Ministerio de Econom\u00eda, para que la venta de la cosecha est\u00e9 asegurada y con buenos precios.<\/p>\n\n\n\n<p>Por aparte, llevar\u00e1 la inversi\u00f3n en infraestructura vial con la pavimentaci\u00f3n de la carretera a Chocorral y Chitaz; y la pavimentaci\u00f3n de 40 kil\u00f3metros de la ruta de San Pedro Belej\u00fa a Pancul.<\/p>\n\n\n\n<p>\u201cDespu\u00e9s del primer gobierno de la UNE han pasado tres hombres por la presidencia, y no han hecho nada por ustedes. Por eso, hoy les pido su voto de confianza para ganar la presidencia el 25 de junio. Ustedes saben que tienen mi palabra y mi compromiso para sacar adelante a Chicam\u00e1n y Guatemala\u201d, expres\u00f3 la presidenciable a sus simpatizantes.<\/p>\n\n\n\n<p>\u201cHoy Chicam\u00e1n quiere el cambio, y sabe que los candidatos de la UNE son los \u00fanicos que pueden d\u00e1rselo. Hoy el pueblo sabe que la \u00fanica candidata con la experiencia y la voluntad pol\u00edtica para transformar Guatemala es Sandra Torres, nuestra pr\u00f3xima presidenta\u201d, coincidieron Ra\u00fal Sol\u00f3rzano, aspirante a la reelecci\u00f3n como diputado por la Unidad Nacional de la Esperanza, y V\u00edctor Muz, postulado para alcalde de Chicam\u00e1n.<\/p>\n\n\n\n<p>La candidata a diputada por el listado nacional, Carolina Cerna, acompa\u00f1\u00f3 a la candidata presidencial, quien tambi\u00e9n visitar\u00e1 hoy comunidades de los departamentos de Alta Verapaz, Baja Verapaz, Chiquimula y Guatemala.<\/p>\n\n\n\n<p><a href=\"https:\/\/www.facebook.com\/hashtag\/eleccionesgt2023?__eep__=6&amp;__cft__[0]=AZVgdJ58rwYxlaX7eAtCN_0IICuvBB737BhryQePQjl_PGJ8YEqQxgqYYQrZUCX0B3oGqZiAzvuwY5RlZO52fwSQw8Gwi7KAzs2snjVpy1tuvSsybAu7cCFCG8t2oN-MR8C3WYx9whGnOvBzNo6HP3cdQWGkxUABkZVTJTDWxAYHr9LGISPjfthqKoaV8ZIOm2g&amp;__tn__=*NK-R\">#eleccionesgt2023<\/a><a href=\"https:\/\/www.facebook.com\/hashtag\/yovoto?__eep__=6&amp;__cft__[0]=AZVgdJ58rwYxlaX7eAtCN_0IICuvBB737BhryQePQjl_PGJ8YEqQxgqYYQrZUCX0B3oGqZiAzvuwY5RlZO52fwSQw8Gwi7KAzs2snjVpy1tuvSsybAu7cCFCG8t2oN-MR8C3WYx9whGnOvBzNo6HP3cdQWGkxUABkZVTJTDWxAYHr9LGISPjfthqKoaV8ZIOm2g&amp;__tn__=*NK-R\">#YoVoto<\/a><a href=\"https:\/\/www.facebook.com\/hashtag\/metroredes?__eep__=6&amp;__cft__[0]=AZVgdJ58rwYxlaX7eAtCN_0IICuvBB737BhryQePQjl_PGJ8YEqQxgqYYQrZUCX0B3oGqZiAzvuwY5RlZO52fwSQw8Gwi7KAzs2snjVpy1tuvSsybAu7cCFCG8t2oN-MR8C3WYx9whGnOvBzNo6HP3cdQWGkxUABkZVTJTDWxAYHr9LGISPjfthqKoaV8ZIOm2g&amp;__tn__=*NK-R\">#metroredes<\/a><a href=\"https:\/\/www.facebook.com\/hashtag\/sandratorres?__eep__=6&amp;__cft__[0]=AZVgdJ58rwYxlaX7eAtCN_0IICuvBB737BhryQePQjl_PGJ8YEqQxgqYYQrZUCX0B3oGqZiAzvuwY5RlZO52fwSQw8Gwi7KAzs2snjVpy1tuvSsybAu7cCFCG8t2oN-MR8C3WYx9whGnOvBzNo6HP3cdQWGkxUABkZVTJTDWxAYHr9LGISPjfthqKoaV8ZIOm2g&amp;__tn__=*NK-R\">#SandraTorres<\/a><\/p>\n\n\n\n<figure class=\"wp-block-gallery has-nested-images columns-default is-cropped wp-block-gallery-1 is-layout-flex wp-block-gallery-is-layout-flex\">\n<figure class=\"wp-block-image size-large\"><img loading=\"lazy\" decoding=\"async\" width=\"1024\" height=\"768\" data-id=\"68110\" src=\"https:\/\/elmetropolitano.com.gt\/es\/wp-content\/uploads\/2023\/06\/347128004_726355952823824_1034508628754458218_n-1024x768.jpg\" alt=\"\" class=\"wp-image-68110\" srcset=\"https:\/\/elmetropolitano.com.gt\/es\/wp-content\/uploads\/2023\/06\/347128004_726355952823824_1034508628754458218_n-1024x768.jpg 1024w, https:\/\/elmetropolitano.com.gt\/es\/wp-content\/uploads\/2023\/06\/347128004_726355952823824_1034508628754458218_n-300x225.jpg 300w, https:\/\/elmetropolitano.com.gt\/es\/wp-content\/uploads\/2023\/06\/347128004_726355952823824_1034508628754458218_n-768x576.jpg 768w, https:\/\/elmetropolitano.com.gt\/es\/wp-content\/uploads\/2023\/06\/347128004_726355952823824_1034508628754458218_n-1536x1152.jpg 1536w, https:\/\/elmetropolitano.com.gt\/es\/wp-content\/uploads\/2023\/06\/347128004_726355952823824_1034508628754458218_n-600x450.jpg 600w, https:\/\/elmetropolitano.com.gt\/es\/wp-content\/uploads\/2023\/06\/347128004_726355952823824_1034508628754458218_n.jpg 1600w\" sizes=\"auto, (max-width: 1024px) 100vw, 1024px\" \/><\/figure>\n\n\n\n<figure class=\"wp-block-image size-large\"><img loading=\"lazy\" decoding=\"async\" width=\"1024\" height=\"768\" data-id=\"68111\" src=\"https:\/\/elmetropolitano.com.gt\/es\/wp-content\/uploads\/2023\/06\/352408530_726356319490454_6624149131304062958_n-1024x768.jpg\" alt=\"\" class=\"wp-image-68111\" srcset=\"https:\/\/elmetropolitano.com.gt\/es\/wp-content\/uploads\/2023\/06\/352408530_726356319490454_6624149131304062958_n-1024x768.jpg 1024w, https:\/\/elmetropolitano.com.gt\/es\/wp-content\/uploads\/2023\/06\/352408530_726356319490454_6624149131304062958_n-300x225.jpg 300w, https:\/\/elmetropolitano.com.gt\/es\/wp-content\/uploads\/2023\/06\/352408530_726356319490454_6624149131304062958_n-768x576.jpg 768w, https:\/\/elmetropolitano.com.gt\/es\/wp-content\/uploads\/2023\/06\/352408530_726356319490454_6624149131304062958_n-1536x1152.jpg 1536w, https:\/\/elmetropolitano.com.gt\/es\/wp-content\/uploads\/2023\/06\/352408530_726356319490454_6624149131304062958_n-600x450.jpg 600w, https:\/\/elmetropolitano.com.gt\/es\/wp-content\/uploads\/2023\/06\/352408530_726356319490454_6624149131304062958_n.jpg 1600w\" sizes=\"auto, (max-width: 1024px) 100vw, 1024px\" \/><\/figure>\n\n\n\n<figure class=\"wp-block-image size-large\"><img loading=\"lazy\" decoding=\"async\" width=\"1024\" height=\"768\" data-id=\"68109\" src=\"https:\/\/elmetropolitano.com.gt\/es\/wp-content\/uploads\/2023\/06\/352820399_726356286157124_833924556629971633_n-1024x768.jpg\" alt=\"\" class=\"wp-image-68109\" srcset=\"https:\/\/elmetropolitano.com.gt\/es\/wp-content\/uploads\/2023\/06\/352820399_726356286157124_833924556629971633_n-1024x768.jpg 1024w, https:\/\/elmetropolitano.com.gt\/es\/wp-content\/uploads\/2023\/06\/352820399_726356286157124_833924556629971633_n-300x225.jpg 300w, https:\/\/elmetropolitano.com.gt\/es\/wp-content\/uploads\/2023\/06\/352820399_726356286157124_833924556629971633_n-768x576.jpg 768w, https:\/\/elmetropolitano.com.gt\/es\/wp-content\/uploads\/2023\/06\/352820399_726356286157124_833924556629971633_n-1536x1152.jpg 1536w, https:\/\/elmetropolitano.com.gt\/es\/wp-content\/uploads\/2023\/06\/352820399_726356286157124_833924556629971633_n-600x450.jpg 600w, https:\/\/elmetropolitano.com.gt\/es\/wp-content\/uploads\/2023\/06\/352820399_726356286157124_833924556629971633_n.jpg 1600w\" sizes=\"auto, (max-width: 1024px) 100vw, 1024px\" \/><\/figure>\n<\/figure>\n","protected":false},"excerpt":{"rendered":"<p>Durante su visita a Chicam\u00e1n, Quich\u00e9, la presidenciable de la UNE expres\u00f3 \u201cYo s\u00e9 que aqu\u00ed se va la luz a cada rato, lo mismo pasa en muchos municipios que he caminado en todo el pa\u00eds, por eso, vamos a cambiar a esa empresa Energuate, no s\u00f3lo prestan mal servicio, sino hacen cobros excesivos\u201d, cuestion\u00f3. <a class=\"read-more\" href=\"https:\/\/elmetropolitano.com.gt\/es\/sandra-torres-cuestiona-a-energuate-durante-su-gira-por-quiche\/\">Leer m\u00e1s<\/a><\/p>\n","protected":false},"author":1,"featured_media":68108,"comment_status":"open","ping_status":"closed","sticky":false,"template":"","format":"standard","meta":{"footnotes":""},"categories":[97],"tags":[98],"class_list":["post-68107","post","type-post","status-publish","format-standard","has-post-thumbnail","hentry","category-politica","tag-politica"],"_links":{"self":[{"href":"https:\/\/elmetropolitano.com.gt\/es\/wp-json\/wp\/v2\/posts\/68107","targetHints":{"allow":["GET"]}}],"collection":[{"href":"https:\/\/elmetropolitano.com.gt\/es\/wp-json\/wp\/v2\/posts"}],"about":[{"href":"https:\/\/elmetropolitano.com.gt\/es\/wp-json\/wp\/v2\/types\/post"}],"author":[{"embeddable":true,"href":"https:\/\/elmetropolitano.com.gt\/es\/wp-json\/wp\/v2\/users\/1"}],"replies":[{"embeddable":true,"href":"https:\/\/elmetropolitano.com.gt\/es\/wp-json\/wp\/v2\/comments?post=68107"}],"version-history":[{"count":1,"href":"https:\/\/elmetropolitano.com.gt\/es\/wp-json\/wp\/v2\/posts\/68107\/revisions"}],"predecessor-version":[{"id":68112,"href":"https:\/\/elmetropolitano.com.gt\/es\/wp-json\/wp\/v2\/posts\/68107\/revisions\/68112"}],"wp:featuredmedia":[{"embeddable":true,"href":"https:\/\/elmetropolitano.com.gt\/es\/wp-json\/wp\/v2\/media\/68108"}],"wp:attachment":[{"href":"https:\/\/elmetropolitano.com.gt\/es\/wp-json\/wp\/v2\/media?parent=68107"}],"wp:term":[{"taxonomy":"category","embeddable":true,"href":"https:\/\/elmetropolitano.com.gt\/es\/wp-json\/wp\/v2\/categories?post=68107"},{"taxonomy":"post_tag","embeddable":true,"href":"https:\/\/elmetropolitano.com.gt\/es\/wp-json\/wp\/v2\/tags?post=68107"}],"curies":[{"name":"wp","href":"https:\/\/api.w.org\/{rel}","templated":true}]}}