{"id":68125,"date":"2023-06-22T09:55:28","date_gmt":"2023-06-22T15:55:28","guid":{"rendered":"https:\/\/elmetropolitano.com.gt\/es\/?p=68125"},"modified":"2023-06-22T09:56:10","modified_gmt":"2023-06-22T15:56:10","slug":"manuel-villacorta-presidenciable-del-partido-vos-presenta-a-integrantes-de-su-gabinete-de-gobierno","status":"publish","type":"post","link":"https:\/\/elmetropolitano.com.gt\/es\/manuel-villacorta-presidenciable-del-partido-vos-presenta-a-integrantes-de-su-gabinete-de-gobierno\/","title":{"rendered":"Manuel Villacorta, presidenciable del partido VOS, presenta a integrantes de su gabinete de gobierno"},"content":{"rendered":"\n<p>Manuel Villacorta, candidato presidencial del partido Voluntad, Oportunidad y Solidaridad, VOS, presento a la ciudadan\u00eda los nombres de los ministros que conformar\u00e1n el Gabinete de Gobierno, un hecho in\u00e9dito en la historia pol\u00edtica de Guatemala<\/p>\n\n\n\n<p>En aras de la transparencia y en consonancia con la convicci\u00f3n de realizar una profunda reforma del Estado, Villacorta presenta a los <a><\/a>guatemaltecos este grupo de destacados profesionales, comprometidos con llevar adelante las pol\u00edticas y programas que impulsar\u00e1n el plan de gobierno que busca el desarrollo integral del pa\u00eds.<\/p><div class=\"elmet-contenido\" id=\"elmet-970575000\"><div class=\"elmet-adlabel\">Anuncios<\/div><div style=\"margin-top: 20px;margin-right: 20px;margin-bottom: 20px;margin-left: 20px;\" id=\"elmet-2766234334\"><a href=\"https:\/\/www.facebook.com\/arrincuanantigua\/\" aria-label=\"cintillo-arrin-cual\"><img loading=\"lazy\" decoding=\"async\" src=\"https:\/\/elmetropolitano.com.gt\/es\/wp-content\/uploads\/2021\/11\/cintillo-arrin-cual-1.jpg\" alt=\"\"  srcset=\"https:\/\/elmetropolitano.com.gt\/es\/wp-content\/uploads\/2021\/11\/cintillo-arrin-cual-1.jpg 750w, https:\/\/elmetropolitano.com.gt\/es\/wp-content\/uploads\/2021\/11\/cintillo-arrin-cual-1-300x36.jpg 300w, https:\/\/elmetropolitano.com.gt\/es\/wp-content\/uploads\/2021\/11\/cintillo-arrin-cual-1-600x72.jpg 600w\" sizes=\"(max-width: 750px) 100vw, 750px\" width=\"750\" height=\"90\"   \/><\/a><\/div><\/div>\n\n\n\n<p>Manuel Villacorta expres\u00f3 su confianza en la preparaci\u00f3n y experiencia de cada uno de los miembros de su gabinete, quienes han destacado en sus respectivos campos y cuentan con un s\u00f3lido compromiso para enfrentar los desaf\u00edos que afrontan las instituciones.<\/p>\n\n\n\n<p>\u201cMi gobierno estar\u00e1 integrado por ciudadanas y ciudadanos que representan un cambio genuino en la forma de hacer pol\u00edtica p\u00fablica. Ser\u00e1 un gobierno de reconciliaci\u00f3n y de reconstrucci\u00f3n, encabezado por guatemaltecas y guatemaltecos de honestidad a toda prueba\u201d, dijo Manuel Villacorta.<\/p>\n\n\n\n<p>\u201cMe honra contar con el respaldo de hombres y mujeres con una trayectoria intachable, que conjugan la t\u00e9cnica y experiencia pol\u00edtica, sumadas a un compromiso para servir a la gente\u201d<\/p>\n\n\n\n<p>A continuaci\u00f3n, se detallan los miembros del gabinete ministerial de Manuel Villacorta:<\/p>\n\n\n\n<p>\u25cf Ministerio de Desarrollo Social: Juana Lisseth P\u00e9rez Arrecis<\/p>\n\n\n\n<p>\u25cf Ministerio de Cultura y Deportes: Francisco Javier Sandoval<\/p>\n\n\n\n<p>\u25cf Ministerio de Educaci\u00f3n: Irene Piedra Santa D\u00edaz<\/p>\n\n\n\n<p>\u25cf Ministerio de Ambiente y Recursos Naturales: Sydney Alexander Samuels Milson<\/p>\n\n\n\n<p>\u25cf Ministerio de Salud P\u00fablica y Asistencia Social: Angela Catalina Mu\u00f1iz Ram\u00edrez<\/p>\n\n\n\n<p>\u25cf Ministerio de Trabajo y Previsi\u00f3n Social: Aldo Iv\u00e1n D\u00e1vila Morales<\/p>\n\n\n\n<p>\u25cf Ministerio de Econom\u00eda: Eduardo Cuevas Cerezo<\/p>\n\n\n\n<p>El gabinete de gobierno trabajar\u00e1 de manera coordinada y comprometida para impulsar pol\u00edticas que promuevan la educaci\u00f3n de calidad, salud accesible, respeto a los recursos naturales y el fomento y promoci\u00f3n de la cultura. Manuel Villacorta anunciar\u00e1 el resto de su gabinete, despu\u00e9s de los resultados de las elecciones de este 25 de junio.<\/p>\n\n\n\n<p><a href=\"https:\/\/www.facebook.com\/hashtag\/eleccionesgt2023?__eep__=6&amp;__cft__[0]=AZWmaPfvzsGiQg2l1zMED6opZ3njXjHafJ30DywZny0cw9EBOdJGbmAFRSwwWoKbI7hqhSYcq1bUj4VRfSTMtig1XzCQhXQHrPe_jAOD-_FJRFJ-9Ii2sopk86p7XX5AyOW8-g9zc7kiKMVuaYIxPKA-1sKDMYAP_BkUE-3PiRE5DZ3bZE1nGTxUeNCh_yggA5I&amp;__tn__=*NK-R\">#EleccionesGT2023<\/a><a href=\"https:\/\/www.facebook.com\/hashtag\/yovoto?__eep__=6&amp;__cft__[0]=AZWmaPfvzsGiQg2l1zMED6opZ3njXjHafJ30DywZny0cw9EBOdJGbmAFRSwwWoKbI7hqhSYcq1bUj4VRfSTMtig1XzCQhXQHrPe_jAOD-_FJRFJ-9Ii2sopk86p7XX5AyOW8-g9zc7kiKMVuaYIxPKA-1sKDMYAP_BkUE-3PiRE5DZ3bZE1nGTxUeNCh_yggA5I&amp;__tn__=*NK-R\">#YoVoto<\/a><\/p>\n\n\n\n<figure class=\"wp-block-gallery has-nested-images columns-default is-cropped wp-block-gallery-1 is-layout-flex wp-block-gallery-is-layout-flex\">\n<figure class=\"wp-block-image size-large\"><img loading=\"lazy\" decoding=\"async\" width=\"1024\" height=\"1024\" data-id=\"68127\" src=\"https:\/\/elmetropolitano.com.gt\/es\/wp-content\/uploads\/2023\/06\/353429796_726594459466640_8190181783439310514_n-1-1024x1024.jpg\" alt=\"\" class=\"wp-image-68127\" srcset=\"https:\/\/elmetropolitano.com.gt\/es\/wp-content\/uploads\/2023\/06\/353429796_726594459466640_8190181783439310514_n-1-1024x1024.jpg 1024w, https:\/\/elmetropolitano.com.gt\/es\/wp-content\/uploads\/2023\/06\/353429796_726594459466640_8190181783439310514_n-1-300x300.jpg 300w, https:\/\/elmetropolitano.com.gt\/es\/wp-content\/uploads\/2023\/06\/353429796_726594459466640_8190181783439310514_n-1-150x150.jpg 150w, https:\/\/elmetropolitano.com.gt\/es\/wp-content\/uploads\/2023\/06\/353429796_726594459466640_8190181783439310514_n-1-768x768.jpg 768w, https:\/\/elmetropolitano.com.gt\/es\/wp-content\/uploads\/2023\/06\/353429796_726594459466640_8190181783439310514_n-1-600x600.jpg 600w, https:\/\/elmetropolitano.com.gt\/es\/wp-content\/uploads\/2023\/06\/353429796_726594459466640_8190181783439310514_n-1-100x100.jpg 100w, https:\/\/elmetropolitano.com.gt\/es\/wp-content\/uploads\/2023\/06\/353429796_726594459466640_8190181783439310514_n-1.jpg 1080w\" sizes=\"auto, (max-width: 1024px) 100vw, 1024px\" \/><\/figure>\n<\/figure>\n","protected":false},"excerpt":{"rendered":"<p>Manuel Villacorta, candidato presidencial del partido Voluntad, Oportunidad y Solidaridad, VOS, presento a la ciudadan\u00eda los nombres de los ministros que conformar\u00e1n el Gabinete de Gobierno, un hecho in\u00e9dito en la historia pol\u00edtica de Guatemala En aras de la transparencia y en consonancia con la convicci\u00f3n de realizar una profunda reforma del Estado, Villacorta presenta <a class=\"read-more\" href=\"https:\/\/elmetropolitano.com.gt\/es\/manuel-villacorta-presidenciable-del-partido-vos-presenta-a-integrantes-de-su-gabinete-de-gobierno\/\">Leer m\u00e1s<\/a><\/p>\n","protected":false},"author":1,"featured_media":68126,"comment_status":"open","ping_status":"closed","sticky":false,"template":"","format":"standard","meta":{"footnotes":""},"categories":[97],"tags":[98],"class_list":["post-68125","post","type-post","status-publish","format-standard","has-post-thumbnail","hentry","category-politica","tag-politica"],"_links":{"self":[{"href":"https:\/\/elmetropolitano.com.gt\/es\/wp-json\/wp\/v2\/posts\/68125","targetHints":{"allow":["GET"]}}],"collection":[{"href":"https:\/\/elmetropolitano.com.gt\/es\/wp-json\/wp\/v2\/posts"}],"about":[{"href":"https:\/\/elmetropolitano.com.gt\/es\/wp-json\/wp\/v2\/types\/post"}],"author":[{"embeddable":true,"href":"https:\/\/elmetropolitano.com.gt\/es\/wp-json\/wp\/v2\/users\/1"}],"replies":[{"embeddable":true,"href":"https:\/\/elmetropolitano.com.gt\/es\/wp-json\/wp\/v2\/comments?post=68125"}],"version-history":[{"count":1,"href":"https:\/\/elmetropolitano.com.gt\/es\/wp-json\/wp\/v2\/posts\/68125\/revisions"}],"predecessor-version":[{"id":68128,"href":"https:\/\/elmetropolitano.com.gt\/es\/wp-json\/wp\/v2\/posts\/68125\/revisions\/68128"}],"wp:featuredmedia":[{"embeddable":true,"href":"https:\/\/elmetropolitano.com.gt\/es\/wp-json\/wp\/v2\/media\/68126"}],"wp:attachment":[{"href":"https:\/\/elmetropolitano.com.gt\/es\/wp-json\/wp\/v2\/media?parent=68125"}],"wp:term":[{"taxonomy":"category","embeddable":true,"href":"https:\/\/elmetropolitano.com.gt\/es\/wp-json\/wp\/v2\/categories?post=68125"},{"taxonomy":"post_tag","embeddable":true,"href":"https:\/\/elmetropolitano.com.gt\/es\/wp-json\/wp\/v2\/tags?post=68125"}],"curies":[{"name":"wp","href":"https:\/\/api.w.org\/{rel}","templated":true}]}}