{"id":68134,"date":"2023-06-22T10:00:08","date_gmt":"2023-06-22T16:00:08","guid":{"rendered":"https:\/\/elmetropolitano.com.gt\/es\/?p=68134"},"modified":"2023-06-22T10:00:10","modified_gmt":"2023-06-22T16:00:10","slug":"el-papa-dice-que-tiene-dificultades-para-respirar","status":"publish","type":"post","link":"https:\/\/elmetropolitano.com.gt\/es\/el-papa-dice-que-tiene-dificultades-para-respirar\/","title":{"rendered":"El Papa dice que tiene dificultades para respirar"},"content":{"rendered":"\n<p>Dos semanas despu\u00e9s de su operaci\u00f3n de una hernia abdominal con riesgo de oclusi\u00f3n, el Papa explic\u00f3 que su respiraci\u00f3n \u00abno era buena\u00bb.<\/p>\n\n\n\n<p><a><\/a>Desde su regreso el 16 de junio del Hospital Gemelli donde fue intervenido quir\u00fargicamente el 7 de junio, el pont\u00edfice de 86 a\u00f1os ha retomado el \u00c1ngelus dominical, as\u00ed como a sus audiencias. Ayer, 21 de junio, recibi\u00f3 en forma destacada al presidente brasile\u00f1o, y el 20 de junio al presidente cubano. Por otro lado, la audiencia general del mi\u00e9rcoles 21 de junio fue cancelada para permitirle continuar con su convalecencia.<\/p><div class=\"elmet-contenido\" id=\"elmet-1079175241\"><div class=\"elmet-adlabel\">Anuncios<\/div><div style=\"margin-top: 20px;margin-right: 20px;margin-bottom: 20px;margin-left: 20px;\" id=\"elmet-2277694474\"><a href=\"https:\/\/www.facebook.com\/arrincuanantigua\/\" aria-label=\"cintillo-arrin-cual\"><img loading=\"lazy\" decoding=\"async\" src=\"https:\/\/elmetropolitano.com.gt\/es\/wp-content\/uploads\/2021\/11\/cintillo-arrin-cual-1.jpg\" alt=\"\"  srcset=\"https:\/\/elmetropolitano.com.gt\/es\/wp-content\/uploads\/2021\/11\/cintillo-arrin-cual-1.jpg 750w, https:\/\/elmetropolitano.com.gt\/es\/wp-content\/uploads\/2021\/11\/cintillo-arrin-cual-1-300x36.jpg 300w, https:\/\/elmetropolitano.com.gt\/es\/wp-content\/uploads\/2021\/11\/cintillo-arrin-cual-1-600x72.jpg 600w\" sizes=\"(max-width: 750px) 100vw, 750px\" width=\"750\" height=\"90\"   \/><\/a><\/div><\/div>\n\n\n\n<p>Pero esta ma\u00f1ana el Papa dio muestras de cansancio. Tras un primer discurso que ley\u00f3 ante religiosos asuncionistas, declin\u00f3 un segundo discurso en ROACO, content\u00e1ndose con d\u00e1rselo a los participantes. \u00abTodav\u00eda estoy bajo los efectos de la anestesia. Mi respiraci\u00f3n no es buena\u00bb, dijo el pont\u00edfice argentino.<\/p>\n\n\n\n<p>Durante este breve intercambio, el Papa 266 instruy\u00f3 a Monse\u00f1or Claudio Gugerotti, prefecto del dicasterio para las Iglesias Orientales, para transmitir su discurso preparado de antemano. \u00abTodav\u00eda estoy vivo\u00bb, agreg\u00f3 sin embargo a un participante que le pregunt\u00f3 c\u00f3mo estaba.<\/p>\n\n\n\n<p>El Papa ya ha tenido problemas respiratorios este a\u00f1o. El 29 de marzo, lo llevaron de urgencia a Gemelli, donde los m\u00e9dicos le hab\u00edan diagnosticado \u00abbronquitis infecciosa\u00bb. Hab\u00eda recibido tratamiento antibi\u00f3tico all\u00ed y fue dado de alta del hospital el 1 de abril.<\/p>\n\n\n\n<p>M\u00e1s tarde dijo que era una neumon\u00eda aguda. \u00abLa atrapamos a tiempo\u00bb, me dijeron, y si hubi\u00e9ramos esperado unas horas m\u00e1s, hubiera sido m\u00e1s grave\u00bb, dijo a la televisi\u00f3n mexicana.<\/p>\n\n\n\n<p><\/p>\n","protected":false},"excerpt":{"rendered":"<p>Dos semanas despu\u00e9s de su operaci\u00f3n de una hernia abdominal con riesgo de oclusi\u00f3n, el Papa explic\u00f3 que su respiraci\u00f3n \u00abno era buena\u00bb. Desde su regreso el 16 de junio del Hospital Gemelli donde fue intervenido quir\u00fargicamente el 7 de junio, el pont\u00edfice de 86 a\u00f1os ha retomado el \u00c1ngelus dominical, as\u00ed como a sus <a class=\"read-more\" href=\"https:\/\/elmetropolitano.com.gt\/es\/el-papa-dice-que-tiene-dificultades-para-respirar\/\">Leer m\u00e1s<\/a><\/p>\n","protected":false},"author":1,"featured_media":68135,"comment_status":"open","ping_status":"closed","sticky":false,"template":"","format":"standard","meta":{"footnotes":""},"categories":[14],"tags":[15],"class_list":["post-68134","post","type-post","status-publish","format-standard","has-post-thumbnail","hentry","category-internacionales","tag-internacionales"],"_links":{"self":[{"href":"https:\/\/elmetropolitano.com.gt\/es\/wp-json\/wp\/v2\/posts\/68134","targetHints":{"allow":["GET"]}}],"collection":[{"href":"https:\/\/elmetropolitano.com.gt\/es\/wp-json\/wp\/v2\/posts"}],"about":[{"href":"https:\/\/elmetropolitano.com.gt\/es\/wp-json\/wp\/v2\/types\/post"}],"author":[{"embeddable":true,"href":"https:\/\/elmetropolitano.com.gt\/es\/wp-json\/wp\/v2\/users\/1"}],"replies":[{"embeddable":true,"href":"https:\/\/elmetropolitano.com.gt\/es\/wp-json\/wp\/v2\/comments?post=68134"}],"version-history":[{"count":1,"href":"https:\/\/elmetropolitano.com.gt\/es\/wp-json\/wp\/v2\/posts\/68134\/revisions"}],"predecessor-version":[{"id":68136,"href":"https:\/\/elmetropolitano.com.gt\/es\/wp-json\/wp\/v2\/posts\/68134\/revisions\/68136"}],"wp:featuredmedia":[{"embeddable":true,"href":"https:\/\/elmetropolitano.com.gt\/es\/wp-json\/wp\/v2\/media\/68135"}],"wp:attachment":[{"href":"https:\/\/elmetropolitano.com.gt\/es\/wp-json\/wp\/v2\/media?parent=68134"}],"wp:term":[{"taxonomy":"category","embeddable":true,"href":"https:\/\/elmetropolitano.com.gt\/es\/wp-json\/wp\/v2\/categories?post=68134"},{"taxonomy":"post_tag","embeddable":true,"href":"https:\/\/elmetropolitano.com.gt\/es\/wp-json\/wp\/v2\/tags?post=68134"}],"curies":[{"name":"wp","href":"https:\/\/api.w.org\/{rel}","templated":true}]}}