{"id":68158,"date":"2023-06-22T14:36:35","date_gmt":"2023-06-22T20:36:35","guid":{"rendered":"https:\/\/elmetropolitano.com.gt\/es\/?p=68158"},"modified":"2023-06-22T14:36:36","modified_gmt":"2023-06-22T20:36:36","slug":"sandra-torres-cuestiona-intencion-de-compra-de-nuevo-software-para-elecciones","status":"publish","type":"post","link":"https:\/\/elmetropolitano.com.gt\/es\/sandra-torres-cuestiona-intencion-de-compra-de-nuevo-software-para-elecciones\/","title":{"rendered":"Sandra Torres cuestiona intenci\u00f3n de compra de nuevo software para elecciones"},"content":{"rendered":"\n<p>En conferencia de prensa, la presidenciable de la UNE cuestion\u00f3 que la Junta Electoral del departamento de Guatemala y la capital, pretendan adquirir un software para transmisi\u00f3n de datos, exclusivo para ellos.<\/p>\n\n\n\n<p>\u201cPorqu\u00e9 no usar el software que adquiri\u00f3 el TSE para todo el pa\u00eds \u201c, cuestion\u00f3 la candidata.<\/p><div class=\"elmet-contenido\" id=\"elmet-111213922\"><div class=\"elmet-adlabel\">Anuncios<\/div><div style=\"margin-top: 20px;margin-right: 20px;margin-bottom: 20px;margin-left: 20px;\" id=\"elmet-825546827\"><a href=\"https:\/\/www.facebook.com\/arrincuanantigua\/\" aria-label=\"cintillo-arrin-cual\"><img loading=\"lazy\" decoding=\"async\" src=\"https:\/\/elmetropolitano.com.gt\/es\/wp-content\/uploads\/2021\/11\/cintillo-arrin-cual-1.jpg\" alt=\"\"  srcset=\"https:\/\/elmetropolitano.com.gt\/es\/wp-content\/uploads\/2021\/11\/cintillo-arrin-cual-1.jpg 750w, https:\/\/elmetropolitano.com.gt\/es\/wp-content\/uploads\/2021\/11\/cintillo-arrin-cual-1-300x36.jpg 300w, https:\/\/elmetropolitano.com.gt\/es\/wp-content\/uploads\/2021\/11\/cintillo-arrin-cual-1-600x72.jpg 600w\" sizes=\"(max-width: 750px) 100vw, 750px\" width=\"750\" height=\"90\"   \/><\/a><\/div><\/div>\n\n\n\n<p><a><\/a>Agreg\u00f3 que llama la atenci\u00f3n que a \u00faltima hora presenten este tipo de propuestas y advirti\u00f3 que los fiscales de mesa de la UNE, estar\u00e1n atentos para vigilar el voto y la transparencia en el conteo de votos.<\/p>\n\n\n\n<p>Advirti\u00f3 que \u201cnos reservamos el derecho de presentar acciones legales, ante la duda t\u00e9cnica y jur\u00eddica que tal propuesta genera \u201c.<\/p>\n\n\n\n<p>Encuestas<\/p>\n\n\n\n<p>En relaci\u00f3n con la encuesta de intenci\u00f3n de voto publicada este jueves por Prensa Libre que posiciona a Sandra Torres con 8 por ciento, arriba de Mulet y 12 puntos arriba de Zury R\u00edos, indic\u00f3 que esta medici\u00f3n refleja la aceptaci\u00f3n del pueblo de Guatemala, que ya decidi\u00f3 quien quiere que gobierne el pa\u00eds en los pr\u00f3ximos cuatro a\u00f1os.<\/p>\n\n\n\n<p>\u201cSin embargo, las m\u00e9tricas nuestras nos posicionan arriba de los datos de Prensa Libre, aunque siempre hay variaciones, pues cada resultado obedece a la estructura de la muestra t\u00e9cnica utilizada para la encuesta \u201c,precis\u00f3.<\/p>\n\n\n\n<p>Preocupa situaci\u00f3n<\/p>\n\n\n\n<p>La presidenciable de la UNE, hizo un llamado a las autoridades correspondientes para que garanticen el servicio el\u00e9ctrico sin cortes, en todo el pa\u00eds, durante el pr\u00f3ximo 25 de junio.<\/p>\n\n\n\n<p>Tambi\u00e9n pidi\u00f3 al Ministerio de Gobernaci\u00f3n que por medio de la Polic\u00eda Nacional Civil, garanticen que no habr\u00e1n bloqueos en carreteras para la libre locomoci\u00f3n de los electores a los centros de votaci\u00f3n y el resguardo de las urnas o centros de votaci\u00f3n.<\/p>\n\n\n\n<p>\u201cTenemos que estar vigilantes porque las campa\u00f1as negras se van a incrementar en las pr\u00f3ximas horas y y aparte, en varios departamentos ya hay denuncias que en algunos municipios se han visto grupos de personas que no son del lugar, por lo cual, pensamos que son acarreados para promover fraude electoral\u201d, puntualiz\u00f3 Sandra Torres.<\/p>\n\n\n\n<p><a href=\"https:\/\/www.facebook.com\/hashtag\/eleccionesgt2023?__eep__=6&amp;__cft__[0]=AZXbgdbREUbrTXw-bLj4HFY1jP5adqrPEMD2wEPjj0VwPZSo9GhUeD1is_RaLK32gozKto-gs0DVRrWnghvCftlE2_lfFeYTd5FbwZzvwFYQecWvg-_p9ZNDkQlYeouJRHld6dFb9VFxsUD5Ut3hDLiNAnSuIA80LMW9jrn4BqT_3OVhO-PBnRCecmbnNGePCUk&amp;__tn__=*NK-R\">#EleccionesGT2023<\/a><a href=\"https:\/\/www.facebook.com\/hashtag\/yovoto?__eep__=6&amp;__cft__[0]=AZXbgdbREUbrTXw-bLj4HFY1jP5adqrPEMD2wEPjj0VwPZSo9GhUeD1is_RaLK32gozKto-gs0DVRrWnghvCftlE2_lfFeYTd5FbwZzvwFYQecWvg-_p9ZNDkQlYeouJRHld6dFb9VFxsUD5Ut3hDLiNAnSuIA80LMW9jrn4BqT_3OVhO-PBnRCecmbnNGePCUk&amp;__tn__=*NK-R\">#YoVoto<\/a><\/p>\n\n\n\n<p><\/p>\n","protected":false},"excerpt":{"rendered":"<p>En conferencia de prensa, la presidenciable de la UNE cuestion\u00f3 que la Junta Electoral del departamento de Guatemala y la capital, pretendan adquirir un software para transmisi\u00f3n de datos, exclusivo para ellos. \u201cPorqu\u00e9 no usar el software que adquiri\u00f3 el TSE para todo el pa\u00eds \u201c, cuestion\u00f3 la candidata. Agreg\u00f3 que llama la atenci\u00f3n que <a class=\"read-more\" href=\"https:\/\/elmetropolitano.com.gt\/es\/sandra-torres-cuestiona-intencion-de-compra-de-nuevo-software-para-elecciones\/\">Leer m\u00e1s<\/a><\/p>\n","protected":false},"author":1,"featured_media":68159,"comment_status":"open","ping_status":"closed","sticky":false,"template":"","format":"standard","meta":{"footnotes":""},"categories":[2],"tags":[12],"class_list":["post-68158","post","type-post","status-publish","format-standard","has-post-thumbnail","hentry","category-nacionales","tag-nacionales"],"_links":{"self":[{"href":"https:\/\/elmetropolitano.com.gt\/es\/wp-json\/wp\/v2\/posts\/68158","targetHints":{"allow":["GET"]}}],"collection":[{"href":"https:\/\/elmetropolitano.com.gt\/es\/wp-json\/wp\/v2\/posts"}],"about":[{"href":"https:\/\/elmetropolitano.com.gt\/es\/wp-json\/wp\/v2\/types\/post"}],"author":[{"embeddable":true,"href":"https:\/\/elmetropolitano.com.gt\/es\/wp-json\/wp\/v2\/users\/1"}],"replies":[{"embeddable":true,"href":"https:\/\/elmetropolitano.com.gt\/es\/wp-json\/wp\/v2\/comments?post=68158"}],"version-history":[{"count":1,"href":"https:\/\/elmetropolitano.com.gt\/es\/wp-json\/wp\/v2\/posts\/68158\/revisions"}],"predecessor-version":[{"id":68160,"href":"https:\/\/elmetropolitano.com.gt\/es\/wp-json\/wp\/v2\/posts\/68158\/revisions\/68160"}],"wp:featuredmedia":[{"embeddable":true,"href":"https:\/\/elmetropolitano.com.gt\/es\/wp-json\/wp\/v2\/media\/68159"}],"wp:attachment":[{"href":"https:\/\/elmetropolitano.com.gt\/es\/wp-json\/wp\/v2\/media?parent=68158"}],"wp:term":[{"taxonomy":"category","embeddable":true,"href":"https:\/\/elmetropolitano.com.gt\/es\/wp-json\/wp\/v2\/categories?post=68158"},{"taxonomy":"post_tag","embeddable":true,"href":"https:\/\/elmetropolitano.com.gt\/es\/wp-json\/wp\/v2\/tags?post=68158"}],"curies":[{"name":"wp","href":"https:\/\/api.w.org\/{rel}","templated":true}]}}