{"id":68186,"date":"2023-06-22T18:30:47","date_gmt":"2023-06-23T00:30:47","guid":{"rendered":"https:\/\/elmetropolitano.com.gt\/es\/?p=68186"},"modified":"2023-06-22T18:30:48","modified_gmt":"2023-06-23T00:30:48","slug":"javier-gramajo-continua-a-la-cabeza-de-las-encuestas-en-villa-nueva","status":"publish","type":"post","link":"https:\/\/elmetropolitano.com.gt\/es\/javier-gramajo-continua-a-la-cabeza-de-las-encuestas-en-villa-nueva\/","title":{"rendered":"Javier Gramajo contin\u00faa a la cabeza de las encuestas en Villa Nueva"},"content":{"rendered":"\n<p>A tres d\u00edas de las elecciones generales a realizarse el domingo 25 de junio, el alcalde Javier Gramajo, del partido VAMOS, se encamina a su reelecci\u00f3n, seg\u00fan lo revela una nueva encuesta de la empresa Andes Consulting Latinoam\u00e9rica, que lo coloca en primer lugar con 28.5%, seguido de Elmer Hern\u00e1ndez, del partido BIEN, con 16.5%, saltando al tercer lugar Mynor Morales Zurita del partido VALOR, con <a><\/a>8%.<\/p>\n\n\n\n<p>Analistas pol\u00edticos se\u00f1alan que esta nueva encuesta confirma la reelecci\u00f3n de Javier Gramajo, quien se ha ganado la simpat\u00eda de los vecinos villanovanos, debido al trabajo realizado durante esta gesti\u00f3n edil.<\/p><div class=\"elmet-contenido\" id=\"elmet-1563192599\"><div class=\"elmet-adlabel\">Anuncios<\/div><div style=\"margin-top: 20px;margin-right: 20px;margin-bottom: 20px;margin-left: 20px;\" id=\"elmet-3261726153\"><a href=\"https:\/\/www.facebook.com\/arrincuanantigua\/\" aria-label=\"cintillo-arrin-cual\"><img loading=\"lazy\" decoding=\"async\" src=\"https:\/\/elmetropolitano.com.gt\/es\/wp-content\/uploads\/2021\/11\/cintillo-arrin-cual-1.jpg\" alt=\"\"  srcset=\"https:\/\/elmetropolitano.com.gt\/es\/wp-content\/uploads\/2021\/11\/cintillo-arrin-cual-1.jpg 750w, https:\/\/elmetropolitano.com.gt\/es\/wp-content\/uploads\/2021\/11\/cintillo-arrin-cual-1-300x36.jpg 300w, https:\/\/elmetropolitano.com.gt\/es\/wp-content\/uploads\/2021\/11\/cintillo-arrin-cual-1-600x72.jpg 600w\" sizes=\"(max-width: 750px) 100vw, 750px\" width=\"750\" height=\"90\"   \/><\/a><\/div><\/div>\n\n\n\n<p>Gramajo durante su campa\u00f1a recorri\u00f3 todos los sectores del municipio para dar a conocer su plan de trabajo y en una multitudinaria concentraci\u00f3n en el parque central de esa localidad, expres\u00f3 lo que tiene planeado realizar para el pr\u00f3ximo per\u00edodo.<\/p>\n\n\n\n<p>Ahora solo queda en las manos de los villanovanos ratificar estas muestras de apoyo este domingo 25 de junio en las mesas electorales que el Tribunal Supremo Electoral TSE colocar\u00e1 en los distintos puntos de este municipio situado al sur de la capital.<\/p>\n\n\n\n<p><a href=\"https:\/\/www.facebook.com\/hashtag\/eleccionesgt2023?__eep__=6&amp;__cft__[0]=AZVc-_x22TdewyrSj4V9spKHLN25VpPWI4GL6l_ZO1QBbB5Op1X8wix2icp0XMA6hBJctjOKFDBC7BaH4MXB_OBnrePkjkrhkgUFwL5mum69ePamwKcmU479PlLm-SgZAGAquCERE3gAT4vSS7I8YKFZM0_x9AoCobEuGWOFv4jlq473fyIF_I5XlXdrlxngOEU&amp;__tn__=*NK-R\">#EleccionesGT2023<\/a><a href=\"https:\/\/www.facebook.com\/hashtag\/yovoto?__eep__=6&amp;__cft__[0]=AZVc-_x22TdewyrSj4V9spKHLN25VpPWI4GL6l_ZO1QBbB5Op1X8wix2icp0XMA6hBJctjOKFDBC7BaH4MXB_OBnrePkjkrhkgUFwL5mum69ePamwKcmU479PlLm-SgZAGAquCERE3gAT4vSS7I8YKFZM0_x9AoCobEuGWOFv4jlq473fyIF_I5XlXdrlxngOEU&amp;__tn__=*NK-R\">#YoVoto<\/a><\/p>\n\n\n\n<figure class=\"wp-block-gallery has-nested-images columns-default is-cropped wp-block-gallery-1 is-layout-flex wp-block-gallery-is-layout-flex\">\n<figure class=\"wp-block-image size-large\"><img loading=\"lazy\" decoding=\"async\" width=\"1024\" height=\"977\" data-id=\"68188\" src=\"https:\/\/elmetropolitano.com.gt\/es\/wp-content\/uploads\/2023\/06\/355469523_797872225305678_4150947331283435196_n-1-1024x977.jpg\" alt=\"\" class=\"wp-image-68188\" srcset=\"https:\/\/elmetropolitano.com.gt\/es\/wp-content\/uploads\/2023\/06\/355469523_797872225305678_4150947331283435196_n-1-1024x977.jpg 1024w, https:\/\/elmetropolitano.com.gt\/es\/wp-content\/uploads\/2023\/06\/355469523_797872225305678_4150947331283435196_n-1-300x286.jpg 300w, https:\/\/elmetropolitano.com.gt\/es\/wp-content\/uploads\/2023\/06\/355469523_797872225305678_4150947331283435196_n-1-768x732.jpg 768w, https:\/\/elmetropolitano.com.gt\/es\/wp-content\/uploads\/2023\/06\/355469523_797872225305678_4150947331283435196_n-1-600x572.jpg 600w, https:\/\/elmetropolitano.com.gt\/es\/wp-content\/uploads\/2023\/06\/355469523_797872225305678_4150947331283435196_n-1.jpg 1488w\" sizes=\"auto, (max-width: 1024px) 100vw, 1024px\" \/><\/figure>\n<\/figure>\n","protected":false},"excerpt":{"rendered":"<p>A tres d\u00edas de las elecciones generales a realizarse el domingo 25 de junio, el alcalde Javier Gramajo, del partido VAMOS, se encamina a su reelecci\u00f3n, seg\u00fan lo revela una nueva encuesta de la empresa Andes Consulting Latinoam\u00e9rica, que lo coloca en primer lugar con 28.5%, seguido de Elmer Hern\u00e1ndez, del partido BIEN, con 16.5%, <a class=\"read-more\" href=\"https:\/\/elmetropolitano.com.gt\/es\/javier-gramajo-continua-a-la-cabeza-de-las-encuestas-en-villa-nueva\/\">Leer m\u00e1s<\/a><\/p>\n","protected":false},"author":1,"featured_media":68187,"comment_status":"open","ping_status":"closed","sticky":false,"template":"","format":"standard","meta":{"footnotes":""},"categories":[97],"tags":[98],"class_list":["post-68186","post","type-post","status-publish","format-standard","has-post-thumbnail","hentry","category-politica","tag-politica"],"_links":{"self":[{"href":"https:\/\/elmetropolitano.com.gt\/es\/wp-json\/wp\/v2\/posts\/68186","targetHints":{"allow":["GET"]}}],"collection":[{"href":"https:\/\/elmetropolitano.com.gt\/es\/wp-json\/wp\/v2\/posts"}],"about":[{"href":"https:\/\/elmetropolitano.com.gt\/es\/wp-json\/wp\/v2\/types\/post"}],"author":[{"embeddable":true,"href":"https:\/\/elmetropolitano.com.gt\/es\/wp-json\/wp\/v2\/users\/1"}],"replies":[{"embeddable":true,"href":"https:\/\/elmetropolitano.com.gt\/es\/wp-json\/wp\/v2\/comments?post=68186"}],"version-history":[{"count":1,"href":"https:\/\/elmetropolitano.com.gt\/es\/wp-json\/wp\/v2\/posts\/68186\/revisions"}],"predecessor-version":[{"id":68189,"href":"https:\/\/elmetropolitano.com.gt\/es\/wp-json\/wp\/v2\/posts\/68186\/revisions\/68189"}],"wp:featuredmedia":[{"embeddable":true,"href":"https:\/\/elmetropolitano.com.gt\/es\/wp-json\/wp\/v2\/media\/68187"}],"wp:attachment":[{"href":"https:\/\/elmetropolitano.com.gt\/es\/wp-json\/wp\/v2\/media?parent=68186"}],"wp:term":[{"taxonomy":"category","embeddable":true,"href":"https:\/\/elmetropolitano.com.gt\/es\/wp-json\/wp\/v2\/categories?post=68186"},{"taxonomy":"post_tag","embeddable":true,"href":"https:\/\/elmetropolitano.com.gt\/es\/wp-json\/wp\/v2\/tags?post=68186"}],"curies":[{"name":"wp","href":"https:\/\/api.w.org\/{rel}","templated":true}]}}