{"id":68202,"date":"2023-06-23T10:09:49","date_gmt":"2023-06-23T16:09:49","guid":{"rendered":"https:\/\/elmetropolitano.com.gt\/es\/?p=68202"},"modified":"2023-06-23T10:09:50","modified_gmt":"2023-06-23T16:09:50","slug":"cierre-de-campana-cabal-con-mas-de-50-mil-guatemaltecos-conectados","status":"publish","type":"post","link":"https:\/\/elmetropolitano.com.gt\/es\/cierre-de-campana-cabal-con-mas-de-50-mil-guatemaltecos-conectados\/","title":{"rendered":"cierre de campa\u00f1a CABAL con m\u00e1s de 50 mil guatemaltecos conectados"},"content":{"rendered":"\n<p>M\u00e1s de 40 mil guatemaltecos de todo el pa\u00eds participaron en un live en Facebook (25.1k) y Tik Tok (15.5k) y m\u00e1s de 10 mil personas de la estructura escucharon el mensaje de Edmond Mulet v\u00eda Zoom, en 294 municipios del pa\u00eds.<\/p>\n\n\n\n<p>El <a><\/a>imponente cierre virtual de campa\u00f1a de Edmond Mulet y del partido CABAL que cont\u00f3 con la presencia y apoyo de m\u00e1s de 50 mil guatemaltecos en toda la Rep\u00fablica, evento que se llev\u00f3 a cabo, este jueves 22 de junio de 7:30 p.m. a 9:00 p.m.<\/p><div class=\"elmet-contenido\" id=\"elmet-1455780685\"><div class=\"elmet-adlabel\">Anuncios<\/div><div style=\"margin-top: 20px;margin-right: 20px;margin-bottom: 20px;margin-left: 20px;\" id=\"elmet-1296831366\"><a href=\"https:\/\/www.facebook.com\/arrincuanantigua\/\" aria-label=\"cintillo-arrin-cual\"><img loading=\"lazy\" decoding=\"async\" src=\"https:\/\/elmetropolitano.com.gt\/es\/wp-content\/uploads\/2021\/11\/cintillo-arrin-cual-1.jpg\" alt=\"\"  srcset=\"https:\/\/elmetropolitano.com.gt\/es\/wp-content\/uploads\/2021\/11\/cintillo-arrin-cual-1.jpg 750w, https:\/\/elmetropolitano.com.gt\/es\/wp-content\/uploads\/2021\/11\/cintillo-arrin-cual-1-300x36.jpg 300w, https:\/\/elmetropolitano.com.gt\/es\/wp-content\/uploads\/2021\/11\/cintillo-arrin-cual-1-600x72.jpg 600w\" sizes=\"(max-width: 750px) 100vw, 750px\" width=\"750\" height=\"90\"   \/><\/a><\/div><\/div>\n\n\n\n<p>El moderno cierre de campa\u00f1a se dividi\u00f3 en dos fases; la primera fue un live donde se conectaron m\u00e1s de 40 mil personas en todo el pa\u00eds a quienes se les envi\u00f3 un mensaje de parte del presidenciable CABAL Edmond Mulet.<\/p>\n\n\n\n<p>En la segunda fase, Edmond Mulet llev\u00f3 un mensaje de cierre de campa\u00f1a por medio de la plataforma Zoom a la estructura nacional del movimiento, cada representaci\u00f2n municipal contaba con sus propias pantallas que multiplicaron la difusi\u00f3n haciendo un total de m\u00e1s de 10 mil.<\/p>\n\n\n\n<p>Edmond Mulet reiter\u00f3 que su Gobierno estar\u00e1 comprometido a combatir LA CORRUPCI\u00d3N y poner el Estado al servicio de los guatemaltecos, como debe ser.<\/p>\n\n\n\n<p><a href=\"https:\/\/www.facebook.com\/hashtag\/eleccionesgt2023?__eep__=6&amp;__cft__[0]=AZV3qhDaP5udjA2dbCbRQBnFOUGK2UdKslq-_ufeP0oWydYPWCroUsNSP3UZi3i8QFWnUA5pMldD-tIKYuC49HWLFXUBwpa2_tZa9BEQPX3NzbiW9NpBJqr3TxAc7dcuJIuZKWoWu6rqiNgF45nuMdbMRt6Ua1gsgKNjPI1-XZnLpYizjtWsc-Hw2K6CFoUcT7E&amp;__tn__=*NK-R\">#EleccionesGT2023<\/a><a href=\"https:\/\/www.facebook.com\/hashtag\/yovoto?__eep__=6&amp;__cft__[0]=AZV3qhDaP5udjA2dbCbRQBnFOUGK2UdKslq-_ufeP0oWydYPWCroUsNSP3UZi3i8QFWnUA5pMldD-tIKYuC49HWLFXUBwpa2_tZa9BEQPX3NzbiW9NpBJqr3TxAc7dcuJIuZKWoWu6rqiNgF45nuMdbMRt6Ua1gsgKNjPI1-XZnLpYizjtWsc-Hw2K6CFoUcT7E&amp;__tn__=*NK-R\">#YoVoto<\/a><\/p>\n\n\n\n<figure class=\"wp-block-gallery has-nested-images columns-default is-cropped wp-block-gallery-1 is-layout-flex wp-block-gallery-is-layout-flex\">\n<figure class=\"wp-block-image size-large\"><img loading=\"lazy\" decoding=\"async\" width=\"962\" height=\"627\" data-id=\"68204\" src=\"https:\/\/elmetropolitano.com.gt\/es\/wp-content\/uploads\/2023\/06\/347147053_727200049406081_4076711156752344966_n.jpg\" alt=\"\" class=\"wp-image-68204\" srcset=\"https:\/\/elmetropolitano.com.gt\/es\/wp-content\/uploads\/2023\/06\/347147053_727200049406081_4076711156752344966_n.jpg 962w, https:\/\/elmetropolitano.com.gt\/es\/wp-content\/uploads\/2023\/06\/347147053_727200049406081_4076711156752344966_n-300x196.jpg 300w, https:\/\/elmetropolitano.com.gt\/es\/wp-content\/uploads\/2023\/06\/347147053_727200049406081_4076711156752344966_n-768x501.jpg 768w, https:\/\/elmetropolitano.com.gt\/es\/wp-content\/uploads\/2023\/06\/347147053_727200049406081_4076711156752344966_n-600x391.jpg 600w\" sizes=\"auto, (max-width: 962px) 100vw, 962px\" \/><\/figure>\n\n\n\n<figure class=\"wp-block-image size-large\"><img loading=\"lazy\" decoding=\"async\" width=\"768\" height=\"1024\" data-id=\"68205\" src=\"https:\/\/elmetropolitano.com.gt\/es\/wp-content\/uploads\/2023\/06\/347435240_727200052739414_6128822926117236699_n.jpg\" alt=\"\" class=\"wp-image-68205\" srcset=\"https:\/\/elmetropolitano.com.gt\/es\/wp-content\/uploads\/2023\/06\/347435240_727200052739414_6128822926117236699_n.jpg 768w, https:\/\/elmetropolitano.com.gt\/es\/wp-content\/uploads\/2023\/06\/347435240_727200052739414_6128822926117236699_n-225x300.jpg 225w, https:\/\/elmetropolitano.com.gt\/es\/wp-content\/uploads\/2023\/06\/347435240_727200052739414_6128822926117236699_n-600x800.jpg 600w\" sizes=\"auto, (max-width: 768px) 100vw, 768px\" \/><\/figure>\n<\/figure>\n","protected":false},"excerpt":{"rendered":"<p>M\u00e1s de 40 mil guatemaltecos de todo el pa\u00eds participaron en un live en Facebook (25.1k) y Tik Tok (15.5k) y m\u00e1s de 10 mil personas de la estructura escucharon el mensaje de Edmond Mulet v\u00eda Zoom, en 294 municipios del pa\u00eds. El imponente cierre virtual de campa\u00f1a de Edmond Mulet y del partido CABAL <a class=\"read-more\" href=\"https:\/\/elmetropolitano.com.gt\/es\/cierre-de-campana-cabal-con-mas-de-50-mil-guatemaltecos-conectados\/\">Leer m\u00e1s<\/a><\/p>\n","protected":false},"author":1,"featured_media":68203,"comment_status":"open","ping_status":"closed","sticky":false,"template":"","format":"standard","meta":{"footnotes":""},"categories":[97],"tags":[98],"class_list":["post-68202","post","type-post","status-publish","format-standard","has-post-thumbnail","hentry","category-politica","tag-politica"],"_links":{"self":[{"href":"https:\/\/elmetropolitano.com.gt\/es\/wp-json\/wp\/v2\/posts\/68202","targetHints":{"allow":["GET"]}}],"collection":[{"href":"https:\/\/elmetropolitano.com.gt\/es\/wp-json\/wp\/v2\/posts"}],"about":[{"href":"https:\/\/elmetropolitano.com.gt\/es\/wp-json\/wp\/v2\/types\/post"}],"author":[{"embeddable":true,"href":"https:\/\/elmetropolitano.com.gt\/es\/wp-json\/wp\/v2\/users\/1"}],"replies":[{"embeddable":true,"href":"https:\/\/elmetropolitano.com.gt\/es\/wp-json\/wp\/v2\/comments?post=68202"}],"version-history":[{"count":1,"href":"https:\/\/elmetropolitano.com.gt\/es\/wp-json\/wp\/v2\/posts\/68202\/revisions"}],"predecessor-version":[{"id":68206,"href":"https:\/\/elmetropolitano.com.gt\/es\/wp-json\/wp\/v2\/posts\/68202\/revisions\/68206"}],"wp:featuredmedia":[{"embeddable":true,"href":"https:\/\/elmetropolitano.com.gt\/es\/wp-json\/wp\/v2\/media\/68203"}],"wp:attachment":[{"href":"https:\/\/elmetropolitano.com.gt\/es\/wp-json\/wp\/v2\/media?parent=68202"}],"wp:term":[{"taxonomy":"category","embeddable":true,"href":"https:\/\/elmetropolitano.com.gt\/es\/wp-json\/wp\/v2\/categories?post=68202"},{"taxonomy":"post_tag","embeddable":true,"href":"https:\/\/elmetropolitano.com.gt\/es\/wp-json\/wp\/v2\/tags?post=68202"}],"curies":[{"name":"wp","href":"https:\/\/api.w.org\/{rel}","templated":true}]}}