{"id":68257,"date":"2023-06-23T17:01:28","date_gmt":"2023-06-23T23:01:28","guid":{"rendered":"https:\/\/elmetropolitano.com.gt\/es\/?p=68257"},"modified":"2023-06-23T17:01:29","modified_gmt":"2023-06-23T23:01:29","slug":"trabajos-de-mejoramiento-en-carreteras-suspendidos-por-elecciones-generales","status":"publish","type":"post","link":"https:\/\/elmetropolitano.com.gt\/es\/trabajos-de-mejoramiento-en-carreteras-suspendidos-por-elecciones-generales\/","title":{"rendered":"Trabajos de mejoramiento en carreteras suspendidos por elecciones generales"},"content":{"rendered":"\n<p>El Ministerio de Comunicaciones, Infraestructura y Vivienda (CIV) inform\u00f3 que, derivado del protocolo para la atenci\u00f3n en la fase de elecciones dentro del proceso electoral del a\u00f1o 2023, los trabajos de mejoramiento en las carreteras ser\u00e1n suspendidos.<\/p>\n\n\n\n<p>Con el fin de agilizar la transitabilidad en las principales v\u00edas del pa\u00eds, las obras se suspender\u00e1n desde el viernes 23 de junio a las 12:00 horas hasta <a><\/a>el martes 27 de junio a las 12:00 horas.<\/p><div class=\"elmet-contenido\" id=\"elmet-1712469657\"><div class=\"elmet-adlabel\">Anuncios<\/div><div style=\"margin-top: 20px;margin-right: 20px;margin-bottom: 20px;margin-left: 20px;\" id=\"elmet-1230118554\"><a href=\"https:\/\/www.facebook.com\/arrincuanantigua\/\" aria-label=\"cintillo-arrin-cual\"><img loading=\"lazy\" decoding=\"async\" src=\"https:\/\/elmetropolitano.com.gt\/es\/wp-content\/uploads\/2021\/11\/cintillo-arrin-cual-1.jpg\" alt=\"\"  srcset=\"https:\/\/elmetropolitano.com.gt\/es\/wp-content\/uploads\/2021\/11\/cintillo-arrin-cual-1.jpg 750w, https:\/\/elmetropolitano.com.gt\/es\/wp-content\/uploads\/2021\/11\/cintillo-arrin-cual-1-300x36.jpg 300w, https:\/\/elmetropolitano.com.gt\/es\/wp-content\/uploads\/2021\/11\/cintillo-arrin-cual-1-600x72.jpg 600w\" sizes=\"(max-width: 750px) 100vw, 750px\" width=\"750\" height=\"90\"   \/><\/a><\/div><\/div>\n\n\n\n<p>Aparte, se detall\u00f3 que a pesar de la suspensi\u00f3n de trabajos, la cartera se mantendr\u00e1 en apresto para dar asistencia a cualquier emergencia que se presente.<\/p>\n\n\n\n<p>Otras acciones<\/p>\n\n\n\n<p>Las diferentes carteras pertenecientes al Ejecutivo han creado ciertas medidas para asegurar que el pr\u00f3ximo 25 de junio los guatemaltecos se acerquen a las urnas a emitir su voto.<\/p>\n\n\n\n<p>Por parte del Ministerio de Gobernaci\u00f3n, se desplegar\u00e1n m\u00e1s de 42 mil agentes de la Polic\u00eda Nacional Civil (PNC). Estos se desplazar\u00e1n a nivel nacional de manera estrat\u00e9gica para velar por la seguridad de los guatemaltecos.<\/p>\n\n\n\n<p>En cuanto al Ministerio de Salud P\u00fablica y Asistencia Social, se ha declarado en alerta roja institucional a nivel nacional. Con esta medida, se obliga al personal de la red hospitalaria a estar al pendiente de cualquier eventualidad.<\/p>\n\n\n\n<p>Lo anterior con el fin de reforzar la prevenci\u00f3n, mitigaci\u00f3n y atenci\u00f3n de emergencias durante las votaciones. En ese sentido, la alerta abarca a los 22 departamentos del pa\u00eds.<\/p>\n\n\n\n<p>La Secretar\u00eda de Comunicaci\u00f3n Social de la Presidencia tambi\u00e9n inform\u00f3 que por medio de acuerdo gubernativo se otorg\u00f3 un permiso laboral con goce de sueldo a todos los servidores de las entidades p\u00fablicas. Esto para el lunes posterior a las elecciones generales 2023.<\/p>\n\n\n\n<p>Todas las entidades hacen el llamado a la poblaci\u00f3n a cumplir con su deber y derecho ciudadano, y votar con responsabilidad.<\/p>\n\n\n\n<p>Texto: Yuliza Mu\u00f1oz<\/p>\n\n\n\n<p><a href=\"https:\/\/www.facebook.com\/hashtag\/eleccionesgt2023?__eep__=6&amp;__cft__[0]=AZV0jHCictTLjxcdhljK1yhl5X8pMGM2iqxX52424CaUEDfUIas4IerfpWcLRnAgy1cxn9AjBgnhuV9n3JqbTcjbJmZhds82WIthxhpm3Z8SZU9ywihXjZzcJOZBkT9qMNKPTXuJH375t0howfsVURn_qZ0qrw9POKvGlzVYkPvn0u_7-OmgM2NrfmvGPaOEkCg&amp;__tn__=*NK-R\">#EleccionesGT2023<\/a><a href=\"https:\/\/www.facebook.com\/hashtag\/yovoto?__eep__=6&amp;__cft__[0]=AZV0jHCictTLjxcdhljK1yhl5X8pMGM2iqxX52424CaUEDfUIas4IerfpWcLRnAgy1cxn9AjBgnhuV9n3JqbTcjbJmZhds82WIthxhpm3Z8SZU9ywihXjZzcJOZBkT9qMNKPTXuJH375t0howfsVURn_qZ0qrw9POKvGlzVYkPvn0u_7-OmgM2NrfmvGPaOEkCg&amp;__tn__=*NK-R\">#YoVoto<\/a><\/p>\n\n\n\n<p><\/p>\n","protected":false},"excerpt":{"rendered":"<p>El Ministerio de Comunicaciones, Infraestructura y Vivienda (CIV) inform\u00f3 que, derivado del protocolo para la atenci\u00f3n en la fase de elecciones dentro del proceso electoral del a\u00f1o 2023, los trabajos de mejoramiento en las carreteras ser\u00e1n suspendidos. Con el fin de agilizar la transitabilidad en las principales v\u00edas del pa\u00eds, las obras se suspender\u00e1n desde <a class=\"read-more\" href=\"https:\/\/elmetropolitano.com.gt\/es\/trabajos-de-mejoramiento-en-carreteras-suspendidos-por-elecciones-generales\/\">Leer m\u00e1s<\/a><\/p>\n","protected":false},"author":1,"featured_media":68258,"comment_status":"open","ping_status":"closed","sticky":false,"template":"","format":"standard","meta":{"footnotes":""},"categories":[2],"tags":[12],"class_list":["post-68257","post","type-post","status-publish","format-standard","has-post-thumbnail","hentry","category-nacionales","tag-nacionales"],"_links":{"self":[{"href":"https:\/\/elmetropolitano.com.gt\/es\/wp-json\/wp\/v2\/posts\/68257","targetHints":{"allow":["GET"]}}],"collection":[{"href":"https:\/\/elmetropolitano.com.gt\/es\/wp-json\/wp\/v2\/posts"}],"about":[{"href":"https:\/\/elmetropolitano.com.gt\/es\/wp-json\/wp\/v2\/types\/post"}],"author":[{"embeddable":true,"href":"https:\/\/elmetropolitano.com.gt\/es\/wp-json\/wp\/v2\/users\/1"}],"replies":[{"embeddable":true,"href":"https:\/\/elmetropolitano.com.gt\/es\/wp-json\/wp\/v2\/comments?post=68257"}],"version-history":[{"count":1,"href":"https:\/\/elmetropolitano.com.gt\/es\/wp-json\/wp\/v2\/posts\/68257\/revisions"}],"predecessor-version":[{"id":68259,"href":"https:\/\/elmetropolitano.com.gt\/es\/wp-json\/wp\/v2\/posts\/68257\/revisions\/68259"}],"wp:featuredmedia":[{"embeddable":true,"href":"https:\/\/elmetropolitano.com.gt\/es\/wp-json\/wp\/v2\/media\/68258"}],"wp:attachment":[{"href":"https:\/\/elmetropolitano.com.gt\/es\/wp-json\/wp\/v2\/media?parent=68257"}],"wp:term":[{"taxonomy":"category","embeddable":true,"href":"https:\/\/elmetropolitano.com.gt\/es\/wp-json\/wp\/v2\/categories?post=68257"},{"taxonomy":"post_tag","embeddable":true,"href":"https:\/\/elmetropolitano.com.gt\/es\/wp-json\/wp\/v2\/tags?post=68257"}],"curies":[{"name":"wp","href":"https:\/\/api.w.org\/{rel}","templated":true}]}}