{"id":68268,"date":"2023-06-23T17:38:58","date_gmt":"2023-06-23T23:38:58","guid":{"rendered":"https:\/\/elmetropolitano.com.gt\/es\/?p=68268"},"modified":"2023-06-23T17:39:00","modified_gmt":"2023-06-23T23:39:00","slug":"mantas-advierten-sobre-acarreados-en-siquinala-en-elecciones-del-domingo","status":"publish","type":"post","link":"https:\/\/elmetropolitano.com.gt\/es\/mantas-advierten-sobre-acarreados-en-siquinala-en-elecciones-del-domingo\/","title":{"rendered":"Mantas advierten sobre acarreados en Siquinal\u00e1 en elecciones del domingo"},"content":{"rendered":"\n<p>En los \u00faltimos d\u00edas, el Municipio de Siquinal\u00e1 se ha visto envuelto en una pol\u00e9mica debido a la aparici\u00f3n de mantas en diversos puntos de la localidad.<\/p>\n\n\n\n<p><a><\/a>Estas mantas contienen un mensaje dirigido a personas ajenas a Siquinal\u00e1, advirti\u00e9ndoles que evitaran votar en las elecciones municipales, ya que podr\u00edan estar cometiendo un delito.<\/p><div class=\"elmet-contenido\" id=\"elmet-3326011644\"><div class=\"elmet-adlabel\">Anuncios<\/div><div style=\"margin-top: 20px;margin-right: 20px;margin-bottom: 20px;margin-left: 20px;\" id=\"elmet-3173419273\"><a href=\"https:\/\/www.facebook.com\/arrincuanantigua\/\" aria-label=\"cintillo-arrin-cual\"><img loading=\"lazy\" decoding=\"async\" src=\"https:\/\/elmetropolitano.com.gt\/es\/wp-content\/uploads\/2021\/11\/cintillo-arrin-cual-1.jpg\" alt=\"\"  srcset=\"https:\/\/elmetropolitano.com.gt\/es\/wp-content\/uploads\/2021\/11\/cintillo-arrin-cual-1.jpg 750w, https:\/\/elmetropolitano.com.gt\/es\/wp-content\/uploads\/2021\/11\/cintillo-arrin-cual-1-300x36.jpg 300w, https:\/\/elmetropolitano.com.gt\/es\/wp-content\/uploads\/2021\/11\/cintillo-arrin-cual-1-600x72.jpg 600w\" sizes=\"(max-width: 750px) 100vw, 750px\" width=\"750\" height=\"90\"   \/><\/a><\/div><\/div>\n\n\n\n<p>El fundamento utilizado para respaldar esta advertencia se encuentra en los Art\u00edculos 322 y 327 A del C\u00f3digo Penal de Guatemala, que abordan el tema de la falsedad ideol\u00f3gica con agravaci\u00f3n electoral.<\/p>\n\n\n\n<p>Las mantas han generado una serie de reacciones y opiniones encontradas entre los residentes de Siquinal\u00e1. Mientras algunos ciudadanos apoyan la iniciativa y consideran que es necesario proteger la integridad del proceso electoral.<\/p>\n\n\n\n<p><a href=\"https:\/\/www.facebook.com\/hashtag\/eleccionesgt2023?__eep__=6&amp;__cft__[0]=AZV2FxoVVzQYGJob_BmhO_gsqwLcle3jblXDvzEO9onwXgqBnaCxA_wl-npYAYSyd7YXDUsLsyiz_VTPPOaO9bHrVPpbcBselvcslQSkJ1xRx4DHdYrmFhR1CpcvlNrZRP62sx1iajtv83eLTPiconuRnotwlCNKKP3_aC8i6jlNNcmBZa5VbQAObEy52xTNIIA&amp;__tn__=*NK-R\">#EleccionesGT2023<\/a><a href=\"https:\/\/www.facebook.com\/hashtag\/yovoto?__eep__=6&amp;__cft__[0]=AZV2FxoVVzQYGJob_BmhO_gsqwLcle3jblXDvzEO9onwXgqBnaCxA_wl-npYAYSyd7YXDUsLsyiz_VTPPOaO9bHrVPpbcBselvcslQSkJ1xRx4DHdYrmFhR1CpcvlNrZRP62sx1iajtv83eLTPiconuRnotwlCNKKP3_aC8i6jlNNcmBZa5VbQAObEy52xTNIIA&amp;__tn__=*NK-R\">#YoVoto<\/a><\/p>\n\n\n\n<figure class=\"wp-block-gallery has-nested-images columns-default is-cropped wp-block-gallery-1 is-layout-flex wp-block-gallery-is-layout-flex\">\n<figure class=\"wp-block-image size-large\"><img loading=\"lazy\" decoding=\"async\" width=\"637\" height=\"1024\" data-id=\"68271\" src=\"https:\/\/elmetropolitano.com.gt\/es\/wp-content\/uploads\/2023\/06\/347629273_727619712697448_1081515378063800372_n-637x1024.jpg\" alt=\"\" class=\"wp-image-68271\" srcset=\"https:\/\/elmetropolitano.com.gt\/es\/wp-content\/uploads\/2023\/06\/347629273_727619712697448_1081515378063800372_n-637x1024.jpg 637w, https:\/\/elmetropolitano.com.gt\/es\/wp-content\/uploads\/2023\/06\/347629273_727619712697448_1081515378063800372_n-187x300.jpg 187w, https:\/\/elmetropolitano.com.gt\/es\/wp-content\/uploads\/2023\/06\/347629273_727619712697448_1081515378063800372_n-768x1234.jpg 768w, https:\/\/elmetropolitano.com.gt\/es\/wp-content\/uploads\/2023\/06\/347629273_727619712697448_1081515378063800372_n-600x964.jpg 600w, https:\/\/elmetropolitano.com.gt\/es\/wp-content\/uploads\/2023\/06\/347629273_727619712697448_1081515378063800372_n.jpg 812w\" sizes=\"auto, (max-width: 637px) 100vw, 637px\" \/><\/figure>\n\n\n\n<figure class=\"wp-block-image size-large\"><img loading=\"lazy\" decoding=\"async\" width=\"594\" height=\"1024\" data-id=\"68270\" src=\"https:\/\/elmetropolitano.com.gt\/es\/wp-content\/uploads\/2023\/06\/347630554_727619702697449_3569413540709374248_n-594x1024.jpg\" alt=\"\" class=\"wp-image-68270\" srcset=\"https:\/\/elmetropolitano.com.gt\/es\/wp-content\/uploads\/2023\/06\/347630554_727619702697449_3569413540709374248_n-594x1024.jpg 594w, https:\/\/elmetropolitano.com.gt\/es\/wp-content\/uploads\/2023\/06\/347630554_727619702697449_3569413540709374248_n-174x300.jpg 174w, https:\/\/elmetropolitano.com.gt\/es\/wp-content\/uploads\/2023\/06\/347630554_727619702697449_3569413540709374248_n-768x1323.jpg 768w, https:\/\/elmetropolitano.com.gt\/es\/wp-content\/uploads\/2023\/06\/347630554_727619702697449_3569413540709374248_n-600x1034.jpg 600w, https:\/\/elmetropolitano.com.gt\/es\/wp-content\/uploads\/2023\/06\/347630554_727619702697449_3569413540709374248_n.jpg 783w\" sizes=\"auto, (max-width: 594px) 100vw, 594px\" \/><\/figure>\n<\/figure>\n","protected":false},"excerpt":{"rendered":"<p>En los \u00faltimos d\u00edas, el Municipio de Siquinal\u00e1 se ha visto envuelto en una pol\u00e9mica debido a la aparici\u00f3n de mantas en diversos puntos de la localidad. Estas mantas contienen un mensaje dirigido a personas ajenas a Siquinal\u00e1, advirti\u00e9ndoles que evitaran votar en las elecciones municipales, ya que podr\u00edan estar cometiendo un delito. El fundamento <a class=\"read-more\" href=\"https:\/\/elmetropolitano.com.gt\/es\/mantas-advierten-sobre-acarreados-en-siquinala-en-elecciones-del-domingo\/\">Leer m\u00e1s<\/a><\/p>\n","protected":false},"author":1,"featured_media":68269,"comment_status":"open","ping_status":"closed","sticky":false,"template":"","format":"standard","meta":{"footnotes":""},"categories":[2],"tags":[12],"class_list":["post-68268","post","type-post","status-publish","format-standard","has-post-thumbnail","hentry","category-nacionales","tag-nacionales"],"_links":{"self":[{"href":"https:\/\/elmetropolitano.com.gt\/es\/wp-json\/wp\/v2\/posts\/68268","targetHints":{"allow":["GET"]}}],"collection":[{"href":"https:\/\/elmetropolitano.com.gt\/es\/wp-json\/wp\/v2\/posts"}],"about":[{"href":"https:\/\/elmetropolitano.com.gt\/es\/wp-json\/wp\/v2\/types\/post"}],"author":[{"embeddable":true,"href":"https:\/\/elmetropolitano.com.gt\/es\/wp-json\/wp\/v2\/users\/1"}],"replies":[{"embeddable":true,"href":"https:\/\/elmetropolitano.com.gt\/es\/wp-json\/wp\/v2\/comments?post=68268"}],"version-history":[{"count":1,"href":"https:\/\/elmetropolitano.com.gt\/es\/wp-json\/wp\/v2\/posts\/68268\/revisions"}],"predecessor-version":[{"id":68272,"href":"https:\/\/elmetropolitano.com.gt\/es\/wp-json\/wp\/v2\/posts\/68268\/revisions\/68272"}],"wp:featuredmedia":[{"embeddable":true,"href":"https:\/\/elmetropolitano.com.gt\/es\/wp-json\/wp\/v2\/media\/68269"}],"wp:attachment":[{"href":"https:\/\/elmetropolitano.com.gt\/es\/wp-json\/wp\/v2\/media?parent=68268"}],"wp:term":[{"taxonomy":"category","embeddable":true,"href":"https:\/\/elmetropolitano.com.gt\/es\/wp-json\/wp\/v2\/categories?post=68268"},{"taxonomy":"post_tag","embeddable":true,"href":"https:\/\/elmetropolitano.com.gt\/es\/wp-json\/wp\/v2\/tags?post=68268"}],"curies":[{"name":"wp","href":"https:\/\/api.w.org\/{rel}","templated":true}]}}