{"id":68273,"date":"2023-06-23T17:41:16","date_gmt":"2023-06-23T23:41:16","guid":{"rendered":"https:\/\/elmetropolitano.com.gt\/es\/?p=68273"},"modified":"2023-06-23T17:41:17","modified_gmt":"2023-06-23T23:41:17","slug":"declaran-emergencia-en-el-sistema-electrico-del-pais-por-elecciones","status":"publish","type":"post","link":"https:\/\/elmetropolitano.com.gt\/es\/declaran-emergencia-en-el-sistema-electrico-del-pais-por-elecciones\/","title":{"rendered":"Declaran emergencia en el sistema el\u00e9ctrico del pa\u00eds por elecciones"},"content":{"rendered":"\n<p>Ante la falta de lluvias en el territorio guatemalteco y los comicios el pr\u00f3ximo 25 de junio, el Gobierno de Guatemala, por medio del Ministerio de Energ\u00eda y Minas (MEM) ha declarado situaci\u00f3n de emergencia en el sistema el\u00e9ctrico del pa\u00eds.<\/p>\n\n\n\n<p>Por medio de una publicaci\u00f3n en la edici\u00f3n legal del Diario de Centro Am\u00e9rica, se present\u00f3 el Acuerdo Ministerial N\u00famero 165-2023 del MEM. En este se establece que la <a><\/a>emergencia permanecer\u00e1 por tres semanas, tiempo que podr\u00eda prorrogarse de continuar con las mismas condiciones que originan la emergencia.<\/p><div class=\"elmet-contenido\" id=\"elmet-2495199850\"><div class=\"elmet-adlabel\">Anuncios<\/div><div style=\"margin-top: 20px;margin-right: 20px;margin-bottom: 20px;margin-left: 20px;\" id=\"elmet-1162040795\"><a href=\"https:\/\/www.facebook.com\/arrincuanantigua\/\" aria-label=\"cintillo-arrin-cual\"><img loading=\"lazy\" decoding=\"async\" src=\"https:\/\/elmetropolitano.com.gt\/es\/wp-content\/uploads\/2021\/11\/cintillo-arrin-cual-1.jpg\" alt=\"\"  srcset=\"https:\/\/elmetropolitano.com.gt\/es\/wp-content\/uploads\/2021\/11\/cintillo-arrin-cual-1.jpg 750w, https:\/\/elmetropolitano.com.gt\/es\/wp-content\/uploads\/2021\/11\/cintillo-arrin-cual-1-300x36.jpg 300w, https:\/\/elmetropolitano.com.gt\/es\/wp-content\/uploads\/2021\/11\/cintillo-arrin-cual-1-600x72.jpg 600w\" sizes=\"(max-width: 750px) 100vw, 750px\" width=\"750\" height=\"90\"   \/><\/a><\/div><\/div>\n\n\n\n<p>Medidas<\/p>\n\n\n\n<p>La disposici\u00f3n legal establece que durante el tiempo de la emergencia se tomar\u00e1n medidas para garantizar la seguridad y suministro de electricidad.<\/p>\n\n\n\n<p>Por lo tanto, se menciona que las medidas deben priorizar el abastecimiento de la demanda al m\u00ednimo costo. Igualmente, el documento detalla:<\/p>\n\n\n\n<p>Limitaci\u00f3n de los horarios de la ejecuci\u00f3n de mantenimientos de unidades generadoras e instalaciones de transmisi\u00f3n priorizando el abastecimiento de energ\u00eda el\u00e9ctrica, tomando en cuenta las necesidades de generaci\u00f3n, disponibilidad de recursos naturales y combustibles.<\/p>\n\n\n\n<p>Adem\u00e1s, el acuerdo destaca la restricci\u00f3n de las exportaciones de energ\u00eda el\u00e9ctrica. Esto, priorizando el uso de la oferta disponible para abastecer la demanda de energ\u00eda el\u00e9ctrica del pa\u00eds.<\/p>\n\n\n\n<p>Estas medidas fueron fundamentadas considerando que el Instituto Nacional de Sismolog\u00eda, Vulcanolog\u00eda, Meteorolog\u00eda e Hidrolog\u00eda (Insivumeh) destac\u00f3 que la falta de lluvias podr\u00eda continuar en los departamentos de:<\/p>\n\n\n\n<p>Huehuetenango<\/p>\n\n\n\n<p>Quich\u00e9<\/p>\n\n\n\n<p>Alta Verapaz<\/p>\n\n\n\n<p>Izabal<\/p>\n\n\n\n<p>regi\u00f3n de valles de oriente<\/p>\n\n\n\n<p>norte de altiplano central<\/p>\n\n\n\n<p>Texto: Yuliza Mu\u00f1oz<\/p>\n\n\n\n<p><a href=\"https:\/\/www.facebook.com\/hashtag\/eleccionesgt2023?__eep__=6&amp;__cft__[0]=AZXWH7jXkva0qArayL6Vv_xuwSYictlN3DrWE5ixvCBcONVbVJ0_Tbyl2EUHNx2Fjx9aPWWKajzNVLqm74PFoWu1TB6I9aJ9oWG3vc8aHov6ua3AX1RIGHznRuywn68a_jsULDkZmg-JyqQnMGk2rRO7B2Hmn4V8ZvdATaCL1Q3yRj9v2a2NHyPdZa6FGPV0WTU&amp;__tn__=*NK-R\">#EleccionesGT2023<\/a><a href=\"https:\/\/www.facebook.com\/hashtag\/yovoto?__eep__=6&amp;__cft__[0]=AZXWH7jXkva0qArayL6Vv_xuwSYictlN3DrWE5ixvCBcONVbVJ0_Tbyl2EUHNx2Fjx9aPWWKajzNVLqm74PFoWu1TB6I9aJ9oWG3vc8aHov6ua3AX1RIGHznRuywn68a_jsULDkZmg-JyqQnMGk2rRO7B2Hmn4V8ZvdATaCL1Q3yRj9v2a2NHyPdZa6FGPV0WTU&amp;__tn__=*NK-R\">#YoVoto<\/a><\/p>\n\n\n\n<p><\/p>\n","protected":false},"excerpt":{"rendered":"<p>Ante la falta de lluvias en el territorio guatemalteco y los comicios el pr\u00f3ximo 25 de junio, el Gobierno de Guatemala, por medio del Ministerio de Energ\u00eda y Minas (MEM) ha declarado situaci\u00f3n de emergencia en el sistema el\u00e9ctrico del pa\u00eds. Por medio de una publicaci\u00f3n en la edici\u00f3n legal del Diario de Centro Am\u00e9rica, <a class=\"read-more\" href=\"https:\/\/elmetropolitano.com.gt\/es\/declaran-emergencia-en-el-sistema-electrico-del-pais-por-elecciones\/\">Leer m\u00e1s<\/a><\/p>\n","protected":false},"author":1,"featured_media":68274,"comment_status":"open","ping_status":"closed","sticky":false,"template":"","format":"standard","meta":{"footnotes":""},"categories":[2],"tags":[12],"class_list":["post-68273","post","type-post","status-publish","format-standard","has-post-thumbnail","hentry","category-nacionales","tag-nacionales"],"_links":{"self":[{"href":"https:\/\/elmetropolitano.com.gt\/es\/wp-json\/wp\/v2\/posts\/68273","targetHints":{"allow":["GET"]}}],"collection":[{"href":"https:\/\/elmetropolitano.com.gt\/es\/wp-json\/wp\/v2\/posts"}],"about":[{"href":"https:\/\/elmetropolitano.com.gt\/es\/wp-json\/wp\/v2\/types\/post"}],"author":[{"embeddable":true,"href":"https:\/\/elmetropolitano.com.gt\/es\/wp-json\/wp\/v2\/users\/1"}],"replies":[{"embeddable":true,"href":"https:\/\/elmetropolitano.com.gt\/es\/wp-json\/wp\/v2\/comments?post=68273"}],"version-history":[{"count":1,"href":"https:\/\/elmetropolitano.com.gt\/es\/wp-json\/wp\/v2\/posts\/68273\/revisions"}],"predecessor-version":[{"id":68275,"href":"https:\/\/elmetropolitano.com.gt\/es\/wp-json\/wp\/v2\/posts\/68273\/revisions\/68275"}],"wp:featuredmedia":[{"embeddable":true,"href":"https:\/\/elmetropolitano.com.gt\/es\/wp-json\/wp\/v2\/media\/68274"}],"wp:attachment":[{"href":"https:\/\/elmetropolitano.com.gt\/es\/wp-json\/wp\/v2\/media?parent=68273"}],"wp:term":[{"taxonomy":"category","embeddable":true,"href":"https:\/\/elmetropolitano.com.gt\/es\/wp-json\/wp\/v2\/categories?post=68273"},{"taxonomy":"post_tag","embeddable":true,"href":"https:\/\/elmetropolitano.com.gt\/es\/wp-json\/wp\/v2\/tags?post=68273"}],"curies":[{"name":"wp","href":"https:\/\/api.w.org\/{rel}","templated":true}]}}