{"id":68277,"date":"2023-06-24T09:51:47","date_gmt":"2023-06-24T15:51:47","guid":{"rendered":"https:\/\/elmetropolitano.com.gt\/es\/?p=68277"},"modified":"2023-06-24T09:51:48","modified_gmt":"2023-06-24T15:51:48","slug":"giammattei-llama-a-la-ciudadania-a-ejercer-el-derecho-al-voto","status":"publish","type":"post","link":"https:\/\/elmetropolitano.com.gt\/es\/giammattei-llama-a-la-ciudadania-a-ejercer-el-derecho-al-voto\/","title":{"rendered":"Giammattei llama a la ciudadan\u00eda a ejercer el derecho al voto"},"content":{"rendered":"\n<p>En cadena nacional, este viernes, el presidente Alejandro Giammattei hizo el llamado a los guatemaltecos a ejercer el derecho al voto en los comicios que se celebrar\u00e1n este domingo a nivel nacional.<\/p>\n\n\n\n<p>Al <a><\/a>respecto, dijo que este \u201cdomingo 25 de junio, los guatemaltecos acudiremos a las urnas a emitir nuestro voto con patriotismo y a ejercer nuestra ciudadan\u00eda\u201d<\/p><div class=\"elmet-contenido\" id=\"elmet-2183533365\"><div class=\"elmet-adlabel\">Anuncios<\/div><div style=\"margin-top: 20px;margin-right: 20px;margin-bottom: 20px;margin-left: 20px;\" id=\"elmet-3872980298\"><a href=\"https:\/\/www.facebook.com\/arrincuanantigua\/\" aria-label=\"cintillo-arrin-cual\"><img loading=\"lazy\" decoding=\"async\" src=\"https:\/\/elmetropolitano.com.gt\/es\/wp-content\/uploads\/2021\/11\/cintillo-arrin-cual-1.jpg\" alt=\"\"  srcset=\"https:\/\/elmetropolitano.com.gt\/es\/wp-content\/uploads\/2021\/11\/cintillo-arrin-cual-1.jpg 750w, https:\/\/elmetropolitano.com.gt\/es\/wp-content\/uploads\/2021\/11\/cintillo-arrin-cual-1-300x36.jpg 300w, https:\/\/elmetropolitano.com.gt\/es\/wp-content\/uploads\/2021\/11\/cintillo-arrin-cual-1-600x72.jpg 600w\" sizes=\"(max-width: 750px) 100vw, 750px\" width=\"750\" height=\"90\"   \/><\/a><\/div><\/div>\n\n\n\n<p>El jefe del Ejecutivo resalt\u00f3 que el sufragio deber ser universal, secreto, personal y absolutamente libre.<\/p>\n\n\n\n<p>El mensaje<\/p>\n\n\n\n<p>El gobernante emiti\u00f3 este d\u00eda un mensaje a la naci\u00f3n desde el Palacio Nacional de la Cultura, el cual representa el punto de partida de todos los caminos del pa\u00eds.<\/p>\n\n\n\n<p>En sus palabras refiri\u00f3 que esta es la antesala a unas nuevas elecciones generales en el pa\u00eds:<\/p>\n\n\n\n<p>\u201cPrecisamente en la antesala de nuestras elecciones generales, cuando los guatemaltecos elegiremos nuevas autoridades que tendr\u00e1n a su cargo la direcci\u00f3n de nuestra amada Guatemala\u201d indic\u00f3 Giammattei<\/p>\n\n\n\n<p>Adem\u00e1s, resalt\u00f3 que el sufragio representa la voluntad suprema de todos los guatemaltecos. Esto a trav\u00e9s del deber c\u00edvico. Agreg\u00f3:<\/p>\n\n\n\n<p>Nuestras elecciones generales son el indicador m\u00e1s leg\u00edtimo del prop\u00f3sito com\u00fan que aspiramos para Guatemala, esa Guatemala que merecemos.<\/p>\n\n\n\n<p>Apoyo del Ejecutivo<\/p>\n\n\n\n<p>El 22 de junio, se p\u00fablico en el diario oficial el Acuerdo Gubernativo 138-2023. Este detalla que el Ejecutivo concede permiso con goce de salario a los trabajadores del sector p\u00fablico el lunes 26 de junio del presente a\u00f1o.<\/p>\n\n\n\n<p>Al respecto, la presente disposici\u00f3n incluye a empleados de entidades centralizadas y descentralizadas del Estado.<\/p>\n\n\n\n<p>Este responde a que un gran n\u00famero de colaboradores del sector p\u00fablico tienen que viajar a sus lugares de origen para emitir el sufragio.<\/p>\n\n\n\n<p>A esto se agrega el traslado de mobiliario y enseres a los espacios destinados para emitir el sufragio, que en su mayor\u00eda son establecimientos educativos. En tal sentido tambi\u00e9n se indica que una buena cantidad de edificios de la administraci\u00f3n p\u00fablica son utilizados como centros de votaci\u00f3n.<\/p>\n\n\n\n<p>El acuerdo mencionado empez\u00f3 a regir a partir del d\u00eda de su publicaci\u00f3n en el diario oficial.<\/p>\n\n\n\n<p>Los comicios<\/p>\n\n\n\n<p>El domingo 25 de junio se celebrar\u00e1n elecciones generales en todo el pa\u00eds.<\/p>\n\n\n\n<p>El Tribunal Supremo Electoral confirm\u00f3 que el padr\u00f3n electoral registra 9 millones 361 mil 68 ciudadanos aptos para votar en Guatemala.<\/p>\n\n\n\n<p>Si ninguno de los candidatos obtiene el 50 % m\u00e1s uno de votos, habr\u00e1 segunda vuelta el domingo 20 de agosto.<\/p>\n\n\n\n<p>El Departamento de Inscripci\u00f3n de Ciudadanos y Elaboraci\u00f3n de Padrones inform\u00f3 que el padr\u00f3n electoral aument\u00f3 en aproximadamente un mill\u00f3n 315 mil ciudadanos en comparaci\u00f3n con las elecciones generales anteriores.<\/p>\n\n\n\n<p>#metroredes<\/p>\n\n\n\n<p><\/p>\n","protected":false},"excerpt":{"rendered":"<p>En cadena nacional, este viernes, el presidente Alejandro Giammattei hizo el llamado a los guatemaltecos a ejercer el derecho al voto en los comicios que se celebrar\u00e1n este domingo a nivel nacional. Al respecto, dijo que este \u201cdomingo 25 de junio, los guatemaltecos acudiremos a las urnas a emitir nuestro voto con patriotismo y a <a class=\"read-more\" href=\"https:\/\/elmetropolitano.com.gt\/es\/giammattei-llama-a-la-ciudadania-a-ejercer-el-derecho-al-voto\/\">Leer m\u00e1s<\/a><\/p>\n","protected":false},"author":1,"featured_media":68278,"comment_status":"open","ping_status":"closed","sticky":false,"template":"","format":"standard","meta":{"footnotes":""},"categories":[2],"tags":[12],"class_list":["post-68277","post","type-post","status-publish","format-standard","has-post-thumbnail","hentry","category-nacionales","tag-nacionales"],"_links":{"self":[{"href":"https:\/\/elmetropolitano.com.gt\/es\/wp-json\/wp\/v2\/posts\/68277","targetHints":{"allow":["GET"]}}],"collection":[{"href":"https:\/\/elmetropolitano.com.gt\/es\/wp-json\/wp\/v2\/posts"}],"about":[{"href":"https:\/\/elmetropolitano.com.gt\/es\/wp-json\/wp\/v2\/types\/post"}],"author":[{"embeddable":true,"href":"https:\/\/elmetropolitano.com.gt\/es\/wp-json\/wp\/v2\/users\/1"}],"replies":[{"embeddable":true,"href":"https:\/\/elmetropolitano.com.gt\/es\/wp-json\/wp\/v2\/comments?post=68277"}],"version-history":[{"count":1,"href":"https:\/\/elmetropolitano.com.gt\/es\/wp-json\/wp\/v2\/posts\/68277\/revisions"}],"predecessor-version":[{"id":68279,"href":"https:\/\/elmetropolitano.com.gt\/es\/wp-json\/wp\/v2\/posts\/68277\/revisions\/68279"}],"wp:featuredmedia":[{"embeddable":true,"href":"https:\/\/elmetropolitano.com.gt\/es\/wp-json\/wp\/v2\/media\/68278"}],"wp:attachment":[{"href":"https:\/\/elmetropolitano.com.gt\/es\/wp-json\/wp\/v2\/media?parent=68277"}],"wp:term":[{"taxonomy":"category","embeddable":true,"href":"https:\/\/elmetropolitano.com.gt\/es\/wp-json\/wp\/v2\/categories?post=68277"},{"taxonomy":"post_tag","embeddable":true,"href":"https:\/\/elmetropolitano.com.gt\/es\/wp-json\/wp\/v2\/tags?post=68277"}],"curies":[{"name":"wp","href":"https:\/\/api.w.org\/{rel}","templated":true}]}}