{"id":68292,"date":"2023-06-25T09:21:37","date_gmt":"2023-06-25T15:21:37","guid":{"rendered":"https:\/\/elmetropolitano.com.gt\/es\/?p=68292"},"modified":"2023-06-25T09:21:38","modified_gmt":"2023-06-25T15:21:38","slug":"todos-a-votar","status":"publish","type":"post","link":"https:\/\/elmetropolitano.com.gt\/es\/todos-a-votar\/","title":{"rendered":"Todos a votar"},"content":{"rendered":"\n<p>Lleg\u00f3 la hora de cumplir con nuestro deber c\u00edvico y asistir hoy a partir de las 7 de la ma\u00f1ana a las mesas electorales preparadas por el Tribunal Supremo Electoral TSE, para que con el apoyo de la PNC, Ej\u00e9rcito y Ministerio P\u00fablico resguarden los centros de votaci\u00f3n para que todo pueda transcurrir con toda tranquilidad.<\/p>\n\n\n\n<p>Esta es nuestra fiesta c\u00edvica y las instituciones han preparado el escenario para que nosotros los que amamos a nuestro pa\u00eds podamos elegir hoy al <a><\/a>futuro presidente, los diputados al Congreso de la Rep\u00fablica y a los alcaldes de los diferentes municipios de pa\u00eds.<\/p><div class=\"elmet-contenido\" id=\"elmet-2962702736\"><div class=\"elmet-adlabel\">Anuncios<\/div><div style=\"margin-top: 20px;margin-right: 20px;margin-bottom: 20px;margin-left: 20px;\" id=\"elmet-38363758\"><a href=\"https:\/\/www.facebook.com\/arrincuanantigua\/\" aria-label=\"cintillo-arrin-cual\"><img loading=\"lazy\" decoding=\"async\" src=\"https:\/\/elmetropolitano.com.gt\/es\/wp-content\/uploads\/2021\/11\/cintillo-arrin-cual-1.jpg\" alt=\"\"  srcset=\"https:\/\/elmetropolitano.com.gt\/es\/wp-content\/uploads\/2021\/11\/cintillo-arrin-cual-1.jpg 750w, https:\/\/elmetropolitano.com.gt\/es\/wp-content\/uploads\/2021\/11\/cintillo-arrin-cual-1-300x36.jpg 300w, https:\/\/elmetropolitano.com.gt\/es\/wp-content\/uploads\/2021\/11\/cintillo-arrin-cual-1-600x72.jpg 600w\" sizes=\"(max-width: 750px) 100vw, 750px\" width=\"750\" height=\"90\"   \/><\/a><\/div><\/div>\n\n\n\n<p>En nuestras manos est\u00e1 el futuro de nuestra naci\u00f3n y de nuestras comunidades, elijamos inteligentemente de acuerdo a las mejores propuestas que se nos dieron para el beneficio de nuestra naci\u00f3n y de nuestras comunidades.<\/p>\n\n\n\n<p>Este es el momento en que como guatemaltecos premiamos a los buenos funcionarios y castigamos con nuestro anti voto en contra de aquellos que no han sabido responder a las necesidades de nuestras comunidades.<\/p>\n\n\n\n<p>Al que primero tenemos que vencer es al abstencionismo y asistamos todos para demostrarle al mundo que en nuestro pa\u00eds somos parte de la democracia de nuestra naci\u00f3n y nos preocupa el destino de nuestras comunidades.<\/p>\n\n\n\n<p>Seg\u00fan la creencia de cada quien pidamos a Dios que nos de la sabidur\u00eda primero para poder cumplir con nuestra deber y para hacerlo con sabidur\u00eda ya que de nosotros depende el futuro de nuestra naci\u00f3n.<\/p>\n\n\n\n<p>Que nadie se quede en casa, todos debemos asistir a los centros de votaci\u00f3n y hacer nuestra mejor elecci\u00f3n, pensando no solo en nosotros, sino en nuestros hijos, recordemos que nuestros padres lucharon un d\u00eda para darnos la libertad, ahora nos toca a nosotros dejar un buen futuro a nuestros hijos seg\u00fan nuestra decisi\u00f3n.<\/p>\n\n\n\n<p>Guatemala nos necesita y este no es el momento hist\u00f3rico en el que el mundo enfrenta cambios que han golpeado los valores morales de diferentes pa\u00edses y que Dios nos guarde de tomar una decisi\u00f3n como esa y sobre todo pedirle al Creador que la persona que dirija el destino de nuestro pa\u00eds lo pueda hacer bajo la gu\u00eda del Alt\u00edsimo para tener su bendici\u00f3n y encontrar la paz y el desarrollo que como guatemaltecos tanto necesitamos.<\/p>\n\n\n\n<p>Por eso es importante que todos ejerzamos nuestro derecho a voto y d\u00e9mosle a nuestros hijos el futuro que merecen y a nuestra naci\u00f3n un gobernante respetuoso de las tradiciones sociales y religiosas de nuestro pa\u00eds para tener la bendici\u00f3n del Creador.<\/p>\n\n\n\n<p>Que Dios bendiga a cada uno de nosotros y a nuestro pa\u00eds, especialmente a nuestros hijos que son el futuro que nosotros forjamos para ellos con nuestro voto.<\/p>\n\n\n\n<p><a href=\"https:\/\/www.facebook.com\/hashtag\/eleccionesgt2023?__eep__=6&amp;__cft__[0]=AZXCVI1ro7ABxqZrq_t7jbInVxPSDjYWQ51J1E-UoQp5XyuKm84eHDglq248AG8iXgl0RRcU_6s8HpnA_zjrcvGUUOEBIm4dr_v_YOL5I2cHRQInXDWoFNNxomb3hsEbmtmbEQ2c4XIn6ZBrUndgy5h79v78iU8SNQAhJQZWdhaSZOBT_d86tReiKN7SBvaZNP8&amp;__tn__=*NK-R\">#EleccionesGT2023<\/a><a href=\"https:\/\/www.facebook.com\/hashtag\/yovoto?__eep__=6&amp;__cft__[0]=AZXCVI1ro7ABxqZrq_t7jbInVxPSDjYWQ51J1E-UoQp5XyuKm84eHDglq248AG8iXgl0RRcU_6s8HpnA_zjrcvGUUOEBIm4dr_v_YOL5I2cHRQInXDWoFNNxomb3hsEbmtmbEQ2c4XIn6ZBrUndgy5h79v78iU8SNQAhJQZWdhaSZOBT_d86tReiKN7SBvaZNP8&amp;__tn__=*NK-R\">#YoVoto<\/a><\/p>\n\n\n\n<p><\/p>\n","protected":false},"excerpt":{"rendered":"<p>Lleg\u00f3 la hora de cumplir con nuestro deber c\u00edvico y asistir hoy a partir de las 7 de la ma\u00f1ana a las mesas electorales preparadas por el Tribunal Supremo Electoral TSE, para que con el apoyo de la PNC, Ej\u00e9rcito y Ministerio P\u00fablico resguarden los centros de votaci\u00f3n para que todo pueda transcurrir con toda <a class=\"read-more\" href=\"https:\/\/elmetropolitano.com.gt\/es\/todos-a-votar\/\">Leer m\u00e1s<\/a><\/p>\n","protected":false},"author":1,"featured_media":68293,"comment_status":"open","ping_status":"closed","sticky":false,"template":"","format":"standard","meta":{"footnotes":""},"categories":[2],"tags":[12],"class_list":["post-68292","post","type-post","status-publish","format-standard","has-post-thumbnail","hentry","category-nacionales","tag-nacionales"],"_links":{"self":[{"href":"https:\/\/elmetropolitano.com.gt\/es\/wp-json\/wp\/v2\/posts\/68292","targetHints":{"allow":["GET"]}}],"collection":[{"href":"https:\/\/elmetropolitano.com.gt\/es\/wp-json\/wp\/v2\/posts"}],"about":[{"href":"https:\/\/elmetropolitano.com.gt\/es\/wp-json\/wp\/v2\/types\/post"}],"author":[{"embeddable":true,"href":"https:\/\/elmetropolitano.com.gt\/es\/wp-json\/wp\/v2\/users\/1"}],"replies":[{"embeddable":true,"href":"https:\/\/elmetropolitano.com.gt\/es\/wp-json\/wp\/v2\/comments?post=68292"}],"version-history":[{"count":1,"href":"https:\/\/elmetropolitano.com.gt\/es\/wp-json\/wp\/v2\/posts\/68292\/revisions"}],"predecessor-version":[{"id":68294,"href":"https:\/\/elmetropolitano.com.gt\/es\/wp-json\/wp\/v2\/posts\/68292\/revisions\/68294"}],"wp:featuredmedia":[{"embeddable":true,"href":"https:\/\/elmetropolitano.com.gt\/es\/wp-json\/wp\/v2\/media\/68293"}],"wp:attachment":[{"href":"https:\/\/elmetropolitano.com.gt\/es\/wp-json\/wp\/v2\/media?parent=68292"}],"wp:term":[{"taxonomy":"category","embeddable":true,"href":"https:\/\/elmetropolitano.com.gt\/es\/wp-json\/wp\/v2\/categories?post=68292"},{"taxonomy":"post_tag","embeddable":true,"href":"https:\/\/elmetropolitano.com.gt\/es\/wp-json\/wp\/v2\/tags?post=68292"}],"curies":[{"name":"wp","href":"https:\/\/api.w.org\/{rel}","templated":true}]}}