{"id":68307,"date":"2023-06-25T21:32:09","date_gmt":"2023-06-26T03:32:09","guid":{"rendered":"https:\/\/elmetropolitano.com.gt\/es\/?p=68307"},"modified":"2023-06-25T21:32:11","modified_gmt":"2023-06-26T03:32:11","slug":"en-san-jose-del-golfo-se-suspendieron-las-votaciones-por-los-incidentes-ocurridos","status":"publish","type":"post","link":"https:\/\/elmetropolitano.com.gt\/es\/en-san-jose-del-golfo-se-suspendieron-las-votaciones-por-los-incidentes-ocurridos\/","title":{"rendered":"En San Jos\u00e9 del Golfo se suspendieron las votaciones por los incidentes ocurridos"},"content":{"rendered":"\n<p>La Junta Electoral del Departamento de Guatemala en conferencia de prensa anuncia de manera oficial que se cancelan las votaciones en San Jos\u00e9 del Golfo.<\/p>\n\n\n\n<p>Mientras tanto deber\u00e1 ser el Tribunal Supremo Electoral TSE quien inform\u00e9 cuando se realizan los comicios electorales en este municipio pudiendo ser en la segunda vuelta electoral con los dire candidatos que participan al cargo de elecci\u00f3n a alcaldes.<\/p><div class=\"elmet-contenido\" id=\"elmet-2072123628\"><div class=\"elmet-adlabel\">Anuncios<\/div><div style=\"margin-top: 20px;margin-right: 20px;margin-bottom: 20px;margin-left: 20px;\" id=\"elmet-1808496162\"><a href=\"https:\/\/www.facebook.com\/arrincuanantigua\/\" aria-label=\"cintillo-arrin-cual\"><img loading=\"lazy\" decoding=\"async\" src=\"https:\/\/elmetropolitano.com.gt\/es\/wp-content\/uploads\/2021\/11\/cintillo-arrin-cual-1.jpg\" alt=\"\"  srcset=\"https:\/\/elmetropolitano.com.gt\/es\/wp-content\/uploads\/2021\/11\/cintillo-arrin-cual-1.jpg 750w, https:\/\/elmetropolitano.com.gt\/es\/wp-content\/uploads\/2021\/11\/cintillo-arrin-cual-1-300x36.jpg 300w, https:\/\/elmetropolitano.com.gt\/es\/wp-content\/uploads\/2021\/11\/cintillo-arrin-cual-1-600x72.jpg 600w\" sizes=\"(max-width: 750px) 100vw, 750px\" width=\"750\" height=\"90\"   \/><\/a><\/div><\/div>\n\n\n\n<p><a href=\"https:\/\/www.facebook.com\/hashtag\/eleccionesgt2023?__eep__=6&amp;__cft__[0]=AZXBibPBDfGxZNy6x7UPBSl8-Q7j3vv9FP_EAHF0psVwjRqOBdDZHQkDHOZtroQCHgIqM6EGiqCOsUky-QN8i21qfcYZocpplu7y7pW9b6fAGrXFe9FsJw99nGgdn1aDhSRipMtEuy1jg-_2ROfXtbVg9rgFdcDaahK_TEcga_CnWmmnC_UhqAmX2cnD64mEWlk&amp;__tn__=*NK-R\">#EleccionesGT2023<\/a><\/p>\n\n\n\n<p><\/p>\n","protected":false},"excerpt":{"rendered":"<p>La Junta Electoral del Departamento de Guatemala en conferencia de prensa anuncia de manera oficial que se cancelan las votaciones en San Jos\u00e9 del Golfo. Mientras tanto deber\u00e1 ser el Tribunal Supremo Electoral TSE quien inform\u00e9 cuando se realizan los comicios electorales en este municipio pudiendo ser en la segunda vuelta electoral con los dire <a class=\"read-more\" href=\"https:\/\/elmetropolitano.com.gt\/es\/en-san-jose-del-golfo-se-suspendieron-las-votaciones-por-los-incidentes-ocurridos\/\">Leer m\u00e1s<\/a><\/p>\n","protected":false},"author":1,"featured_media":68308,"comment_status":"open","ping_status":"closed","sticky":false,"template":"","format":"standard","meta":{"footnotes":""},"categories":[2],"tags":[12],"class_list":["post-68307","post","type-post","status-publish","format-standard","has-post-thumbnail","hentry","category-nacionales","tag-nacionales"],"_links":{"self":[{"href":"https:\/\/elmetropolitano.com.gt\/es\/wp-json\/wp\/v2\/posts\/68307","targetHints":{"allow":["GET"]}}],"collection":[{"href":"https:\/\/elmetropolitano.com.gt\/es\/wp-json\/wp\/v2\/posts"}],"about":[{"href":"https:\/\/elmetropolitano.com.gt\/es\/wp-json\/wp\/v2\/types\/post"}],"author":[{"embeddable":true,"href":"https:\/\/elmetropolitano.com.gt\/es\/wp-json\/wp\/v2\/users\/1"}],"replies":[{"embeddable":true,"href":"https:\/\/elmetropolitano.com.gt\/es\/wp-json\/wp\/v2\/comments?post=68307"}],"version-history":[{"count":1,"href":"https:\/\/elmetropolitano.com.gt\/es\/wp-json\/wp\/v2\/posts\/68307\/revisions"}],"predecessor-version":[{"id":68309,"href":"https:\/\/elmetropolitano.com.gt\/es\/wp-json\/wp\/v2\/posts\/68307\/revisions\/68309"}],"wp:featuredmedia":[{"embeddable":true,"href":"https:\/\/elmetropolitano.com.gt\/es\/wp-json\/wp\/v2\/media\/68308"}],"wp:attachment":[{"href":"https:\/\/elmetropolitano.com.gt\/es\/wp-json\/wp\/v2\/media?parent=68307"}],"wp:term":[{"taxonomy":"category","embeddable":true,"href":"https:\/\/elmetropolitano.com.gt\/es\/wp-json\/wp\/v2\/categories?post=68307"},{"taxonomy":"post_tag","embeddable":true,"href":"https:\/\/elmetropolitano.com.gt\/es\/wp-json\/wp\/v2\/tags?post=68307"}],"curies":[{"name":"wp","href":"https:\/\/api.w.org\/{rel}","templated":true}]}}