{"id":68322,"date":"2023-06-26T00:50:54","date_gmt":"2023-06-26T06:50:54","guid":{"rendered":"https:\/\/elmetropolitano.com.gt\/es\/?p=68322"},"modified":"2023-06-26T00:55:30","modified_gmt":"2023-06-26T06:55:30","slug":"contra-todos-los-pronosticos-bernardo-arevalo-va-a-la-segunda-vuelta-con-sandra-torres","status":"publish","type":"post","link":"https:\/\/elmetropolitano.com.gt\/es\/contra-todos-los-pronosticos-bernardo-arevalo-va-a-la-segunda-vuelta-con-sandra-torres\/","title":{"rendered":"Contra todos los pron\u00f3sticos, Bernardo Ar\u00e9valo va a la segunda vuelta con Sandra Torres"},"content":{"rendered":"\n<p>Contra todos los pron\u00f3sticos de las encuestas publicadas el candidato presidencial del &nbsp;&nbsp;partido Semilla, Bernardo Ar\u00e9valo, se logra colocar en el segundo lugar detr\u00e1s de Sandra Torres de la UNE, y seg\u00fan la tendencia ser\u00edan los dos que buscar\u00eda la presidencia en la segunda vuelta electoral.<\/p>\n\n\n\n<p>Analistas pol\u00edticos se\u00f1alan que esta sorpresa se pudo deber al cambio de mentalidad de los guatemaltecos que est\u00e1n cansados de la tradicional pol\u00edtica y buscan otra alternativa con un partido relativamente joven que ha hecho una buena labor en el Congreso de la Rep\u00fablica.<\/p><div class=\"elmet-contenido\" id=\"elmet-4158888003\"><div class=\"elmet-adlabel\">Anuncios<\/div><div style=\"margin-top: 20px;margin-right: 20px;margin-bottom: 20px;margin-left: 20px;\" id=\"elmet-3965853411\"><a href=\"https:\/\/www.facebook.com\/arrincuanantigua\/\" aria-label=\"cintillo-arrin-cual\"><img loading=\"lazy\" decoding=\"async\" src=\"https:\/\/elmetropolitano.com.gt\/es\/wp-content\/uploads\/2021\/11\/cintillo-arrin-cual-1.jpg\" alt=\"\"  srcset=\"https:\/\/elmetropolitano.com.gt\/es\/wp-content\/uploads\/2021\/11\/cintillo-arrin-cual-1.jpg 750w, https:\/\/elmetropolitano.com.gt\/es\/wp-content\/uploads\/2021\/11\/cintillo-arrin-cual-1-300x36.jpg 300w, https:\/\/elmetropolitano.com.gt\/es\/wp-content\/uploads\/2021\/11\/cintillo-arrin-cual-1-600x72.jpg 600w\" sizes=\"(max-width: 750px) 100vw, 750px\" width=\"750\" height=\"90\"   \/><\/a><\/div><\/div>\n\n\n\n<p>Bernardo Ar\u00e9valo se\u00f1al\u00f3 en conferencia de prensa a media noche que si se confirma la tendencia y les toca ir a la segunda vuelta, har\u00e1n un llamado para que todos se sumen al proyecto Semilla y dejar atr\u00e1s ese pantano de la corrupci\u00f3n.<\/p>\n\n\n\n<p>A\u00f1adi\u00f3 que lo que los guatemaltecos vieron en ellos es la clara visi\u00f3n de no tener ninguna concesi\u00f3n con la corrupci\u00f3n y durante estos a\u00f1os se ha presentado un trabajo transparente y de lucha contra este flagelo desde el Congreso de la Rep\u00fablica.<\/p>\n\n\n\n<p>\u201cTodos los candidatos desde hace muchos a\u00f1os han hablado de la lucha contra la corrupci\u00f3n y que no van a traicionar al pueblo de Guatemala, pero en la pr\u00e1ctica ha sido todo lo contrario y se han vuelto poco confiables y la respuesta est\u00e1 en c\u00f3mo el pueblo de Guatemala sali\u00f3 hoy a votar y hacerlo en nosotros como un partido confiable\u201d.<\/p>\n\n\n\n<p>Ar\u00e9valo expres\u00f3 que dentro de sus planes esta el planteamiento de un sistema nacional anticorrupci\u00f3n, ya que esta ha penetrado el conjunto de instituciones del estado, pero tambi\u00e9n la sociedad ha demostrado tolerancia y por eso hay que tener una visi\u00f3n sist\u00e9mica para resolverlo.<\/p>\n\n\n\n<p>\u201cQueremos ser un organismo ejecutivo que se deje seducir por la corrupci\u00f3n y no jugar con ella, sino enfrenarla para terminar de una vez con este flagelo que corta el desarrollo de Guatemala\u201d.<\/p>\n\n\n\n<p>Mientras tanto la candidata de la UNE Sandra Torres, se\u00f1al\u00f3 que es respetuosa del proceso, que falta mucho todav\u00eda por procesar y hasta que no se hayan contabilizado el 80% de las meses no se sabe quien pueda ir con ella a la segunda vuelta y se\u00f1al\u00f3 que el TSE va muy lento con el conteo de votos que seguramente fue por el cambio de sistema que ella rechaz\u00f3 desde el principio, pero que respeta el trabajo de ese tribunal.<\/p>\n\n\n\n<p>\u201cLo que si le s\u00e9 decir es que estamos encabezando la elecci\u00f3n y estaremos en la segunda vuelta en la cual no se har\u00e1n alianzas sino que se llegar\u00e1n a acuerdos con las dem\u00e1s agrupaciones pol\u00edticas, pero ser\u00e1 hasta saber definitivamente con quien se ir\u00e1n a la segunda vuelta\u201d.<\/p>\n\n\n\n<p>Texto Mario Reyes<\/p>\n\n\n\n<figure class=\"wp-block-gallery has-nested-images columns-default is-cropped wp-block-gallery-1 is-layout-flex wp-block-gallery-is-layout-flex\">\n<figure class=\"wp-block-image size-large\"><img loading=\"lazy\" decoding=\"async\" width=\"1024\" height=\"682\" data-id=\"68324\" src=\"https:\/\/elmetropolitano.com.gt\/es\/wp-content\/uploads\/2023\/06\/350131624_729100792549340_1754427819120187874_n-1024x682.jpg\" alt=\"\" class=\"wp-image-68324\" srcset=\"https:\/\/elmetropolitano.com.gt\/es\/wp-content\/uploads\/2023\/06\/350131624_729100792549340_1754427819120187874_n-1024x682.jpg 1024w, https:\/\/elmetropolitano.com.gt\/es\/wp-content\/uploads\/2023\/06\/350131624_729100792549340_1754427819120187874_n-300x200.jpg 300w, https:\/\/elmetropolitano.com.gt\/es\/wp-content\/uploads\/2023\/06\/350131624_729100792549340_1754427819120187874_n-768x512.jpg 768w, https:\/\/elmetropolitano.com.gt\/es\/wp-content\/uploads\/2023\/06\/350131624_729100792549340_1754427819120187874_n-1536x1023.jpg 1536w, https:\/\/elmetropolitano.com.gt\/es\/wp-content\/uploads\/2023\/06\/350131624_729100792549340_1754427819120187874_n-600x400.jpg 600w, https:\/\/elmetropolitano.com.gt\/es\/wp-content\/uploads\/2023\/06\/350131624_729100792549340_1754427819120187874_n.jpg 1600w\" sizes=\"auto, (max-width: 1024px) 100vw, 1024px\" \/><\/figure>\n\n\n\n<figure class=\"wp-block-image size-large\"><img loading=\"lazy\" decoding=\"async\" width=\"1024\" height=\"817\" data-id=\"68325\" src=\"https:\/\/elmetropolitano.com.gt\/es\/wp-content\/uploads\/2023\/06\/355144504_729100782549341_7100840400154617876_n-1024x817.jpg\" alt=\"\" class=\"wp-image-68325\" srcset=\"https:\/\/elmetropolitano.com.gt\/es\/wp-content\/uploads\/2023\/06\/355144504_729100782549341_7100840400154617876_n-1024x817.jpg 1024w, https:\/\/elmetropolitano.com.gt\/es\/wp-content\/uploads\/2023\/06\/355144504_729100782549341_7100840400154617876_n-300x239.jpg 300w, https:\/\/elmetropolitano.com.gt\/es\/wp-content\/uploads\/2023\/06\/355144504_729100782549341_7100840400154617876_n-768x613.jpg 768w, https:\/\/elmetropolitano.com.gt\/es\/wp-content\/uploads\/2023\/06\/355144504_729100782549341_7100840400154617876_n-600x479.jpg 600w, https:\/\/elmetropolitano.com.gt\/es\/wp-content\/uploads\/2023\/06\/355144504_729100782549341_7100840400154617876_n.jpg 1071w\" sizes=\"auto, (max-width: 1024px) 100vw, 1024px\" \/><\/figure>\n<\/figure>\n","protected":false},"excerpt":{"rendered":"<p>Contra todos los pron\u00f3sticos de las encuestas publicadas el candidato presidencial del &nbsp;&nbsp;partido Semilla, Bernardo Ar\u00e9valo, se logra colocar en el segundo lugar detr\u00e1s de Sandra Torres de la UNE, y seg\u00fan la tendencia ser\u00edan los dos que buscar\u00eda la presidencia en la segunda vuelta electoral. Analistas pol\u00edticos se\u00f1alan que esta sorpresa se pudo deber <a class=\"read-more\" href=\"https:\/\/elmetropolitano.com.gt\/es\/contra-todos-los-pronosticos-bernardo-arevalo-va-a-la-segunda-vuelta-con-sandra-torres\/\">Leer m\u00e1s<\/a><\/p>\n","protected":false},"author":1,"featured_media":68327,"comment_status":"open","ping_status":"closed","sticky":false,"template":"","format":"standard","meta":{"footnotes":""},"categories":[2],"tags":[12],"class_list":["post-68322","post","type-post","status-publish","format-standard","has-post-thumbnail","hentry","category-nacionales","tag-nacionales"],"_links":{"self":[{"href":"https:\/\/elmetropolitano.com.gt\/es\/wp-json\/wp\/v2\/posts\/68322","targetHints":{"allow":["GET"]}}],"collection":[{"href":"https:\/\/elmetropolitano.com.gt\/es\/wp-json\/wp\/v2\/posts"}],"about":[{"href":"https:\/\/elmetropolitano.com.gt\/es\/wp-json\/wp\/v2\/types\/post"}],"author":[{"embeddable":true,"href":"https:\/\/elmetropolitano.com.gt\/es\/wp-json\/wp\/v2\/users\/1"}],"replies":[{"embeddable":true,"href":"https:\/\/elmetropolitano.com.gt\/es\/wp-json\/wp\/v2\/comments?post=68322"}],"version-history":[{"count":1,"href":"https:\/\/elmetropolitano.com.gt\/es\/wp-json\/wp\/v2\/posts\/68322\/revisions"}],"predecessor-version":[{"id":68326,"href":"https:\/\/elmetropolitano.com.gt\/es\/wp-json\/wp\/v2\/posts\/68322\/revisions\/68326"}],"wp:featuredmedia":[{"embeddable":true,"href":"https:\/\/elmetropolitano.com.gt\/es\/wp-json\/wp\/v2\/media\/68327"}],"wp:attachment":[{"href":"https:\/\/elmetropolitano.com.gt\/es\/wp-json\/wp\/v2\/media?parent=68322"}],"wp:term":[{"taxonomy":"category","embeddable":true,"href":"https:\/\/elmetropolitano.com.gt\/es\/wp-json\/wp\/v2\/categories?post=68322"},{"taxonomy":"post_tag","embeddable":true,"href":"https:\/\/elmetropolitano.com.gt\/es\/wp-json\/wp\/v2\/tags?post=68322"}],"curies":[{"name":"wp","href":"https:\/\/api.w.org\/{rel}","templated":true}]}}