{"id":68366,"date":"2023-06-26T12:25:53","date_gmt":"2023-06-26T18:25:53","guid":{"rendered":"https:\/\/elmetropolitano.com.gt\/es\/?p=68366"},"modified":"2023-06-26T12:25:54","modified_gmt":"2023-06-26T18:25:54","slug":"vamos-comandara-el-congreso-de-la-republica-con-41-diputados","status":"publish","type":"post","link":"https:\/\/elmetropolitano.com.gt\/es\/vamos-comandara-el-congreso-de-la-republica-con-41-diputados\/","title":{"rendered":"Vamos comandar\u00e1 el Congreso de la Rep\u00fablica con 41 diputados"},"content":{"rendered":"\n<p>Luego de los resultados de las elecciones generales de ayer domingo el partido de gobierno VAMOS, logr\u00f3 ubicar 41 diputados, convirti\u00e9ndose en la primera fuerza en el legislativo, quedando en el segundo lugar la Unidad Nacional de la Esperanza UNE, con 27 legisladores.<\/p>\n\n\n\n<p>El partido Semilla logra 23 casillas, cabal 19 mientras que la alianza Valor-Unionistas 13 diputados, terminando con las aplanadoras que antes se formaban y quedando un congreso bien distribuido, esperando que esto beneficie realmente a la poblaci\u00f3n.<\/p><div class=\"elmet-contenido\" id=\"elmet-2843030052\"><div class=\"elmet-adlabel\">Anuncios<\/div><div style=\"margin-top: 20px;margin-right: 20px;margin-bottom: 20px;margin-left: 20px;\" id=\"elmet-2577359575\"><a href=\"https:\/\/www.facebook.com\/arrincuanantigua\/\" aria-label=\"cintillo-arrin-cual\"><img loading=\"lazy\" decoding=\"async\" src=\"https:\/\/elmetropolitano.com.gt\/es\/wp-content\/uploads\/2021\/11\/cintillo-arrin-cual-1.jpg\" alt=\"\"  srcset=\"https:\/\/elmetropolitano.com.gt\/es\/wp-content\/uploads\/2021\/11\/cintillo-arrin-cual-1.jpg 750w, https:\/\/elmetropolitano.com.gt\/es\/wp-content\/uploads\/2021\/11\/cintillo-arrin-cual-1-300x36.jpg 300w, https:\/\/elmetropolitano.com.gt\/es\/wp-content\/uploads\/2021\/11\/cintillo-arrin-cual-1-600x72.jpg 600w\" sizes=\"(max-width: 750px) 100vw, 750px\" width=\"750\" height=\"90\"   \/><\/a><\/div><\/div>\n\n\n\n<p>Muchas fueron las sorpresas de estas elecciones y esperamos que las mismas sean para el bien de nuestro pueblo de Guatemala que desde hace much\u00edsimos a\u00f1os ha sido presa de la corrupci\u00f3n y el manejo de influencias que tanto da\u00f1o le hacen al pa\u00eds.<\/p>\n\n\n\n<p>Texto Mario Reyes<\/p>\n\n\n\n<figure class=\"wp-block-gallery has-nested-images columns-default is-cropped wp-block-gallery-1 is-layout-flex wp-block-gallery-is-layout-flex\">\n<figure class=\"wp-block-image size-large\"><img loading=\"lazy\" decoding=\"async\" width=\"1024\" height=\"576\" data-id=\"68368\" src=\"https:\/\/elmetropolitano.com.gt\/es\/wp-content\/uploads\/2023\/06\/diputados-1-1024x576.jpg\" alt=\"\" class=\"wp-image-68368\" srcset=\"https:\/\/elmetropolitano.com.gt\/es\/wp-content\/uploads\/2023\/06\/diputados-1-1024x576.jpg 1024w, https:\/\/elmetropolitano.com.gt\/es\/wp-content\/uploads\/2023\/06\/diputados-1-300x169.jpg 300w, https:\/\/elmetropolitano.com.gt\/es\/wp-content\/uploads\/2023\/06\/diputados-1-768x432.jpg 768w, https:\/\/elmetropolitano.com.gt\/es\/wp-content\/uploads\/2023\/06\/diputados-1-1536x864.jpg 1536w, https:\/\/elmetropolitano.com.gt\/es\/wp-content\/uploads\/2023\/06\/diputados-1-600x338.jpg 600w, https:\/\/elmetropolitano.com.gt\/es\/wp-content\/uploads\/2023\/06\/diputados-1.jpg 1920w\" sizes=\"auto, (max-width: 1024px) 100vw, 1024px\" \/><\/figure>\n<\/figure>\n","protected":false},"excerpt":{"rendered":"<p>Luego de los resultados de las elecciones generales de ayer domingo el partido de gobierno VAMOS, logr\u00f3 ubicar 41 diputados, convirti\u00e9ndose en la primera fuerza en el legislativo, quedando en el segundo lugar la Unidad Nacional de la Esperanza UNE, con 27 legisladores. El partido Semilla logra 23 casillas, cabal 19 mientras que la alianza <a class=\"read-more\" href=\"https:\/\/elmetropolitano.com.gt\/es\/vamos-comandara-el-congreso-de-la-republica-con-41-diputados\/\">Leer m\u00e1s<\/a><\/p>\n","protected":false},"author":1,"featured_media":68367,"comment_status":"open","ping_status":"closed","sticky":false,"template":"","format":"standard","meta":{"footnotes":""},"categories":[2],"tags":[12],"class_list":["post-68366","post","type-post","status-publish","format-standard","has-post-thumbnail","hentry","category-nacionales","tag-nacionales"],"_links":{"self":[{"href":"https:\/\/elmetropolitano.com.gt\/es\/wp-json\/wp\/v2\/posts\/68366","targetHints":{"allow":["GET"]}}],"collection":[{"href":"https:\/\/elmetropolitano.com.gt\/es\/wp-json\/wp\/v2\/posts"}],"about":[{"href":"https:\/\/elmetropolitano.com.gt\/es\/wp-json\/wp\/v2\/types\/post"}],"author":[{"embeddable":true,"href":"https:\/\/elmetropolitano.com.gt\/es\/wp-json\/wp\/v2\/users\/1"}],"replies":[{"embeddable":true,"href":"https:\/\/elmetropolitano.com.gt\/es\/wp-json\/wp\/v2\/comments?post=68366"}],"version-history":[{"count":1,"href":"https:\/\/elmetropolitano.com.gt\/es\/wp-json\/wp\/v2\/posts\/68366\/revisions"}],"predecessor-version":[{"id":68369,"href":"https:\/\/elmetropolitano.com.gt\/es\/wp-json\/wp\/v2\/posts\/68366\/revisions\/68369"}],"wp:featuredmedia":[{"embeddable":true,"href":"https:\/\/elmetropolitano.com.gt\/es\/wp-json\/wp\/v2\/media\/68367"}],"wp:attachment":[{"href":"https:\/\/elmetropolitano.com.gt\/es\/wp-json\/wp\/v2\/media?parent=68366"}],"wp:term":[{"taxonomy":"category","embeddable":true,"href":"https:\/\/elmetropolitano.com.gt\/es\/wp-json\/wp\/v2\/categories?post=68366"},{"taxonomy":"post_tag","embeddable":true,"href":"https:\/\/elmetropolitano.com.gt\/es\/wp-json\/wp\/v2\/tags?post=68366"}],"curies":[{"name":"wp","href":"https:\/\/api.w.org\/{rel}","templated":true}]}}