{"id":68403,"date":"2023-06-26T22:00:51","date_gmt":"2023-06-27T04:00:51","guid":{"rendered":"https:\/\/elmetropolitano.com.gt\/es\/?p=68403"},"modified":"2023-06-26T22:01:43","modified_gmt":"2023-06-27T04:01:43","slug":"los-resultados-electorales-expresan-una-demanda-de-cambio-expresa-zury-rios","status":"publish","type":"post","link":"https:\/\/elmetropolitano.com.gt\/es\/los-resultados-electorales-expresan-una-demanda-de-cambio-expresa-zury-rios\/","title":{"rendered":"Los resultados electorales expresan una demanda de cambio expresa Zury R\u00edos"},"content":{"rendered":"\n<p>Despu\u00e9s de la derrota electoral que sufri\u00f3 el domingo en las urnas que no le permiti\u00f3 llegar a la segunda vuelta la candidata presidencial de la coalici\u00f3n Valor-Unionista Zury Rios agradeci\u00f3 a los que votaron por ella.<\/p>\n\n\n\n<p>Esto dijo:<\/p><div class=\"elmet-contenido\" id=\"elmet-1370174276\"><div class=\"elmet-adlabel\">Anuncios<\/div><div style=\"margin-top: 20px;margin-right: 20px;margin-bottom: 20px;margin-left: 20px;\" id=\"elmet-1686958176\"><a href=\"https:\/\/www.facebook.com\/arrincuanantigua\/\" aria-label=\"cintillo-arrin-cual\"><img loading=\"lazy\" decoding=\"async\" src=\"https:\/\/elmetropolitano.com.gt\/es\/wp-content\/uploads\/2021\/11\/cintillo-arrin-cual-1.jpg\" alt=\"\"  srcset=\"https:\/\/elmetropolitano.com.gt\/es\/wp-content\/uploads\/2021\/11\/cintillo-arrin-cual-1.jpg 750w, https:\/\/elmetropolitano.com.gt\/es\/wp-content\/uploads\/2021\/11\/cintillo-arrin-cual-1-300x36.jpg 300w, https:\/\/elmetropolitano.com.gt\/es\/wp-content\/uploads\/2021\/11\/cintillo-arrin-cual-1-600x72.jpg 600w\" sizes=\"(max-width: 750px) 100vw, 750px\" width=\"750\" height=\"90\"   \/><\/a><\/div><\/div>\n\n\n\n<p><a><\/a>Agradezco a todos los guatemaltecos que confiaron en nuestro proyecto pol\u00edtico, a los fiscales, voluntarios y correligionarios que con tanto entusiasmo y dedicaci\u00f3n trabajaron durante esas largas jornadas.<\/p>\n\n\n\n<p>Los resultados difundidos por el TSE expresan claramente una demanda de cambio que hay que atender en base a las garant\u00edas de la Constituci\u00f3n Pol\u00edtica de la Rep\u00fablica de Guatemala.<\/p>\n\n\n\n<p>Felicito a los Diputados y Alcaldes electos<\/p>\n\n\n\n<p>que representar\u00e1n la coalici\u00f3n Valor-Unionista.<\/p>\n\n\n\n<p>Creo en la Democracia y les deseo \u00e9xitos a quienes participen en la segunda vuelta electoral.<\/p>\n\n\n\n<p>Agradezco especialmente a mi familia, a H\u00e9ctor Cifuentes y familia, quienes me acompa\u00f1aron en esta jornada pol\u00edtica<\/p>\n\n\n\n<p><a href=\"https:\/\/www.facebook.com\/hashtag\/eleccionesgt2023?__eep__=6&amp;__cft__[0]=AZVfDTuJttM6KtzaoN-jVnSQZmSVnyVHESL7KwjFgljgELCeg1RFHHiS-gqJEi7vxdDDejKJpy4DBzLktdi50m7V_VHBPyzZnjpI__fhXlKV1Znvl-xEnRcK9gMZ1kn-m77D-NXF76MN6p7jT341Z8w29zexUyp-TcX15IcdYAY4bwwGC_ICTQAuhcYeLevMGpk&amp;__tn__=*NK-R\">#EleccionesGT2023<\/a><a href=\"https:\/\/www.facebook.com\/hashtag\/metroredes?__eep__=6&amp;__cft__[0]=AZVfDTuJttM6KtzaoN-jVnSQZmSVnyVHESL7KwjFgljgELCeg1RFHHiS-gqJEi7vxdDDejKJpy4DBzLktdi50m7V_VHBPyzZnjpI__fhXlKV1Znvl-xEnRcK9gMZ1kn-m77D-NXF76MN6p7jT341Z8w29zexUyp-TcX15IcdYAY4bwwGC_ICTQAuhcYeLevMGpk&amp;__tn__=*NK-R\">#metroredes<\/a><\/p>\n\n\n\n<figure class=\"wp-block-gallery has-nested-images columns-default is-cropped wp-block-gallery-1 is-layout-flex wp-block-gallery-is-layout-flex\">\n<figure class=\"wp-block-image size-large\"><img loading=\"lazy\" decoding=\"async\" width=\"819\" height=\"1024\" data-id=\"68405\" src=\"https:\/\/elmetropolitano.com.gt\/es\/wp-content\/uploads\/2023\/06\/356229637_729583542501065_8028169198652835039_n-1-819x1024.jpg\" alt=\"\" class=\"wp-image-68405\" srcset=\"https:\/\/elmetropolitano.com.gt\/es\/wp-content\/uploads\/2023\/06\/356229637_729583542501065_8028169198652835039_n-1-819x1024.jpg 819w, https:\/\/elmetropolitano.com.gt\/es\/wp-content\/uploads\/2023\/06\/356229637_729583542501065_8028169198652835039_n-1-240x300.jpg 240w, https:\/\/elmetropolitano.com.gt\/es\/wp-content\/uploads\/2023\/06\/356229637_729583542501065_8028169198652835039_n-1-768x961.jpg 768w, https:\/\/elmetropolitano.com.gt\/es\/wp-content\/uploads\/2023\/06\/356229637_729583542501065_8028169198652835039_n-1-600x751.jpg 600w, https:\/\/elmetropolitano.com.gt\/es\/wp-content\/uploads\/2023\/06\/356229637_729583542501065_8028169198652835039_n-1.jpg 1080w\" sizes=\"auto, (max-width: 819px) 100vw, 819px\" \/><\/figure>\n<\/figure>\n","protected":false},"excerpt":{"rendered":"<p>Despu\u00e9s de la derrota electoral que sufri\u00f3 el domingo en las urnas que no le permiti\u00f3 llegar a la segunda vuelta la candidata presidencial de la coalici\u00f3n Valor-Unionista Zury Rios agradeci\u00f3 a los que votaron por ella. Esto dijo: Agradezco a todos los guatemaltecos que confiaron en nuestro proyecto pol\u00edtico, a los fiscales, voluntarios y <a class=\"read-more\" href=\"https:\/\/elmetropolitano.com.gt\/es\/los-resultados-electorales-expresan-una-demanda-de-cambio-expresa-zury-rios\/\">Leer m\u00e1s<\/a><\/p>\n","protected":false},"author":1,"featured_media":68404,"comment_status":"open","ping_status":"closed","sticky":false,"template":"","format":"standard","meta":{"footnotes":""},"categories":[2],"tags":[12],"class_list":["post-68403","post","type-post","status-publish","format-standard","has-post-thumbnail","hentry","category-nacionales","tag-nacionales"],"_links":{"self":[{"href":"https:\/\/elmetropolitano.com.gt\/es\/wp-json\/wp\/v2\/posts\/68403","targetHints":{"allow":["GET"]}}],"collection":[{"href":"https:\/\/elmetropolitano.com.gt\/es\/wp-json\/wp\/v2\/posts"}],"about":[{"href":"https:\/\/elmetropolitano.com.gt\/es\/wp-json\/wp\/v2\/types\/post"}],"author":[{"embeddable":true,"href":"https:\/\/elmetropolitano.com.gt\/es\/wp-json\/wp\/v2\/users\/1"}],"replies":[{"embeddable":true,"href":"https:\/\/elmetropolitano.com.gt\/es\/wp-json\/wp\/v2\/comments?post=68403"}],"version-history":[{"count":1,"href":"https:\/\/elmetropolitano.com.gt\/es\/wp-json\/wp\/v2\/posts\/68403\/revisions"}],"predecessor-version":[{"id":68406,"href":"https:\/\/elmetropolitano.com.gt\/es\/wp-json\/wp\/v2\/posts\/68403\/revisions\/68406"}],"wp:featuredmedia":[{"embeddable":true,"href":"https:\/\/elmetropolitano.com.gt\/es\/wp-json\/wp\/v2\/media\/68404"}],"wp:attachment":[{"href":"https:\/\/elmetropolitano.com.gt\/es\/wp-json\/wp\/v2\/media?parent=68403"}],"wp:term":[{"taxonomy":"category","embeddable":true,"href":"https:\/\/elmetropolitano.com.gt\/es\/wp-json\/wp\/v2\/categories?post=68403"},{"taxonomy":"post_tag","embeddable":true,"href":"https:\/\/elmetropolitano.com.gt\/es\/wp-json\/wp\/v2\/tags?post=68403"}],"curies":[{"name":"wp","href":"https:\/\/api.w.org\/{rel}","templated":true}]}}