{"id":68411,"date":"2023-06-27T09:32:31","date_gmt":"2023-06-27T15:32:31","guid":{"rendered":"https:\/\/elmetropolitano.com.gt\/es\/?p=68411"},"modified":"2023-06-27T09:33:10","modified_gmt":"2023-06-27T15:33:10","slug":"wyatt-trujillo-se-viste-de-bronce","status":"publish","type":"post","link":"https:\/\/elmetropolitano.com.gt\/es\/wyatt-trujillo-se-viste-de-bronce\/","title":{"rendered":"Wyatt Trujillo se viste de bronce"},"content":{"rendered":"\n<p>El boxeador Wyatt Trujillo se cuelga la medalla de bronce en los Juegos Centroamericanos y del Caribe San Salvador 2023, en la divisi\u00f3n de 80 kilogramos<\/p>\n\n\n\n<p>La Federaci\u00f3n de Boxeo se a mostrado orgullosa del talentoso boxeador hijo del ex campe\u00f3n Maydubyn Trujillo originario de Escuintla<\/p><div class=\"elmet-contenido\" id=\"elmet-3171971106\"><div class=\"elmet-adlabel\">Anuncios<\/div><div style=\"margin-top: 20px;margin-right: 20px;margin-bottom: 20px;margin-left: 20px;\" id=\"elmet-2082314029\"><a href=\"https:\/\/www.facebook.com\/arrincuanantigua\/\" aria-label=\"cintillo-arrin-cual\"><img loading=\"lazy\" decoding=\"async\" src=\"https:\/\/elmetropolitano.com.gt\/es\/wp-content\/uploads\/2021\/11\/cintillo-arrin-cual-1.jpg\" alt=\"\"  srcset=\"https:\/\/elmetropolitano.com.gt\/es\/wp-content\/uploads\/2021\/11\/cintillo-arrin-cual-1.jpg 750w, https:\/\/elmetropolitano.com.gt\/es\/wp-content\/uploads\/2021\/11\/cintillo-arrin-cual-1-300x36.jpg 300w, https:\/\/elmetropolitano.com.gt\/es\/wp-content\/uploads\/2021\/11\/cintillo-arrin-cual-1-600x72.jpg 600w\" sizes=\"(max-width: 750px) 100vw, 750px\" width=\"750\" height=\"90\"   \/><\/a><\/div><\/div>\n\n\n\n<p><a href=\"https:\/\/www.facebook.com\/hashtag\/fedeboxgt?__eep__=6&amp;__cft__[0]=AZUSxK7NkX-8RX8wOrTH5VeVjQM-JaKLRBEpSqN8BIQLtrSKqIMFa-v3vLRIOAZ0xbbvYIZBobJiTfSdNsyr1HU_T70uOwt9oPJvJJliugB97Xz_e_u3yD73IQfOH9Br_o6mpkwQyfIuWEmAJFMTMgpLAkIPFIWJs7Omk-1OUj5rj3SRmW20Lxzx-UY_FO01Z8g&amp;__tn__=*NK-R\">#FedeboxGT<\/a><a href=\"https:\/\/www.facebook.com\/hashtag\/boxeoguatemala?__eep__=6&amp;__cft__[0]=AZUSxK7NkX-8RX8wOrTH5VeVjQM-JaKLRBEpSqN8BIQLtrSKqIMFa-v3vLRIOAZ0xbbvYIZBobJiTfSdNsyr1HU_T70uOwt9oPJvJJliugB97Xz_e_u3yD73IQfOH9Br_o6mpkwQyfIuWEmAJFMTMgpLAkIPFIWJs7Omk-1OUj5rj3SRmW20Lxzx-UY_FO01Z8g&amp;__tn__=*NK-R\">#BoxeoGuatemala<\/a><a href=\"https:\/\/www.facebook.com\/hashtag\/boxeogt?__eep__=6&amp;__cft__[0]=AZUSxK7NkX-8RX8wOrTH5VeVjQM-JaKLRBEpSqN8BIQLtrSKqIMFa-v3vLRIOAZ0xbbvYIZBobJiTfSdNsyr1HU_T70uOwt9oPJvJJliugB97Xz_e_u3yD73IQfOH9Br_o6mpkwQyfIuWEmAJFMTMgpLAkIPFIWJs7Omk-1OUj5rj3SRmW20Lxzx-UY_FO01Z8g&amp;__tn__=*NK-R\">#BoxeoGt<\/a><a href=\"https:\/\/www.facebook.com\/hashtag\/metroredes?__eep__=6&amp;__cft__[0]=AZUSxK7NkX-8RX8wOrTH5VeVjQM-JaKLRBEpSqN8BIQLtrSKqIMFa-v3vLRIOAZ0xbbvYIZBobJiTfSdNsyr1HU_T70uOwt9oPJvJJliugB97Xz_e_u3yD73IQfOH9Br_o6mpkwQyfIuWEmAJFMTMgpLAkIPFIWJs7Omk-1OUj5rj3SRmW20Lxzx-UY_FO01Z8g&amp;__tn__=*NK-R\">#Metroredes<\/a><\/p>\n\n\n\n<figure class=\"wp-block-gallery has-nested-images columns-default is-cropped wp-block-gallery-1 is-layout-flex wp-block-gallery-is-layout-flex\">\n<figure class=\"wp-block-image size-large\"><img loading=\"lazy\" decoding=\"async\" width=\"1024\" height=\"1024\" data-id=\"68413\" src=\"https:\/\/elmetropolitano.com.gt\/es\/wp-content\/uploads\/2023\/06\/355678485_729993539126732_2048556600766377213_n-1-1024x1024.jpg\" alt=\"\" class=\"wp-image-68413\" srcset=\"https:\/\/elmetropolitano.com.gt\/es\/wp-content\/uploads\/2023\/06\/355678485_729993539126732_2048556600766377213_n-1-1024x1024.jpg 1024w, https:\/\/elmetropolitano.com.gt\/es\/wp-content\/uploads\/2023\/06\/355678485_729993539126732_2048556600766377213_n-1-300x300.jpg 300w, https:\/\/elmetropolitano.com.gt\/es\/wp-content\/uploads\/2023\/06\/355678485_729993539126732_2048556600766377213_n-1-150x150.jpg 150w, https:\/\/elmetropolitano.com.gt\/es\/wp-content\/uploads\/2023\/06\/355678485_729993539126732_2048556600766377213_n-1-768x768.jpg 768w, https:\/\/elmetropolitano.com.gt\/es\/wp-content\/uploads\/2023\/06\/355678485_729993539126732_2048556600766377213_n-1-600x600.jpg 600w, https:\/\/elmetropolitano.com.gt\/es\/wp-content\/uploads\/2023\/06\/355678485_729993539126732_2048556600766377213_n-1-100x100.jpg 100w, https:\/\/elmetropolitano.com.gt\/es\/wp-content\/uploads\/2023\/06\/355678485_729993539126732_2048556600766377213_n-1.jpg 1080w\" sizes=\"auto, (max-width: 1024px) 100vw, 1024px\" \/><\/figure>\n<\/figure>\n","protected":false},"excerpt":{"rendered":"<p>El boxeador Wyatt Trujillo se cuelga la medalla de bronce en los Juegos Centroamericanos y del Caribe San Salvador 2023, en la divisi\u00f3n de 80 kilogramos La Federaci\u00f3n de Boxeo se a mostrado orgullosa del talentoso boxeador hijo del ex campe\u00f3n Maydubyn Trujillo originario de Escuintla #FedeboxGT#BoxeoGuatemala#BoxeoGt#Metroredes<\/p>\n","protected":false},"author":1,"featured_media":68412,"comment_status":"open","ping_status":"closed","sticky":false,"template":"","format":"standard","meta":{"footnotes":""},"categories":[43],"tags":[44],"class_list":["post-68411","post","type-post","status-publish","format-standard","has-post-thumbnail","hentry","category-deportes","tag-deportes"],"_links":{"self":[{"href":"https:\/\/elmetropolitano.com.gt\/es\/wp-json\/wp\/v2\/posts\/68411","targetHints":{"allow":["GET"]}}],"collection":[{"href":"https:\/\/elmetropolitano.com.gt\/es\/wp-json\/wp\/v2\/posts"}],"about":[{"href":"https:\/\/elmetropolitano.com.gt\/es\/wp-json\/wp\/v2\/types\/post"}],"author":[{"embeddable":true,"href":"https:\/\/elmetropolitano.com.gt\/es\/wp-json\/wp\/v2\/users\/1"}],"replies":[{"embeddable":true,"href":"https:\/\/elmetropolitano.com.gt\/es\/wp-json\/wp\/v2\/comments?post=68411"}],"version-history":[{"count":1,"href":"https:\/\/elmetropolitano.com.gt\/es\/wp-json\/wp\/v2\/posts\/68411\/revisions"}],"predecessor-version":[{"id":68414,"href":"https:\/\/elmetropolitano.com.gt\/es\/wp-json\/wp\/v2\/posts\/68411\/revisions\/68414"}],"wp:featuredmedia":[{"embeddable":true,"href":"https:\/\/elmetropolitano.com.gt\/es\/wp-json\/wp\/v2\/media\/68412"}],"wp:attachment":[{"href":"https:\/\/elmetropolitano.com.gt\/es\/wp-json\/wp\/v2\/media?parent=68411"}],"wp:term":[{"taxonomy":"category","embeddable":true,"href":"https:\/\/elmetropolitano.com.gt\/es\/wp-json\/wp\/v2\/categories?post=68411"},{"taxonomy":"post_tag","embeddable":true,"href":"https:\/\/elmetropolitano.com.gt\/es\/wp-json\/wp\/v2\/tags?post=68411"}],"curies":[{"name":"wp","href":"https:\/\/api.w.org\/{rel}","templated":true}]}}