{"id":68420,"date":"2023-06-27T09:58:16","date_gmt":"2023-06-27T15:58:16","guid":{"rendered":"https:\/\/elmetropolitano.com.gt\/es\/?p=68420"},"modified":"2023-06-27T09:58:17","modified_gmt":"2023-06-27T15:58:17","slug":"mulet-el-pueblo-ha-hablado-en-elecciones-democraticas-y-transparentes","status":"publish","type":"post","link":"https:\/\/elmetropolitano.com.gt\/es\/mulet-el-pueblo-ha-hablado-en-elecciones-democraticas-y-transparentes\/","title":{"rendered":"Mulet: El pueblo ha hablado en elecciones democr\u00e1ticas y transparentes"},"content":{"rendered":"\n<p>Edmont Mulet despu\u00e9s de la derrota en las elecciones del domingo a roto el silencio y por medio de un pronunciamiento a indicado que el \u201cPueblo a Hablado\u201d y delirio a los ganadores de la segunda vuelta Sandra Torres y Bernardo Ar\u00e9valo<\/p>\n\n\n\n<p>Esto <a><\/a>dice Mulet<\/p><div class=\"elmet-contenido\" id=\"elmet-3448668837\"><div class=\"elmet-adlabel\">Anuncios<\/div><div style=\"margin-top: 20px;margin-right: 20px;margin-bottom: 20px;margin-left: 20px;\" id=\"elmet-3729086491\"><a href=\"https:\/\/www.facebook.com\/arrincuanantigua\/\" aria-label=\"cintillo-arrin-cual\"><img loading=\"lazy\" decoding=\"async\" src=\"https:\/\/elmetropolitano.com.gt\/es\/wp-content\/uploads\/2021\/11\/cintillo-arrin-cual-1.jpg\" alt=\"\"  srcset=\"https:\/\/elmetropolitano.com.gt\/es\/wp-content\/uploads\/2021\/11\/cintillo-arrin-cual-1.jpg 750w, https:\/\/elmetropolitano.com.gt\/es\/wp-content\/uploads\/2021\/11\/cintillo-arrin-cual-1-300x36.jpg 300w, https:\/\/elmetropolitano.com.gt\/es\/wp-content\/uploads\/2021\/11\/cintillo-arrin-cual-1-600x72.jpg 600w\" sizes=\"(max-width: 750px) 100vw, 750px\" width=\"750\" height=\"90\"   \/><\/a><\/div><\/div>\n\n\n\n<p>Como ocurri\u00f3 hace unas cuatro d\u00e9cadas, cuando Guatemala atravesaba la larga noche de las dictaduras y la guerra, di un paso al frente para servir a nuestro pa\u00eds desde la pol\u00edtica. Puse mi grano de arena para la transici\u00f3n democr\u00e1tica en los ochenta y para defender la democracia ante el serranazo en los noventa. Servi como ciudadano del mundo y regres\u00e9 para luchar por esta hermosa patria en la que vale la pena vivir.<\/p>\n\n\n\n<p>Ahora que nuestra naci\u00f3n atraviesa otro momento de oscuridad autoritaria, me present\u00e9 para defender nuestra democracia, nuestra libertad, nuestros derechos. Lo hice como candidato presidencial, secretario general del partido Cabal y recorri junto a miles de afiliados y voluntarios todo nuestro pa\u00eds. A todos ustedes que me acompa\u00f1aron, a mi compa\u00f1ero de f\u00f3rmula Max Santa Cruz y a los ciudadanos que confiaron en nosotros sus votos, gente Cabal, les agradezco de todo coraz\u00f3n. A mi familia y a mi esposa Karen, no tengo palabras para su apoyo incondicional.<\/p>\n\n\n\n<p>El pueblo ha hablado. Le diremos un rotundo no a cualquier intento de dictadura de esta cleptocracia que nos gobierna desde hace mucho: los guatemaltecos nos hemos apropiado de unas elecciones democr\u00e1ticas y transparentes. Han escogido a dos opciones para la segunda vuelta, a quienes con humildad les felicito y encomio. Para quienes hemos dedicado nuestra vida a construir la democracia en nuestro pa\u00eds desde hace 40 a\u00f1os, esa es la mayor victoria posible.<\/p>\n\n\n\n<p>Nos corresponde a todos edificar un pa\u00eds del cual nos sintamos orgullosos y no una sociedad dividida y polarizada, no una sociedad con miedo, no una sociedad de migrantes forzados, s\u00ed una Guatemala con futuro. Como guatemalteco, ciudadano y dem\u00f3crata, apoyar\u00e9 desde donde pueda para heredar un mejor pa\u00eds que el que recibimos.<\/p>\n\n\n\n<p>Edmond Mulet<\/p>\n\n\n\n<p><a href=\"https:\/\/www.facebook.com\/hashtag\/eleccionesgtsegundavuelta?__eep__=6&amp;__cft__[0]=AZXXeqzIRLbZIpXM9PA-pFQIAuURybOpZ9mlsZcDjlCKX3o8YoljBzYUzWLYpS3vwqPE0pJpPX1WsYsoKIozVm5bCBgeqE8ISeAZfLAShKnl5f_y9q5TX2wu6QqyV9vMr4MeDCMIDHbNUGgT95X2LT9N7qaRoC1_pfDD-J6Cprup5zHlNUMn67WZtsv9jicDsYU&amp;__tn__=*NK-R\">#eleccionesgtsegundavuelta<\/a><a href=\"https:\/\/www.facebook.com\/hashtag\/metroredes?__eep__=6&amp;__cft__[0]=AZXXeqzIRLbZIpXM9PA-pFQIAuURybOpZ9mlsZcDjlCKX3o8YoljBzYUzWLYpS3vwqPE0pJpPX1WsYsoKIozVm5bCBgeqE8ISeAZfLAShKnl5f_y9q5TX2wu6QqyV9vMr4MeDCMIDHbNUGgT95X2LT9N7qaRoC1_pfDD-J6Cprup5zHlNUMn67WZtsv9jicDsYU&amp;__tn__=*NK-R\">#metroredes<\/a><a href=\"https:\/\/www.facebook.com\/hashtag\/partidocabal?__eep__=6&amp;__cft__[0]=AZXXeqzIRLbZIpXM9PA-pFQIAuURybOpZ9mlsZcDjlCKX3o8YoljBzYUzWLYpS3vwqPE0pJpPX1WsYsoKIozVm5bCBgeqE8ISeAZfLAShKnl5f_y9q5TX2wu6QqyV9vMr4MeDCMIDHbNUGgT95X2LT9N7qaRoC1_pfDD-J6Cprup5zHlNUMn67WZtsv9jicDsYU&amp;__tn__=*NK-R\">#PartidoCabal<\/a><\/p>\n\n\n\n<p><\/p>\n","protected":false},"excerpt":{"rendered":"<p>Edmont Mulet despu\u00e9s de la derrota en las elecciones del domingo a roto el silencio y por medio de un pronunciamiento a indicado que el \u201cPueblo a Hablado\u201d y delirio a los ganadores de la segunda vuelta Sandra Torres y Bernardo Ar\u00e9valo Esto dice Mulet Como ocurri\u00f3 hace unas cuatro d\u00e9cadas, cuando Guatemala atravesaba la <a class=\"read-more\" href=\"https:\/\/elmetropolitano.com.gt\/es\/mulet-el-pueblo-ha-hablado-en-elecciones-democraticas-y-transparentes\/\">Leer m\u00e1s<\/a><\/p>\n","protected":false},"author":1,"featured_media":68421,"comment_status":"open","ping_status":"closed","sticky":false,"template":"","format":"standard","meta":{"footnotes":""},"categories":[2],"tags":[12],"class_list":["post-68420","post","type-post","status-publish","format-standard","has-post-thumbnail","hentry","category-nacionales","tag-nacionales"],"_links":{"self":[{"href":"https:\/\/elmetropolitano.com.gt\/es\/wp-json\/wp\/v2\/posts\/68420","targetHints":{"allow":["GET"]}}],"collection":[{"href":"https:\/\/elmetropolitano.com.gt\/es\/wp-json\/wp\/v2\/posts"}],"about":[{"href":"https:\/\/elmetropolitano.com.gt\/es\/wp-json\/wp\/v2\/types\/post"}],"author":[{"embeddable":true,"href":"https:\/\/elmetropolitano.com.gt\/es\/wp-json\/wp\/v2\/users\/1"}],"replies":[{"embeddable":true,"href":"https:\/\/elmetropolitano.com.gt\/es\/wp-json\/wp\/v2\/comments?post=68420"}],"version-history":[{"count":1,"href":"https:\/\/elmetropolitano.com.gt\/es\/wp-json\/wp\/v2\/posts\/68420\/revisions"}],"predecessor-version":[{"id":68422,"href":"https:\/\/elmetropolitano.com.gt\/es\/wp-json\/wp\/v2\/posts\/68420\/revisions\/68422"}],"wp:featuredmedia":[{"embeddable":true,"href":"https:\/\/elmetropolitano.com.gt\/es\/wp-json\/wp\/v2\/media\/68421"}],"wp:attachment":[{"href":"https:\/\/elmetropolitano.com.gt\/es\/wp-json\/wp\/v2\/media?parent=68420"}],"wp:term":[{"taxonomy":"category","embeddable":true,"href":"https:\/\/elmetropolitano.com.gt\/es\/wp-json\/wp\/v2\/categories?post=68420"},{"taxonomy":"post_tag","embeddable":true,"href":"https:\/\/elmetropolitano.com.gt\/es\/wp-json\/wp\/v2\/tags?post=68420"}],"curies":[{"name":"wp","href":"https:\/\/api.w.org\/{rel}","templated":true}]}}