{"id":68423,"date":"2023-06-27T10:16:57","date_gmt":"2023-06-27T16:16:57","guid":{"rendered":"https:\/\/elmetropolitano.com.gt\/es\/?p=68423"},"modified":"2023-06-27T10:17:39","modified_gmt":"2023-06-27T16:17:39","slug":"bernardo-arevalo-celebro-ayer-en-la-plaza-de-la-constitucion","status":"publish","type":"post","link":"https:\/\/elmetropolitano.com.gt\/es\/bernardo-arevalo-celebro-ayer-en-la-plaza-de-la-constitucion\/","title":{"rendered":"Bernardo Ar\u00e9valo celebr\u00f3 ayer en la Plaza de la Constituci\u00f3n"},"content":{"rendered":"\n<p>CELEBRAN EN LA PLAZA\u2026El candidato presidencial del Movimiento Semilla Bernardo Ar\u00e9valo de Le\u00f3n celebr\u00f3 la tarde de este lunes con sus simpatizantes en la Plaza de la Constituci\u00f3n el triunfo de pasar a la segunda vuelta electoral.<\/p>\n\n\n\n<p>\u201cVolvimos a la plaza, esta vez para celebrar que el pueblo de Guatemala dej\u00f3 muy claro ayer que se puede construir un futuro diferente\u201d indic\u00f3 Bernardo Ar\u00e9valo.<\/p><div class=\"elmet-contenido\" id=\"elmet-2932460479\"><div class=\"elmet-adlabel\">Anuncios<\/div><div style=\"margin-top: 20px;margin-right: 20px;margin-bottom: 20px;margin-left: 20px;\" id=\"elmet-1018017017\"><a href=\"https:\/\/www.facebook.com\/arrincuanantigua\/\" aria-label=\"cintillo-arrin-cual\"><img loading=\"lazy\" decoding=\"async\" src=\"https:\/\/elmetropolitano.com.gt\/es\/wp-content\/uploads\/2021\/11\/cintillo-arrin-cual-1.jpg\" alt=\"\"  srcset=\"https:\/\/elmetropolitano.com.gt\/es\/wp-content\/uploads\/2021\/11\/cintillo-arrin-cual-1.jpg 750w, https:\/\/elmetropolitano.com.gt\/es\/wp-content\/uploads\/2021\/11\/cintillo-arrin-cual-1-300x36.jpg 300w, https:\/\/elmetropolitano.com.gt\/es\/wp-content\/uploads\/2021\/11\/cintillo-arrin-cual-1-600x72.jpg 600w\" sizes=\"(max-width: 750px) 100vw, 750px\" width=\"750\" height=\"90\"   \/><\/a><\/div><\/div>\n\n\n\n<p><a href=\"https:\/\/www.facebook.com\/hashtag\/eleccionesgtsegundavuelta?__eep__=6&amp;__cft__[0]=AZVsfpZputSBqHIy1eMumQZtxxM9h_jd5kCj2nA_ByVxk-J0s_rBkMn9b7qnyEEJryKXfOIlbrv51LNCCS6h0fCFAviWOOZpUeCfLaUsBk_wy2HgZAHLqf93gPlaN1zd86NN4HHNJodXYjxmLYdjCxeAECsr2MxC9ywV5s9c59rgM_x2bP3YH-Q7oQ-2rK0CERs&amp;__tn__=*NK-R\">#EleccionesGTSegundaVuelta<\/a><\/p>\n\n\n\n<figure class=\"wp-block-gallery has-nested-images columns-default is-cropped wp-block-gallery-1 is-layout-flex wp-block-gallery-is-layout-flex\">\n<figure class=\"wp-block-image size-large\"><img loading=\"lazy\" decoding=\"async\" width=\"1024\" height=\"768\" data-id=\"68427\" src=\"https:\/\/elmetropolitano.com.gt\/es\/wp-content\/uploads\/2023\/06\/348569931_796605108825791_8375132510519349995_n-1024x768.jpg\" alt=\"\" class=\"wp-image-68427\" srcset=\"https:\/\/elmetropolitano.com.gt\/es\/wp-content\/uploads\/2023\/06\/348569931_796605108825791_8375132510519349995_n-1024x768.jpg 1024w, https:\/\/elmetropolitano.com.gt\/es\/wp-content\/uploads\/2023\/06\/348569931_796605108825791_8375132510519349995_n-300x225.jpg 300w, https:\/\/elmetropolitano.com.gt\/es\/wp-content\/uploads\/2023\/06\/348569931_796605108825791_8375132510519349995_n-768x576.jpg 768w, https:\/\/elmetropolitano.com.gt\/es\/wp-content\/uploads\/2023\/06\/348569931_796605108825791_8375132510519349995_n-1536x1152.jpg 1536w, https:\/\/elmetropolitano.com.gt\/es\/wp-content\/uploads\/2023\/06\/348569931_796605108825791_8375132510519349995_n-600x450.jpg 600w, https:\/\/elmetropolitano.com.gt\/es\/wp-content\/uploads\/2023\/06\/348569931_796605108825791_8375132510519349995_n.jpg 1600w\" sizes=\"auto, (max-width: 1024px) 100vw, 1024px\" \/><\/figure>\n\n\n\n<figure class=\"wp-block-image size-large\"><img loading=\"lazy\" decoding=\"async\" width=\"510\" height=\"680\" data-id=\"68425\" src=\"https:\/\/elmetropolitano.com.gt\/es\/wp-content\/uploads\/2023\/06\/355683860_796604872159148_1495910251177898156_n.jpg\" alt=\"\" class=\"wp-image-68425\" srcset=\"https:\/\/elmetropolitano.com.gt\/es\/wp-content\/uploads\/2023\/06\/355683860_796604872159148_1495910251177898156_n.jpg 510w, https:\/\/elmetropolitano.com.gt\/es\/wp-content\/uploads\/2023\/06\/355683860_796604872159148_1495910251177898156_n-225x300.jpg 225w\" sizes=\"auto, (max-width: 510px) 100vw, 510px\" \/><\/figure>\n\n\n\n<figure class=\"wp-block-image size-large\"><img loading=\"lazy\" decoding=\"async\" width=\"900\" height=\"675\" data-id=\"68426\" src=\"https:\/\/elmetropolitano.com.gt\/es\/wp-content\/uploads\/2023\/06\/356664762_796604848825817_1422857180188225604_n.jpg\" alt=\"\" class=\"wp-image-68426\" srcset=\"https:\/\/elmetropolitano.com.gt\/es\/wp-content\/uploads\/2023\/06\/356664762_796604848825817_1422857180188225604_n.jpg 900w, https:\/\/elmetropolitano.com.gt\/es\/wp-content\/uploads\/2023\/06\/356664762_796604848825817_1422857180188225604_n-300x225.jpg 300w, https:\/\/elmetropolitano.com.gt\/es\/wp-content\/uploads\/2023\/06\/356664762_796604848825817_1422857180188225604_n-768x576.jpg 768w, https:\/\/elmetropolitano.com.gt\/es\/wp-content\/uploads\/2023\/06\/356664762_796604848825817_1422857180188225604_n-600x450.jpg 600w\" sizes=\"auto, (max-width: 900px) 100vw, 900px\" \/><\/figure>\n<\/figure>\n","protected":false},"excerpt":{"rendered":"<p>CELEBRAN EN LA PLAZA\u2026El candidato presidencial del Movimiento Semilla Bernardo Ar\u00e9valo de Le\u00f3n celebr\u00f3 la tarde de este lunes con sus simpatizantes en la Plaza de la Constituci\u00f3n el triunfo de pasar a la segunda vuelta electoral. \u201cVolvimos a la plaza, esta vez para celebrar que el pueblo de Guatemala dej\u00f3 muy claro ayer que <a class=\"read-more\" href=\"https:\/\/elmetropolitano.com.gt\/es\/bernardo-arevalo-celebro-ayer-en-la-plaza-de-la-constitucion\/\">Leer m\u00e1s<\/a><\/p>\n","protected":false},"author":1,"featured_media":68424,"comment_status":"open","ping_status":"closed","sticky":false,"template":"","format":"standard","meta":{"footnotes":""},"categories":[2],"tags":[12],"class_list":["post-68423","post","type-post","status-publish","format-standard","has-post-thumbnail","hentry","category-nacionales","tag-nacionales"],"_links":{"self":[{"href":"https:\/\/elmetropolitano.com.gt\/es\/wp-json\/wp\/v2\/posts\/68423","targetHints":{"allow":["GET"]}}],"collection":[{"href":"https:\/\/elmetropolitano.com.gt\/es\/wp-json\/wp\/v2\/posts"}],"about":[{"href":"https:\/\/elmetropolitano.com.gt\/es\/wp-json\/wp\/v2\/types\/post"}],"author":[{"embeddable":true,"href":"https:\/\/elmetropolitano.com.gt\/es\/wp-json\/wp\/v2\/users\/1"}],"replies":[{"embeddable":true,"href":"https:\/\/elmetropolitano.com.gt\/es\/wp-json\/wp\/v2\/comments?post=68423"}],"version-history":[{"count":1,"href":"https:\/\/elmetropolitano.com.gt\/es\/wp-json\/wp\/v2\/posts\/68423\/revisions"}],"predecessor-version":[{"id":68428,"href":"https:\/\/elmetropolitano.com.gt\/es\/wp-json\/wp\/v2\/posts\/68423\/revisions\/68428"}],"wp:featuredmedia":[{"embeddable":true,"href":"https:\/\/elmetropolitano.com.gt\/es\/wp-json\/wp\/v2\/media\/68424"}],"wp:attachment":[{"href":"https:\/\/elmetropolitano.com.gt\/es\/wp-json\/wp\/v2\/media?parent=68423"}],"wp:term":[{"taxonomy":"category","embeddable":true,"href":"https:\/\/elmetropolitano.com.gt\/es\/wp-json\/wp\/v2\/categories?post=68423"},{"taxonomy":"post_tag","embeddable":true,"href":"https:\/\/elmetropolitano.com.gt\/es\/wp-json\/wp\/v2\/tags?post=68423"}],"curies":[{"name":"wp","href":"https:\/\/api.w.org\/{rel}","templated":true}]}}