{"id":68439,"date":"2023-06-27T15:04:41","date_gmt":"2023-06-27T21:04:41","guid":{"rendered":"https:\/\/elmetropolitano.com.gt\/es\/?p=68439"},"modified":"2023-06-27T15:04:42","modified_gmt":"2023-06-27T21:04:42","slug":"comuna-de-mixco-exonera-multas-por-el-atraso-en-el-pago-del-iusi","status":"publish","type":"post","link":"https:\/\/elmetropolitano.com.gt\/es\/comuna-de-mixco-exonera-multas-por-el-atraso-en-el-pago-del-iusi\/","title":{"rendered":"Comuna de Mixco exonera multas por el atraso en el pago del IUSI"},"content":{"rendered":"\n<p>Con el fin de apoyar la golpeada econom\u00eda de los vecinos del municipio de Mixco, el alcalde Neto Bran y su Concejo Municipal, decidieron por unanimidad, exonerar de la multa por atraso en el Impuesto \u00danico Sobre Inmueble, IUSI, seg\u00fan lo publicado en el diario oficial.<\/p>\n\n\n\n<p>Autoridades ediles se\u00f1alaron que con esta medida se busca no solo apoyar a la poblaci\u00f3n, sino que de una vez obtener recursos para llevar a cabo los proyectos que tienen en marcha que ser\u00e1n de beneficio social para los habitantes de la Tierra de Campeones.<\/p><div class=\"elmet-contenido\" id=\"elmet-928553421\"><div class=\"elmet-adlabel\">Anuncios<\/div><div style=\"margin-top: 20px;margin-right: 20px;margin-bottom: 20px;margin-left: 20px;\" id=\"elmet-1952506648\"><a href=\"https:\/\/www.facebook.com\/arrincuanantigua\/\" aria-label=\"cintillo-arrin-cual\"><img loading=\"lazy\" decoding=\"async\" src=\"https:\/\/elmetropolitano.com.gt\/es\/wp-content\/uploads\/2021\/11\/cintillo-arrin-cual-1.jpg\" alt=\"\"  srcset=\"https:\/\/elmetropolitano.com.gt\/es\/wp-content\/uploads\/2021\/11\/cintillo-arrin-cual-1.jpg 750w, https:\/\/elmetropolitano.com.gt\/es\/wp-content\/uploads\/2021\/11\/cintillo-arrin-cual-1-300x36.jpg 300w, https:\/\/elmetropolitano.com.gt\/es\/wp-content\/uploads\/2021\/11\/cintillo-arrin-cual-1-600x72.jpg 600w\" sizes=\"(max-width: 750px) 100vw, 750px\" width=\"750\" height=\"90\"   \/><\/a><\/div><\/div>\n\n\n\n<p>De acuerdo con el acta publicada en el Diario Oficial la medida entra en vigencia a partir de hoy 27 de junio con un lapso de 30 d\u00edas en los que los vecinos podr\u00e1n ponerse al d\u00eda en sus pagos y evitar sanciones.<\/p>\n\n\n\n<p>Seg\u00fan se dijo solo se except\u00faan los que ya se encuentran en jur\u00eddico con demanda para el pago de este impuesto, los dem\u00e1s pueden acercarse a las cajas municipales y aprovechar la oportunidad para ponerse al d\u00eda.<\/p>\n\n\n\n<p>#metroredes<\/p>\n\n\n\n<p><\/p>\n","protected":false},"excerpt":{"rendered":"<p>Con el fin de apoyar la golpeada econom\u00eda de los vecinos del municipio de Mixco, el alcalde Neto Bran y su Concejo Municipal, decidieron por unanimidad, exonerar de la multa por atraso en el Impuesto \u00danico Sobre Inmueble, IUSI, seg\u00fan lo publicado en el diario oficial. Autoridades ediles se\u00f1alaron que con esta medida se busca <a class=\"read-more\" href=\"https:\/\/elmetropolitano.com.gt\/es\/comuna-de-mixco-exonera-multas-por-el-atraso-en-el-pago-del-iusi\/\">Leer m\u00e1s<\/a><\/p>\n","protected":false},"author":1,"featured_media":68440,"comment_status":"open","ping_status":"closed","sticky":false,"template":"","format":"standard","meta":{"footnotes":""},"categories":[119],"tags":[120],"class_list":["post-68439","post","type-post","status-publish","format-standard","has-post-thumbnail","hentry","category-municipales","tag-municipales"],"_links":{"self":[{"href":"https:\/\/elmetropolitano.com.gt\/es\/wp-json\/wp\/v2\/posts\/68439","targetHints":{"allow":["GET"]}}],"collection":[{"href":"https:\/\/elmetropolitano.com.gt\/es\/wp-json\/wp\/v2\/posts"}],"about":[{"href":"https:\/\/elmetropolitano.com.gt\/es\/wp-json\/wp\/v2\/types\/post"}],"author":[{"embeddable":true,"href":"https:\/\/elmetropolitano.com.gt\/es\/wp-json\/wp\/v2\/users\/1"}],"replies":[{"embeddable":true,"href":"https:\/\/elmetropolitano.com.gt\/es\/wp-json\/wp\/v2\/comments?post=68439"}],"version-history":[{"count":1,"href":"https:\/\/elmetropolitano.com.gt\/es\/wp-json\/wp\/v2\/posts\/68439\/revisions"}],"predecessor-version":[{"id":68441,"href":"https:\/\/elmetropolitano.com.gt\/es\/wp-json\/wp\/v2\/posts\/68439\/revisions\/68441"}],"wp:featuredmedia":[{"embeddable":true,"href":"https:\/\/elmetropolitano.com.gt\/es\/wp-json\/wp\/v2\/media\/68440"}],"wp:attachment":[{"href":"https:\/\/elmetropolitano.com.gt\/es\/wp-json\/wp\/v2\/media?parent=68439"}],"wp:term":[{"taxonomy":"category","embeddable":true,"href":"https:\/\/elmetropolitano.com.gt\/es\/wp-json\/wp\/v2\/categories?post=68439"},{"taxonomy":"post_tag","embeddable":true,"href":"https:\/\/elmetropolitano.com.gt\/es\/wp-json\/wp\/v2\/tags?post=68439"}],"curies":[{"name":"wp","href":"https:\/\/api.w.org\/{rel}","templated":true}]}}