{"id":68451,"date":"2023-06-27T18:46:29","date_gmt":"2023-06-28T00:46:29","guid":{"rendered":"https:\/\/elmetropolitano.com.gt\/es\/?p=68451"},"modified":"2023-06-27T18:46:30","modified_gmt":"2023-06-28T00:46:30","slug":"congreso-cumplira-con-las-sesiones-extraordinarias-pero","status":"publish","type":"post","link":"https:\/\/elmetropolitano.com.gt\/es\/congreso-cumplira-con-las-sesiones-extraordinarias-pero\/","title":{"rendered":"Congreso cumplir\u00e1 con las sesiones extraordinarias, pero&#8230;*"},"content":{"rendered":"\n<p>La Comisi\u00f3n Permanente cit\u00f3 a los diputados para ma\u00f1ana mi\u00e9rcoles y cumplir con las sesiones extraordinarias del mes de junio, pero con la intenci\u00f3n de interpelar al ministro de Cultura y Deportes, Felipe Aguilar.<\/p>\n\n\n\n<p>Sin embargo, al funcionario no se le ha <a><\/a>realizado ni la primera pregunta; es m\u00e1s ni siquiera ha ingresado al hemiciclo parlamentario, pues cada vez que se trata de iniciar ese juicio pol\u00edtico, por haber pocos diputados (no hay cu\u00f3rum) se suspende la misma.<\/p><div class=\"elmet-contenido\" id=\"elmet-2352007411\"><div class=\"elmet-adlabel\">Anuncios<\/div><div style=\"margin-top: 20px;margin-right: 20px;margin-bottom: 20px;margin-left: 20px;\" id=\"elmet-1404956637\"><a href=\"https:\/\/www.facebook.com\/arrincuanantigua\/\" aria-label=\"cintillo-arrin-cual\"><img loading=\"lazy\" decoding=\"async\" src=\"https:\/\/elmetropolitano.com.gt\/es\/wp-content\/uploads\/2021\/11\/cintillo-arrin-cual-1.jpg\" alt=\"\"  srcset=\"https:\/\/elmetropolitano.com.gt\/es\/wp-content\/uploads\/2021\/11\/cintillo-arrin-cual-1.jpg 750w, https:\/\/elmetropolitano.com.gt\/es\/wp-content\/uploads\/2021\/11\/cintillo-arrin-cual-1-300x36.jpg 300w, https:\/\/elmetropolitano.com.gt\/es\/wp-content\/uploads\/2021\/11\/cintillo-arrin-cual-1-600x72.jpg 600w\" sizes=\"(max-width: 750px) 100vw, 750px\" width=\"750\" height=\"90\"   \/><\/a><\/div><\/div>\n\n\n\n<p>Esto suele ocurrir los jueves, de mentiritas, como dice la diputada reelecta ahora, Lucrecia Marroqu\u00edn de Palomo. Lo cierto es que ni ese d\u00eda, ni ahora en sesiones extraordinarias, se ha interpelado al ministro de Cultura.<\/p>\n\n\n\n<p>En fila hay otros ministros que tendr\u00edan que ser interpelados, como la de Educaci\u00f3n, Claudia Ruiz; el de Comunicaciones, Javier Maldonado y el de Salud, Francisco Coma. Tambi\u00e9n para esta sesi\u00f3n extraordinaria en el punto siete se citan a los diputados para la elecci\u00f3n de magistrados a la Corte de Apelaciones y la elecci\u00f3n de magistrados de la Corte Suprema de Justicia, pero tampoco ocurre.<\/p>\n\n\n\n<p>Unos se van y* otros se quedan*<\/p>\n\n\n\n<p>Hoy al reiniciarse las actividades parlamentarias, se tuvo la sesi\u00f3n de la Comisi\u00f3n de la Juventud, cuyo presidente es el diputado Vasny Maldonado, reelecto por el distrito de Suchitep\u00e9quez por la UNE y Jos\u00e9 Alberto S\u00e1nchez, vicepresidente de esa sala de trabajo, quien no fue reelecto, al lanzarse por el distrito central del partido Uni\u00f3n Republicana.<\/p>\n\n\n\n<p>Vasny Maldonado, asegur\u00f3 que en su distrito no hubo mayores problemas y destac\u00f3 la participaci\u00f3n de la juventud. Nos tom\u00f3 por sorpresa el no instar a la juventud y eso trabajaremos con la UNE; s\u00ed hubo abstenci\u00f3n, m\u00e1s que en el 2019, se\u00f1al\u00f3.<\/p>\n\n\n\n<p>A decir del diputado Maldonado, el fen\u00f3meno pol\u00edtico de Semilla fue que no dejaran participar a otras organizaciones pol\u00edticas y que ahora en una segunda vuelta, espero que voten por la UNE.<\/p>\n\n\n\n<p>Alberto S\u00e1nchez, indic\u00f3 que fue fundador de Semilla, pero que en su caso no logr\u00f3 su reelecci\u00f3n y corri\u00f3 el gran riesgo al no posicionar el logo de Uni\u00f3n Republicana, pese a trabajar fuertemente.<\/p>\n\n\n\n<p>Los siguientes meses parlamentarios seguir\u00e1 trabajando con \u00edmpetu y buscar\u00e1 en el futuro participar pol\u00edticamente, dijo.<\/p>\n\n\n\n<p>Fue comunicaci\u00f3n y marketing lo de Semilla. Ahora son dos candidatos y depender\u00e1 de la estrategia que hagan. Fue una sorpresa que Semilla fuera en una segunda vuelta, pero que por razones personales no tengo ninguna comunicaci\u00f3n con ninguno de ellos, expres\u00f3.<\/p>\n\n\n\n<p>Por el D\u00eda Internacional de la Juventud*<\/p>\n\n\n\n<p>Hoy se tuvo una reuni\u00f3n de la Comisi\u00f3n de la Juventud con el secretario municipal de la Juventud de Livingston, Izabal, Jaime Portela, para la socializaci\u00f3n del D\u00eda Internacional de la juventud.<\/p>\n\n\n\n<p>Portela inform\u00f3 que desde 2016 se celebra el 12 de agosto como el D\u00eda Internacional de la juventud, pero que para este a\u00f1o ser\u00e1 el viernes 25 de agosto y esperan seis mil j\u00f3venes y as\u00ed duplicarla participaci\u00f3n que ha sido un promedio de 3 mil.<\/p>\n\n\n\n<p>Esta sala de trabajo<\/p>\n\n\n\n<p>tambi\u00e9n conoci\u00f3 la renuncia del secretario de la comisi\u00f3n, Juan Ignacio Quijada. En su lugar fue electa la diputada Lorena de Le\u00f3n Teo.<\/p>\n\n\n\n<p>Texto: Francisco Javier Hurtarte<\/p>\n\n\n\n<p><a href=\"https:\/\/www.facebook.com\/hashtag\/metroredes?__eep__=6&amp;__cft__[0]=AZWI7Wr_vEaT-Wv3zI9kAPS_f7ysws3VE-Ij3mARJHfwpaUc8-a414keGBwSVtbkLJr4OxTl3FL4BwD458l6Rn7CnKt07Im4GFdsefiH3oBWCZVWIwSpE391bCALJsFPgsoSk1MfAq7FYDStwC1s93_JHRxdEE5lrpuDg7h7a8nIfh34Ad_WcMx1Dqz4IGSIkNI&amp;__tn__=*NK-R\">#metroredes<\/a><a href=\"https:\/\/www.facebook.com\/hashtag\/congresorepublicagt?__eep__=6&amp;__cft__[0]=AZWI7Wr_vEaT-Wv3zI9kAPS_f7ysws3VE-Ij3mARJHfwpaUc8-a414keGBwSVtbkLJr4OxTl3FL4BwD458l6Rn7CnKt07Im4GFdsefiH3oBWCZVWIwSpE391bCALJsFPgsoSk1MfAq7FYDStwC1s93_JHRxdEE5lrpuDg7h7a8nIfh34Ad_WcMx1Dqz4IGSIkNI&amp;__tn__=*NK-R\">#congresorepublicagt<\/a><\/p>\n\n\n\n<p>La Comisi\u00f3n Permanente cit\u00f3 a los diputados para ma\u00f1ana mi\u00e9rcoles y cumplir con las sesiones extraordinarias del mes de junio, pero con la intenci\u00f3n de interpelar al ministro de Cultura y Deportes, Felipe Aguilar.<\/p>\n\n\n\n<p>Sin embargo, al funcionario no se le ha <a><\/a>realizado ni la primera pregunta; es m\u00e1s ni siquiera ha ingresado al hemiciclo parlamentario, pues cada vez que se trata de iniciar ese juicio pol\u00edtico, por haber pocos diputados (no hay cu\u00f3rum) se suspende la misma.<\/p>\n\n\n\n<p>Esto suele ocurrir los jueves, de mentiritas, como dice la diputada reelecta ahora, Lucrecia Marroqu\u00edn de Palomo. Lo cierto es que ni ese d\u00eda, ni ahora en sesiones extraordinarias, se ha interpelado al ministro de Cultura.<\/p>\n\n\n\n<p>En fila hay otros ministros que tendr\u00edan que ser interpelados, como la de Educaci\u00f3n, Claudia Ruiz; el de Comunicaciones, Javier Maldonado y el de Salud, Francisco Coma. Tambi\u00e9n para esta sesi\u00f3n extraordinaria en el punto siete se citan a los diputados para la elecci\u00f3n de magistrados a la Corte de Apelaciones y la elecci\u00f3n de magistrados de la Corte Suprema de Justicia, pero tampoco ocurre.<\/p>\n\n\n\n<p>Unos se van y* otros se quedan*<\/p>\n\n\n\n<p>Hoy al reiniciarse las actividades parlamentarias, se tuvo la sesi\u00f3n de la Comisi\u00f3n de la Juventud, cuyo presidente es el diputado Vasny Maldonado, reelecto por el distrito de Suchitep\u00e9quez por la UNE y Jos\u00e9 Alberto S\u00e1nchez, vicepresidente de esa sala de trabajo, quien no fue reelecto, al lanzarse por el distrito central del partido Uni\u00f3n Republicana.<\/p>\n\n\n\n<p>Vasny Maldonado, asegur\u00f3 que en su distrito no hubo mayores problemas y destac\u00f3 la participaci\u00f3n de la juventud. Nos tom\u00f3 por sorpresa el no instar a la juventud y eso trabajaremos con la UNE; s\u00ed hubo abstenci\u00f3n, m\u00e1s que en el 2019, se\u00f1al\u00f3.<\/p>\n\n\n\n<p>A decir del diputado Maldonado, el fen\u00f3meno pol\u00edtico de Semilla fue que no dejaran participar a otras organizaciones pol\u00edticas y que ahora en una segunda vuelta, espero que voten por la UNE.<\/p>\n\n\n\n<p>Alberto S\u00e1nchez, indic\u00f3 que fue fundador de Semilla, pero que en su caso no logr\u00f3 su reelecci\u00f3n y corri\u00f3 el gran riesgo al no posicionar el logo de Uni\u00f3n Republicana, pese a trabajar fuertemente.<\/p>\n\n\n\n<p>Los siguientes meses parlamentarios seguir\u00e1 trabajando con \u00edmpetu y buscar\u00e1 en el futuro participar pol\u00edticamente, dijo.<\/p>\n\n\n\n<p>Fue comunicaci\u00f3n y marketing lo de Semilla. Ahora son dos candidatos y depender\u00e1 de la estrategia que hagan. Fue una sorpresa que Semilla fuera en una segunda vuelta, pero que por razones personales no tengo ninguna comunicaci\u00f3n con ninguno de ellos, expres\u00f3.<\/p>\n\n\n\n<p>Por el D\u00eda Internacional de la Juventud*<\/p>\n\n\n\n<p>Hoy se tuvo una reuni\u00f3n de la Comisi\u00f3n de la Juventud con el secretario municipal de la Juventud de Livingston, Izabal, Jaime Portela, para la socializaci\u00f3n del D\u00eda Internacional de la juventud.<\/p>\n\n\n\n<p>Portela inform\u00f3 que desde 2016 se celebra el 12 de agosto como el D\u00eda Internacional de la juventud, pero que para este a\u00f1o ser\u00e1 el viernes 25 de agosto y esperan seis mil j\u00f3venes y as\u00ed duplicarla participaci\u00f3n que ha sido un promedio de 3 mil.<\/p>\n\n\n\n<p>Esta sala de trabajo<\/p>\n\n\n\n<p>tambi\u00e9n conoci\u00f3 la renuncia del secretario de la comisi\u00f3n, Juan Ignacio Quijada. En su lugar fue electa la diputada Lorena de Le\u00f3n Teo.<\/p>\n\n\n\n<p>Texto: Francisco Javier Hurtarte<\/p>\n\n\n\n<p><a href=\"https:\/\/www.facebook.com\/hashtag\/metroredes?__eep__=6&amp;__cft__[0]=AZWI7Wr_vEaT-Wv3zI9kAPS_f7ysws3VE-Ij3mARJHfwpaUc8-a414keGBwSVtbkLJr4OxTl3FL4BwD458l6Rn7CnKt07Im4GFdsefiH3oBWCZVWIwSpE391bCALJsFPgsoSk1MfAq7FYDStwC1s93_JHRxdEE5lrpuDg7h7a8nIfh34Ad_WcMx1Dqz4IGSIkNI&amp;__tn__=*NK-R\">#metroredes<\/a><a href=\"https:\/\/www.facebook.com\/hashtag\/congresorepublicagt?__eep__=6&amp;__cft__[0]=AZWI7Wr_vEaT-Wv3zI9kAPS_f7ysws3VE-Ij3mARJHfwpaUc8-a414keGBwSVtbkLJr4OxTl3FL4BwD458l6Rn7CnKt07Im4GFdsefiH3oBWCZVWIwSpE391bCALJsFPgsoSk1MfAq7FYDStwC1s93_JHRxdEE5lrpuDg7h7a8nIfh34Ad_WcMx1Dqz4IGSIkNI&amp;__tn__=*NK-R\">#congresorepublicagt<\/a><\/p>\n\n\n\n<figure class=\"wp-block-gallery has-nested-images columns-default is-cropped wp-block-gallery-1 is-layout-flex wp-block-gallery-is-layout-flex\">\n<figure class=\"wp-block-image size-large\"><img loading=\"lazy\" decoding=\"async\" width=\"1024\" height=\"576\" data-id=\"68453\" src=\"https:\/\/elmetropolitano.com.gt\/es\/wp-content\/uploads\/2023\/06\/348320398_730281635764589_4330212931182798094_n-1024x576.jpg\" alt=\"\" class=\"wp-image-68453\" srcset=\"https:\/\/elmetropolitano.com.gt\/es\/wp-content\/uploads\/2023\/06\/348320398_730281635764589_4330212931182798094_n-1024x576.jpg 1024w, https:\/\/elmetropolitano.com.gt\/es\/wp-content\/uploads\/2023\/06\/348320398_730281635764589_4330212931182798094_n-300x169.jpg 300w, https:\/\/elmetropolitano.com.gt\/es\/wp-content\/uploads\/2023\/06\/348320398_730281635764589_4330212931182798094_n-768x432.jpg 768w, https:\/\/elmetropolitano.com.gt\/es\/wp-content\/uploads\/2023\/06\/348320398_730281635764589_4330212931182798094_n-1536x864.jpg 1536w, https:\/\/elmetropolitano.com.gt\/es\/wp-content\/uploads\/2023\/06\/348320398_730281635764589_4330212931182798094_n-600x337.jpg 600w, https:\/\/elmetropolitano.com.gt\/es\/wp-content\/uploads\/2023\/06\/348320398_730281635764589_4330212931182798094_n.jpg 1599w\" sizes=\"auto, (max-width: 1024px) 100vw, 1024px\" \/><\/figure>\n\n\n\n<figure class=\"wp-block-image size-large\"><img loading=\"lazy\" decoding=\"async\" width=\"576\" height=\"1024\" data-id=\"68454\" src=\"https:\/\/elmetropolitano.com.gt\/es\/wp-content\/uploads\/2023\/06\/352369927_730281885764564_9148620878708460416_n-576x1024.jpg\" alt=\"\" class=\"wp-image-68454\" srcset=\"https:\/\/elmetropolitano.com.gt\/es\/wp-content\/uploads\/2023\/06\/352369927_730281885764564_9148620878708460416_n-576x1024.jpg 576w, https:\/\/elmetropolitano.com.gt\/es\/wp-content\/uploads\/2023\/06\/352369927_730281885764564_9148620878708460416_n-169x300.jpg 169w, https:\/\/elmetropolitano.com.gt\/es\/wp-content\/uploads\/2023\/06\/352369927_730281885764564_9148620878708460416_n-768x1366.jpg 768w, https:\/\/elmetropolitano.com.gt\/es\/wp-content\/uploads\/2023\/06\/352369927_730281885764564_9148620878708460416_n-864x1536.jpg 864w, https:\/\/elmetropolitano.com.gt\/es\/wp-content\/uploads\/2023\/06\/352369927_730281885764564_9148620878708460416_n-600x1067.jpg 600w, https:\/\/elmetropolitano.com.gt\/es\/wp-content\/uploads\/2023\/06\/352369927_730281885764564_9148620878708460416_n.jpg 899w\" sizes=\"auto, (max-width: 576px) 100vw, 576px\" \/><\/figure>\n<\/figure>\n","protected":false},"excerpt":{"rendered":"<p>La Comisi\u00f3n Permanente cit\u00f3 a los diputados para ma\u00f1ana mi\u00e9rcoles y cumplir con las sesiones extraordinarias del mes de junio, pero con la intenci\u00f3n de interpelar al ministro de Cultura y Deportes, Felipe Aguilar. Sin embargo, al funcionario no se le ha realizado ni la primera pregunta; es m\u00e1s ni siquiera ha ingresado al hemiciclo <a class=\"read-more\" href=\"https:\/\/elmetropolitano.com.gt\/es\/congreso-cumplira-con-las-sesiones-extraordinarias-pero\/\">Leer m\u00e1s<\/a><\/p>\n","protected":false},"author":1,"featured_media":68452,"comment_status":"open","ping_status":"closed","sticky":false,"template":"","format":"standard","meta":{"footnotes":""},"categories":[2],"tags":[12],"class_list":["post-68451","post","type-post","status-publish","format-standard","has-post-thumbnail","hentry","category-nacionales","tag-nacionales"],"_links":{"self":[{"href":"https:\/\/elmetropolitano.com.gt\/es\/wp-json\/wp\/v2\/posts\/68451","targetHints":{"allow":["GET"]}}],"collection":[{"href":"https:\/\/elmetropolitano.com.gt\/es\/wp-json\/wp\/v2\/posts"}],"about":[{"href":"https:\/\/elmetropolitano.com.gt\/es\/wp-json\/wp\/v2\/types\/post"}],"author":[{"embeddable":true,"href":"https:\/\/elmetropolitano.com.gt\/es\/wp-json\/wp\/v2\/users\/1"}],"replies":[{"embeddable":true,"href":"https:\/\/elmetropolitano.com.gt\/es\/wp-json\/wp\/v2\/comments?post=68451"}],"version-history":[{"count":1,"href":"https:\/\/elmetropolitano.com.gt\/es\/wp-json\/wp\/v2\/posts\/68451\/revisions"}],"predecessor-version":[{"id":68455,"href":"https:\/\/elmetropolitano.com.gt\/es\/wp-json\/wp\/v2\/posts\/68451\/revisions\/68455"}],"wp:featuredmedia":[{"embeddable":true,"href":"https:\/\/elmetropolitano.com.gt\/es\/wp-json\/wp\/v2\/media\/68452"}],"wp:attachment":[{"href":"https:\/\/elmetropolitano.com.gt\/es\/wp-json\/wp\/v2\/media?parent=68451"}],"wp:term":[{"taxonomy":"category","embeddable":true,"href":"https:\/\/elmetropolitano.com.gt\/es\/wp-json\/wp\/v2\/categories?post=68451"},{"taxonomy":"post_tag","embeddable":true,"href":"https:\/\/elmetropolitano.com.gt\/es\/wp-json\/wp\/v2\/tags?post=68451"}],"curies":[{"name":"wp","href":"https:\/\/api.w.org\/{rel}","templated":true}]}}