{"id":68515,"date":"2023-06-28T12:37:04","date_gmt":"2023-06-28T18:37:04","guid":{"rendered":"https:\/\/elmetropolitano.com.gt\/es\/?p=68515"},"modified":"2023-06-28T12:37:05","modified_gmt":"2023-06-28T18:37:05","slug":"creo-presenta-nulidad-al-conteo-de-escrutinios-y-pide-al-tse-recuento-de-actas","status":"publish","type":"post","link":"https:\/\/elmetropolitano.com.gt\/es\/creo-presenta-nulidad-al-conteo-de-escrutinios-y-pide-al-tse-recuento-de-actas\/","title":{"rendered":"CREO presenta nulidad al conteo de Escrutinios y pide al TSE recuento de actas"},"content":{"rendered":"\n<p>El partido Compromiso Renovaci\u00f3n y Orden CREO por medio del fiscal Diego Ronquillo Castillo present\u00f3 nulidad al conteo de escrutinios, por considerar que hubo anomal\u00edas en el debido proceso al no haberse cumplido la presentaci\u00f3n de impugnaciones.<\/p>\n\n\n\n<p>Este d\u00eda solicitar\u00e1n al pleno de magistrados del Tribunal Supremo electoral TSE un recuento de actas para definir la elecci\u00f3n de corporaci\u00f3n municipal <a><\/a>de la Ciudad Capital<\/p><div class=\"elmet-contenido\" id=\"elmet-3224930425\"><div class=\"elmet-adlabel\">Anuncios<\/div><div style=\"margin-top: 20px;margin-right: 20px;margin-bottom: 20px;margin-left: 20px;\" id=\"elmet-704554025\"><a href=\"https:\/\/www.facebook.com\/arrincuanantigua\/\" aria-label=\"cintillo-arrin-cual\"><img loading=\"lazy\" decoding=\"async\" src=\"https:\/\/elmetropolitano.com.gt\/es\/wp-content\/uploads\/2021\/11\/cintillo-arrin-cual-1.jpg\" alt=\"\"  srcset=\"https:\/\/elmetropolitano.com.gt\/es\/wp-content\/uploads\/2021\/11\/cintillo-arrin-cual-1.jpg 750w, https:\/\/elmetropolitano.com.gt\/es\/wp-content\/uploads\/2021\/11\/cintillo-arrin-cual-1-300x36.jpg 300w, https:\/\/elmetropolitano.com.gt\/es\/wp-content\/uploads\/2021\/11\/cintillo-arrin-cual-1-600x72.jpg 600w\" sizes=\"(max-width: 750px) 100vw, 750px\" width=\"750\" height=\"90\"   \/><\/a><\/div><\/div>\n\n\n\n<p>Desde la madrugada del lunes se ha hablado de fraude en las elecciones para favorecer la reelecci\u00f3n del alcalde Ricardo Qui\u00f1ones.<\/p>\n\n\n\n<p><a href=\"https:\/\/www.facebook.com\/hashtag\/fraude?__eep__=6&amp;__cft__[0]=AZXBZTW4v-CL_FfKUHCWXgc-QRdFz3cMtHtemzyNg_Vxqh7vcZyGBi3fSwduZdvF6dquP9ncAobcBAbOQnePgsBVRv6S4lVWqCYVfEi-24dcCYCjqAeyR-FQqEPFvH7LQSskUQVbkCN8C3P7bKz3e6Ciwrw-DW0XZ7E-Iq_GU3rfzy1s7q2NiE2IIM7Pa-21fz0&amp;__tn__=*NK-R\">#Fraude<\/a><a href=\"https:\/\/www.facebook.com\/hashtag\/yovoto?__eep__=6&amp;__cft__[0]=AZXBZTW4v-CL_FfKUHCWXgc-QRdFz3cMtHtemzyNg_Vxqh7vcZyGBi3fSwduZdvF6dquP9ncAobcBAbOQnePgsBVRv6S4lVWqCYVfEi-24dcCYCjqAeyR-FQqEPFvH7LQSskUQVbkCN8C3P7bKz3e6Ciwrw-DW0XZ7E-Iq_GU3rfzy1s7q2NiE2IIM7Pa-21fz0&amp;__tn__=*NK-R\">#YoVoto<\/a><a href=\"https:\/\/www.facebook.com\/hashtag\/tsegt?__eep__=6&amp;__cft__[0]=AZXBZTW4v-CL_FfKUHCWXgc-QRdFz3cMtHtemzyNg_Vxqh7vcZyGBi3fSwduZdvF6dquP9ncAobcBAbOQnePgsBVRv6S4lVWqCYVfEi-24dcCYCjqAeyR-FQqEPFvH7LQSskUQVbkCN8C3P7bKz3e6Ciwrw-DW0XZ7E-Iq_GU3rfzy1s7q2NiE2IIM7Pa-21fz0&amp;__tn__=*NK-R\">#TSEgt<\/a><\/p>\n\n\n\n<figure class=\"wp-block-gallery has-nested-images columns-default is-cropped wp-block-gallery-1 is-layout-flex wp-block-gallery-is-layout-flex\">\n<figure class=\"wp-block-image size-large\"><img loading=\"lazy\" decoding=\"async\" width=\"629\" height=\"1024\" data-id=\"68517\" src=\"https:\/\/elmetropolitano.com.gt\/es\/wp-content\/uploads\/2023\/06\/356662500_730957565696996_6538572312491609441_n-1-629x1024.jpg\" alt=\"\" class=\"wp-image-68517\" srcset=\"https:\/\/elmetropolitano.com.gt\/es\/wp-content\/uploads\/2023\/06\/356662500_730957565696996_6538572312491609441_n-1-629x1024.jpg 629w, https:\/\/elmetropolitano.com.gt\/es\/wp-content\/uploads\/2023\/06\/356662500_730957565696996_6538572312491609441_n-1-184x300.jpg 184w, https:\/\/elmetropolitano.com.gt\/es\/wp-content\/uploads\/2023\/06\/356662500_730957565696996_6538572312491609441_n-1-768x1251.jpg 768w, https:\/\/elmetropolitano.com.gt\/es\/wp-content\/uploads\/2023\/06\/356662500_730957565696996_6538572312491609441_n-1-600x977.jpg 600w, https:\/\/elmetropolitano.com.gt\/es\/wp-content\/uploads\/2023\/06\/356662500_730957565696996_6538572312491609441_n-1.jpg 786w\" sizes=\"auto, (max-width: 629px) 100vw, 629px\" \/><\/figure>\n<\/figure>\n","protected":false},"excerpt":{"rendered":"<p>El partido Compromiso Renovaci\u00f3n y Orden CREO por medio del fiscal Diego Ronquillo Castillo present\u00f3 nulidad al conteo de escrutinios, por considerar que hubo anomal\u00edas en el debido proceso al no haberse cumplido la presentaci\u00f3n de impugnaciones. Este d\u00eda solicitar\u00e1n al pleno de magistrados del Tribunal Supremo electoral TSE un recuento de actas para definir <a class=\"read-more\" href=\"https:\/\/elmetropolitano.com.gt\/es\/creo-presenta-nulidad-al-conteo-de-escrutinios-y-pide-al-tse-recuento-de-actas\/\">Leer m\u00e1s<\/a><\/p>\n","protected":false},"author":1,"featured_media":68516,"comment_status":"open","ping_status":"closed","sticky":false,"template":"","format":"standard","meta":{"footnotes":""},"categories":[2],"tags":[12],"class_list":["post-68515","post","type-post","status-publish","format-standard","has-post-thumbnail","hentry","category-nacionales","tag-nacionales"],"_links":{"self":[{"href":"https:\/\/elmetropolitano.com.gt\/es\/wp-json\/wp\/v2\/posts\/68515","targetHints":{"allow":["GET"]}}],"collection":[{"href":"https:\/\/elmetropolitano.com.gt\/es\/wp-json\/wp\/v2\/posts"}],"about":[{"href":"https:\/\/elmetropolitano.com.gt\/es\/wp-json\/wp\/v2\/types\/post"}],"author":[{"embeddable":true,"href":"https:\/\/elmetropolitano.com.gt\/es\/wp-json\/wp\/v2\/users\/1"}],"replies":[{"embeddable":true,"href":"https:\/\/elmetropolitano.com.gt\/es\/wp-json\/wp\/v2\/comments?post=68515"}],"version-history":[{"count":1,"href":"https:\/\/elmetropolitano.com.gt\/es\/wp-json\/wp\/v2\/posts\/68515\/revisions"}],"predecessor-version":[{"id":68518,"href":"https:\/\/elmetropolitano.com.gt\/es\/wp-json\/wp\/v2\/posts\/68515\/revisions\/68518"}],"wp:featuredmedia":[{"embeddable":true,"href":"https:\/\/elmetropolitano.com.gt\/es\/wp-json\/wp\/v2\/media\/68516"}],"wp:attachment":[{"href":"https:\/\/elmetropolitano.com.gt\/es\/wp-json\/wp\/v2\/media?parent=68515"}],"wp:term":[{"taxonomy":"category","embeddable":true,"href":"https:\/\/elmetropolitano.com.gt\/es\/wp-json\/wp\/v2\/categories?post=68515"},{"taxonomy":"post_tag","embeddable":true,"href":"https:\/\/elmetropolitano.com.gt\/es\/wp-json\/wp\/v2\/tags?post=68515"}],"curies":[{"name":"wp","href":"https:\/\/api.w.org\/{rel}","templated":true}]}}