{"id":68527,"date":"2023-06-29T09:28:37","date_gmt":"2023-06-29T15:28:37","guid":{"rendered":"https:\/\/elmetropolitano.com.gt\/es\/?p=68527"},"modified":"2023-06-29T09:28:40","modified_gmt":"2023-06-29T15:28:40","slug":"congreso-abre-sesion-pero-como-siempre-no-avanza","status":"publish","type":"post","link":"https:\/\/elmetropolitano.com.gt\/es\/congreso-abre-sesion-pero-como-siempre-no-avanza\/","title":{"rendered":"Congreso abre sesi\u00f3n pero como siempre, no avanza"},"content":{"rendered":"\n<p>La sesi\u00f3n extraordinaria del Congreso de la Rep\u00fablica de este mes de junio, s\u00f3lo sirvi\u00f3 para aprobar las actas anteriores, pero hasta all\u00ed se lleg\u00f3.<\/p>\n\n\n\n<p>La <a><\/a>interpelaci\u00f3n al ministro de Cultura y Deportes, Felipe Aguilar, no se logr\u00f3 pues el diputado Armando Melgar Padilla dijo que no se hab\u00eda logrado por falta de cu\u00f3rum. Se necesitaban 81 diputados marcados pero s\u00f3lo 45 estaban presuntamente en el Hemiciclo Parlamentario.<\/p><div class=\"elmet-contenido\" id=\"elmet-585101686\"><div class=\"elmet-adlabel\">Anuncios<\/div><div style=\"margin-top: 20px;margin-right: 20px;margin-bottom: 20px;margin-left: 20px;\" id=\"elmet-2528813252\"><a href=\"https:\/\/www.facebook.com\/arrincuanantigua\/\" aria-label=\"cintillo-arrin-cual\"><img loading=\"lazy\" decoding=\"async\" src=\"https:\/\/elmetropolitano.com.gt\/es\/wp-content\/uploads\/2021\/11\/cintillo-arrin-cual-1.jpg\" alt=\"\"  srcset=\"https:\/\/elmetropolitano.com.gt\/es\/wp-content\/uploads\/2021\/11\/cintillo-arrin-cual-1.jpg 750w, https:\/\/elmetropolitano.com.gt\/es\/wp-content\/uploads\/2021\/11\/cintillo-arrin-cual-1-300x36.jpg 300w, https:\/\/elmetropolitano.com.gt\/es\/wp-content\/uploads\/2021\/11\/cintillo-arrin-cual-1-600x72.jpg 600w\" sizes=\"(max-width: 750px) 100vw, 750px\" width=\"750\" height=\"90\"   \/><\/a><\/div><\/div>\n\n\n\n<p>A la verdad, conforme al \u00faltimo registro, s\u00f3lo 28 diputados votaron a favor de las actas anteriores. Eso quiere decir que los otros 17 ya no estaban.<\/p>\n\n\n\n<p>Para Melgar Padilla a\u00fan no se han oficializado los resultados de estas elecciones. Aunque espera, dice que no se haya registrado el fraude.<\/p>\n\n\n\n<p>La gente no vot\u00f3 por la Uni\u00f3n Republicana y ahora expres\u00f3, regresar\u00e1 a su vida normal. No naci\u00f3 siendo diputado, dijo<\/p>\n\n\n\n<p>Otro diputado que no gan\u00f3 su reelecci\u00f3n fue L\u00e1zaro Zamora, pero \u00e9l le echa la culpa del fracaso de estas elecciones al presidente Alejandro Giammattei por la mucha corrupci\u00f3n y que hubo que provoc\u00f3 que el pueblo se volcara por la izquierda.<\/p>\n\n\n\n<p>Otras actividades legislativas<\/p>\n\n\n\n<p>La Comisi\u00f3n de Educaci\u00f3n que preside la diputada Mar\u00eda Eugenia Castellanos, dictamin\u00f3 la iniciativa 5937 Ley que regula los centros de cuidado infantil diario. Cuando se tenga las firmas de los diputados se llevar\u00e1 a Direcci\u00f3n Legislativa y Junta Directiva del Congreso determinara cuando se lleve al pleno.<\/p>\n\n\n\n<p>La diputada Ligia Hern\u00e1ndez, se reuni\u00f3 con el sub director de atenci\u00f3n y protecci\u00f3n de los derechos fundamentales de migrantes del instituto Guatemalteco de Migraci\u00f3n (IGM), Elmer Pinz\u00f3n, quien explic\u00f3 sobre los permisos para migrantes de Centro Am\u00e9rica que est\u00e1n en el pa\u00eds, y que deben regresar a su lugar de donde nacieron y solicitar un nuevo sello para un permiso de permanencia de 10 a 90 d\u00edas.<\/p>\n\n\n\n<p>Esto no satisfizo a la parlamentaria de Semilla quien espera que antes de que finalice este gobierno, el IGM otorgue exoneraci\u00f3n de impuestos para los extranjeros.<\/p>\n\n\n\n<p>Texto: Francisco Francisco Hurtarte<\/p>\n\n\n\n<p><a href=\"https:\/\/www.facebook.com\/hashtag\/organismolegislativo?__eep__=6&amp;__cft__[0]=AZVkIZB8ewha8ZfGz1zBSxlRQqLzEajZ7POi2Ah7BNqlMJEO6Ot2UN1SEsjvbbFPkRgctLVbCx0Rb3oCl5HzjIVCl8b0TLI51BinN9ME7AoUO4hrq7_PcHyQ_4QmRbCaoJp637C0zoOFUTOpD6XulS-5QdzRYQzNhUpKKNFgfD6xefGxe0H5ZUptRlKoRafu94Q&amp;__tn__=*NK-R\">#Organismolegislativo<\/a><a href=\"https:\/\/www.facebook.com\/hashtag\/metroredes?__eep__=6&amp;__cft__[0]=AZVkIZB8ewha8ZfGz1zBSxlRQqLzEajZ7POi2Ah7BNqlMJEO6Ot2UN1SEsjvbbFPkRgctLVbCx0Rb3oCl5HzjIVCl8b0TLI51BinN9ME7AoUO4hrq7_PcHyQ_4QmRbCaoJp637C0zoOFUTOpD6XulS-5QdzRYQzNhUpKKNFgfD6xefGxe0H5ZUptRlKoRafu94Q&amp;__tn__=*NK-R\">#Metroredes<\/a><a href=\"https:\/\/www.facebook.com\/hashtag\/congresorepublicagt?__eep__=6&amp;__cft__[0]=AZVkIZB8ewha8ZfGz1zBSxlRQqLzEajZ7POi2Ah7BNqlMJEO6Ot2UN1SEsjvbbFPkRgctLVbCx0Rb3oCl5HzjIVCl8b0TLI51BinN9ME7AoUO4hrq7_PcHyQ_4QmRbCaoJp637C0zoOFUTOpD6XulS-5QdzRYQzNhUpKKNFgfD6xefGxe0H5ZUptRlKoRafu94Q&amp;__tn__=*NK-R\">#CongresoRepublicaGT<\/a><\/p>\n\n\n\n<figure class=\"wp-block-gallery has-nested-images columns-default is-cropped wp-block-gallery-1 is-layout-flex wp-block-gallery-is-layout-flex\">\n<figure class=\"wp-block-image size-large\"><img loading=\"lazy\" decoding=\"async\" width=\"960\" height=\"540\" data-id=\"68529\" src=\"https:\/\/elmetropolitano.com.gt\/es\/wp-content\/uploads\/2023\/06\/356938846_731198132339606_7335787744947579040_n.jpg\" alt=\"\" class=\"wp-image-68529\" srcset=\"https:\/\/elmetropolitano.com.gt\/es\/wp-content\/uploads\/2023\/06\/356938846_731198132339606_7335787744947579040_n.jpg 960w, https:\/\/elmetropolitano.com.gt\/es\/wp-content\/uploads\/2023\/06\/356938846_731198132339606_7335787744947579040_n-300x169.jpg 300w, https:\/\/elmetropolitano.com.gt\/es\/wp-content\/uploads\/2023\/06\/356938846_731198132339606_7335787744947579040_n-768x432.jpg 768w, https:\/\/elmetropolitano.com.gt\/es\/wp-content\/uploads\/2023\/06\/356938846_731198132339606_7335787744947579040_n-600x338.jpg 600w\" sizes=\"auto, (max-width: 960px) 100vw, 960px\" \/><\/figure>\n\n\n\n<figure class=\"wp-block-image size-large\"><img loading=\"lazy\" decoding=\"async\" width=\"540\" height=\"960\" data-id=\"68530\" src=\"https:\/\/elmetropolitano.com.gt\/es\/wp-content\/uploads\/2023\/06\/357000724_731198079006278_9011056736451439080_n.jpg\" alt=\"\" class=\"wp-image-68530\" srcset=\"https:\/\/elmetropolitano.com.gt\/es\/wp-content\/uploads\/2023\/06\/357000724_731198079006278_9011056736451439080_n.jpg 540w, https:\/\/elmetropolitano.com.gt\/es\/wp-content\/uploads\/2023\/06\/357000724_731198079006278_9011056736451439080_n-169x300.jpg 169w\" sizes=\"auto, (max-width: 540px) 100vw, 540px\" \/><\/figure>\n<\/figure>\n","protected":false},"excerpt":{"rendered":"<p>La sesi\u00f3n extraordinaria del Congreso de la Rep\u00fablica de este mes de junio, s\u00f3lo sirvi\u00f3 para aprobar las actas anteriores, pero hasta all\u00ed se lleg\u00f3. La interpelaci\u00f3n al ministro de Cultura y Deportes, Felipe Aguilar, no se logr\u00f3 pues el diputado Armando Melgar Padilla dijo que no se hab\u00eda logrado por falta de cu\u00f3rum. Se <a class=\"read-more\" href=\"https:\/\/elmetropolitano.com.gt\/es\/congreso-abre-sesion-pero-como-siempre-no-avanza\/\">Leer m\u00e1s<\/a><\/p>\n","protected":false},"author":1,"featured_media":68528,"comment_status":"open","ping_status":"closed","sticky":false,"template":"","format":"standard","meta":{"footnotes":""},"categories":[2],"tags":[12],"class_list":["post-68527","post","type-post","status-publish","format-standard","has-post-thumbnail","hentry","category-nacionales","tag-nacionales"],"_links":{"self":[{"href":"https:\/\/elmetropolitano.com.gt\/es\/wp-json\/wp\/v2\/posts\/68527","targetHints":{"allow":["GET"]}}],"collection":[{"href":"https:\/\/elmetropolitano.com.gt\/es\/wp-json\/wp\/v2\/posts"}],"about":[{"href":"https:\/\/elmetropolitano.com.gt\/es\/wp-json\/wp\/v2\/types\/post"}],"author":[{"embeddable":true,"href":"https:\/\/elmetropolitano.com.gt\/es\/wp-json\/wp\/v2\/users\/1"}],"replies":[{"embeddable":true,"href":"https:\/\/elmetropolitano.com.gt\/es\/wp-json\/wp\/v2\/comments?post=68527"}],"version-history":[{"count":1,"href":"https:\/\/elmetropolitano.com.gt\/es\/wp-json\/wp\/v2\/posts\/68527\/revisions"}],"predecessor-version":[{"id":68531,"href":"https:\/\/elmetropolitano.com.gt\/es\/wp-json\/wp\/v2\/posts\/68527\/revisions\/68531"}],"wp:featuredmedia":[{"embeddable":true,"href":"https:\/\/elmetropolitano.com.gt\/es\/wp-json\/wp\/v2\/media\/68528"}],"wp:attachment":[{"href":"https:\/\/elmetropolitano.com.gt\/es\/wp-json\/wp\/v2\/media?parent=68527"}],"wp:term":[{"taxonomy":"category","embeddable":true,"href":"https:\/\/elmetropolitano.com.gt\/es\/wp-json\/wp\/v2\/categories?post=68527"},{"taxonomy":"post_tag","embeddable":true,"href":"https:\/\/elmetropolitano.com.gt\/es\/wp-json\/wp\/v2\/tags?post=68527"}],"curies":[{"name":"wp","href":"https:\/\/api.w.org\/{rel}","templated":true}]}}