{"id":68568,"date":"2023-06-29T12:33:33","date_gmt":"2023-06-29T18:33:33","guid":{"rendered":"https:\/\/elmetropolitano.com.gt\/es\/?p=68568"},"modified":"2023-06-29T12:42:41","modified_gmt":"2023-06-29T18:42:41","slug":"si-hay-que-rectificar-algo-se-rectificara-dice-la-presidente-del-tse","status":"publish","type":"post","link":"https:\/\/elmetropolitano.com.gt\/es\/si-hay-que-rectificar-algo-se-rectificara-dice-la-presidente-del-tse\/","title":{"rendered":"Si hay que rectificar algo, se rectificar\u00e1, dice la presidente del TSE"},"content":{"rendered":"\n<p>Desacreditar a la autoridad electoral es como una consigna que socava la democracia, dijo la licenciada Irma Palencia, magistrada presidente del Tribunal Supremo Electoral, quien a\u00f1adi\u00f3 que, si hay que revisar algo, se revisar\u00e1, seg\u00fan lo expres\u00f3 en una entrevista a Emisoras Unidas en el programa a Primera Hora que dirige el periodista Luis Felipe Valenzuela.<\/p>\n\n\n\n<p>La licenciada Palencia a\u00f1adi\u00f3 que es lamentable que de antemano hayan puesto una opini\u00f3n p\u00fablica negativa y recalc\u00f3 que el voto ciudadano fue custodiado por los propios ciudadanos y ninguno de los magistrados toc\u00f3 ninguna papeleta.<\/p><div class=\"elmet-contenido\" id=\"elmet-1059178126\"><div class=\"elmet-adlabel\">Anuncios<\/div><div style=\"margin-top: 20px;margin-right: 20px;margin-bottom: 20px;margin-left: 20px;\" id=\"elmet-2922388934\"><a href=\"https:\/\/www.facebook.com\/arrincuanantigua\/\" aria-label=\"cintillo-arrin-cual\"><img loading=\"lazy\" decoding=\"async\" src=\"https:\/\/elmetropolitano.com.gt\/es\/wp-content\/uploads\/2021\/11\/cintillo-arrin-cual-1.jpg\" alt=\"\"  srcset=\"https:\/\/elmetropolitano.com.gt\/es\/wp-content\/uploads\/2021\/11\/cintillo-arrin-cual-1.jpg 750w, https:\/\/elmetropolitano.com.gt\/es\/wp-content\/uploads\/2021\/11\/cintillo-arrin-cual-1-300x36.jpg 300w, https:\/\/elmetropolitano.com.gt\/es\/wp-content\/uploads\/2021\/11\/cintillo-arrin-cual-1-600x72.jpg 600w\" sizes=\"(max-width: 750px) 100vw, 750px\" width=\"750\" height=\"90\"   \/><\/a><\/div><\/div>\n\n\n\n<p>Sobre la pol\u00e9mica que existe en el distrito central donde todav\u00eda no se sabe quien es el alcalde, la magistrada presidenta dijo \u201cel famoso sistema alterno, nosotros no lo utilizamos, es una herramienta que la junta electoral del distrito central adquiri\u00f3 y dijo que era \u00fanicamente para uso interno, que al final nos signific\u00f3 un importante atraso y tuvimos que intervenir en algunos momentos para llamarlos y preguntar que estaba pasando y porque no llegaban los datos del departamento de Guatemala\u201d.<\/p>\n\n\n\n<p>Expres\u00f3 que los que vieron, revisaron y transmitieron los votos fueron los ciudadanos que integraron las juntas receptoras de votos, a\u00f1adi\u00f3 que se dieron distintas situaciones en las que tuvieron que llamar para preguntar por que sus datos no eran transmitidos y fue hasta como a las 23 horas que empez\u00f3 a fluir la informaci\u00f3n.<\/p>\n\n\n\n<figure class=\"wp-block-gallery has-nested-images columns-default is-cropped wp-block-gallery-1 is-layout-flex wp-block-gallery-is-layout-flex\">\n<figure class=\"wp-block-image size-large\"><img loading=\"lazy\" decoding=\"async\" width=\"749\" height=\"1024\" data-id=\"68570\" src=\"https:\/\/elmetropolitano.com.gt\/es\/wp-content\/uploads\/2023\/06\/02-MAGISTRADOS_v3-1-749x1024.jpg\" alt=\"\" class=\"wp-image-68570\" srcset=\"https:\/\/elmetropolitano.com.gt\/es\/wp-content\/uploads\/2023\/06\/02-MAGISTRADOS_v3-1-749x1024.jpg 749w, https:\/\/elmetropolitano.com.gt\/es\/wp-content\/uploads\/2023\/06\/02-MAGISTRADOS_v3-1-219x300.jpg 219w, https:\/\/elmetropolitano.com.gt\/es\/wp-content\/uploads\/2023\/06\/02-MAGISTRADOS_v3-1-768x1050.jpg 768w, https:\/\/elmetropolitano.com.gt\/es\/wp-content\/uploads\/2023\/06\/02-MAGISTRADOS_v3-1-1124x1536.jpg 1124w, https:\/\/elmetropolitano.com.gt\/es\/wp-content\/uploads\/2023\/06\/02-MAGISTRADOS_v3-1-1498x2048.jpg 1498w, https:\/\/elmetropolitano.com.gt\/es\/wp-content\/uploads\/2023\/06\/02-MAGISTRADOS_v3-1-600x820.jpg 600w, https:\/\/elmetropolitano.com.gt\/es\/wp-content\/uploads\/2023\/06\/02-MAGISTRADOS_v3-1.jpg 1703w\" sizes=\"auto, (max-width: 749px) 100vw, 749px\" \/><\/figure>\n<\/figure>\n","protected":false},"excerpt":{"rendered":"<p>Desacreditar a la autoridad electoral es como una consigna que socava la democracia, dijo la licenciada Irma Palencia, magistrada presidente del Tribunal Supremo Electoral, quien a\u00f1adi\u00f3 que, si hay que revisar algo, se revisar\u00e1, seg\u00fan lo expres\u00f3 en una entrevista a Emisoras Unidas en el programa a Primera Hora que dirige el periodista Luis Felipe <a class=\"read-more\" href=\"https:\/\/elmetropolitano.com.gt\/es\/si-hay-que-rectificar-algo-se-rectificara-dice-la-presidente-del-tse\/\">Leer m\u00e1s<\/a><\/p>\n","protected":false},"author":1,"featured_media":68569,"comment_status":"open","ping_status":"closed","sticky":false,"template":"","format":"standard","meta":{"footnotes":""},"categories":[2],"tags":[12],"class_list":["post-68568","post","type-post","status-publish","format-standard","has-post-thumbnail","hentry","category-nacionales","tag-nacionales"],"_links":{"self":[{"href":"https:\/\/elmetropolitano.com.gt\/es\/wp-json\/wp\/v2\/posts\/68568","targetHints":{"allow":["GET"]}}],"collection":[{"href":"https:\/\/elmetropolitano.com.gt\/es\/wp-json\/wp\/v2\/posts"}],"about":[{"href":"https:\/\/elmetropolitano.com.gt\/es\/wp-json\/wp\/v2\/types\/post"}],"author":[{"embeddable":true,"href":"https:\/\/elmetropolitano.com.gt\/es\/wp-json\/wp\/v2\/users\/1"}],"replies":[{"embeddable":true,"href":"https:\/\/elmetropolitano.com.gt\/es\/wp-json\/wp\/v2\/comments?post=68568"}],"version-history":[{"count":2,"href":"https:\/\/elmetropolitano.com.gt\/es\/wp-json\/wp\/v2\/posts\/68568\/revisions"}],"predecessor-version":[{"id":68573,"href":"https:\/\/elmetropolitano.com.gt\/es\/wp-json\/wp\/v2\/posts\/68568\/revisions\/68573"}],"wp:featuredmedia":[{"embeddable":true,"href":"https:\/\/elmetropolitano.com.gt\/es\/wp-json\/wp\/v2\/media\/68569"}],"wp:attachment":[{"href":"https:\/\/elmetropolitano.com.gt\/es\/wp-json\/wp\/v2\/media?parent=68568"}],"wp:term":[{"taxonomy":"category","embeddable":true,"href":"https:\/\/elmetropolitano.com.gt\/es\/wp-json\/wp\/v2\/categories?post=68568"},{"taxonomy":"post_tag","embeddable":true,"href":"https:\/\/elmetropolitano.com.gt\/es\/wp-json\/wp\/v2\/tags?post=68568"}],"curies":[{"name":"wp","href":"https:\/\/api.w.org\/{rel}","templated":true}]}}