{"id":68649,"date":"2023-06-30T22:38:46","date_gmt":"2023-07-01T04:38:46","guid":{"rendered":"https:\/\/elmetropolitano.com.gt\/es\/?p=68649"},"modified":"2023-06-30T22:38:47","modified_gmt":"2023-07-01T04:38:47","slug":"conmemoran-152-aniversario-de-revolucion-de-1871-y-dia-del-ejercito","status":"publish","type":"post","link":"https:\/\/elmetropolitano.com.gt\/es\/conmemoran-152-aniversario-de-revolucion-de-1871-y-dia-del-ejercito\/","title":{"rendered":"Conmemoran 152 aniversario de Revoluci\u00f3n de 1871 y D\u00eda del Ej\u00e9rcito"},"content":{"rendered":"\n<p>El Presidente Alejandro Giammattei asisti\u00f3 al desfile militar en conmemoraci\u00f3n del D\u00eda del Ej\u00e9rcito, junto al ministro de la Defensa y funcionarios de Gobierno.<\/p>\n\n\n\n<p>Hoy se conmemora el 152 aniversario del triunfo del movimiento liberal de 1871.<\/p><div class=\"elmet-contenido\" id=\"elmet-1332855404\"><div class=\"elmet-adlabel\">Anuncios<\/div><div style=\"margin-top: 20px;margin-right: 20px;margin-bottom: 20px;margin-left: 20px;\" id=\"elmet-3087621737\"><a href=\"https:\/\/www.facebook.com\/arrincuanantigua\/\" aria-label=\"cintillo-arrin-cual\"><img loading=\"lazy\" decoding=\"async\" src=\"https:\/\/elmetropolitano.com.gt\/es\/wp-content\/uploads\/2021\/11\/cintillo-arrin-cual-1.jpg\" alt=\"\"  srcset=\"https:\/\/elmetropolitano.com.gt\/es\/wp-content\/uploads\/2021\/11\/cintillo-arrin-cual-1.jpg 750w, https:\/\/elmetropolitano.com.gt\/es\/wp-content\/uploads\/2021\/11\/cintillo-arrin-cual-1-300x36.jpg 300w, https:\/\/elmetropolitano.com.gt\/es\/wp-content\/uploads\/2021\/11\/cintillo-arrin-cual-1-600x72.jpg 600w\" sizes=\"(max-width: 750px) 100vw, 750px\" width=\"750\" height=\"90\"   \/><\/a><\/div><\/div>\n\n\n\n<p>El <a><\/a>desfile recorri\u00f3 la avenida de Las Am\u00e9ricas, luego se desplaz\u00f3 por la Avenida Reforma, pasando frente al Ministerio de la Defensa (Mindef), y finaliz\u00f3 en el Campo de Marte.<\/p>\n\n\n\n<p>Asimismo, se cont\u00f3 con la participaci\u00f3n de las fuerzas de Tierra, Aire y Mar del Ej\u00e9rcito de Guatemala.<\/p>\n\n\n\n<p>El titular de la cartera de la Defensa mencion\u00f3:<\/p>\n\n\n\n<p>Se dio una demostraci\u00f3n de c\u00f3mo hemos incrementado las capacidades del Ej\u00e9rcito de Guatemala, tanto por aire, tierra y mar.<\/p>\n\n\n\n<p>Tambi\u00e9n demostramos y hacemos saber a la poblaci\u00f3n que estamos preparados para cualquier contingente que sea necesario, tanto para mantener la soberan\u00eda, la paz y la seguridad interior y exterior de nuestro pa\u00eds, as\u00ed como apoyar el desarrollo nacional.<\/p>\n\n\n\n<p>No<\/p>\n\n\n\n<p>Desfile<\/p>\n\n\n\n<p>El desfile se inici\u00f3 con una escuadra de gastadores de la Escuela Polit\u00e9cnica, quienes hicieron gala de la marcialidad que caracteriza a los cadetes de esta alma mater militar.<\/p>\n\n\n\n<p>Participaci\u00f3n<\/p>\n\n\n\n<p>En cuanto a participaci\u00f3n, el desfile de conmemoraci\u00f3n del 152 aniversario de la Gesta Revolucionaria de 1871 y d\u00eda del Ej\u00e9rcito cont\u00f3 con:<\/p>\n\n\n\n<p>Asociaci\u00f3n de Veteranos Militares de Guatemala<\/p>\n\n\n\n<p>Personal de Fraternidad Militar de Guatemala<\/p>\n\n\n\n<p>Escuadra de Gastadores de la Escuela Polit\u00e9cnica<\/p>\n\n\n\n<p>Escolta de Bandera de la Escuela Polit\u00e9cnica<\/p>\n\n\n\n<p>Comando y Estado Mayor de la Divisi\u00f3n de Honores<\/p>\n\n\n\n<p>Escuela Polit\u00e9cnica<\/p>\n\n\n\n<p>Escuela Naval de Guatemala<\/p>\n\n\n\n<p>Instituto Adolfo V. Hall Central<\/p>\n\n\n\n<p>Escuela T\u00e9cnica Militar De Aviaci\u00f3n<\/p>\n\n\n\n<p>Escuela de Comunicaciones y Electr\u00f3nica<\/p>\n\n\n\n<p>Servicio de M\u00fasicas Militares y Banda Marcial de la Escuela Militar de M\u00fasica<\/p>\n\n\n\n<p>Pelotones Femeninos<\/p>\n\n\n\n<p>Guardia Presidencial<\/p>\n\n\n\n<p>Cuerpo de ingenieros del ej\u00e9rcito<\/p>\n\n\n\n<p>Segunda Brigada de Polic\u00eda Militar General De Divisi\u00f3n H\u00e9ctor Alejandro Gramajo Morales<\/p>\n\n\n\n<p>Direcci\u00f3n de Operaciones de Paz del Estado Mayor de la Defensa Nacional. XXIII Contingente Monusco<\/p>\n\n\n\n<p>Reservas Militares de la Rep\u00fablica (Reservistas Humanitarios)<\/p>\n\n\n\n<p>Brigada Militar Mariscal Zavala<\/p>\n\n\n\n<p>Segunda Brigada de Infanter\u00eda Capit\u00e1n General Rafael Carrera<\/p>\n\n\n\n<p>Tercera Brigada de Infanter\u00eda General Manuel Aguilar Santa Mar\u00eda<\/p>\n\n\n\n<p>Cuarta Brigada de Infanter\u00eda General Justo Rufino Barrios<\/p>\n\n\n\n<p>Fuerza A\u00e9rea Guatemalteca<\/p>\n\n\n\n<p>Comandancia de la Marina de la Defensa Nacional<\/p>\n\n\n\n<p>Servicio de Sanidad Militar<\/p>\n\n\n\n<p>Centro M\u00e9dico Militar<\/p>\n\n\n\n<p>Direcci\u00f3n de Relaciones Civiles Militares del EMDN. BHR<\/p>\n\n\n\n<p>Personal Femenino del Estado Mayor de la Defensa Nacional<\/p>\n\n\n\n<p>Primera Brigada de Polic\u00eda Militar Guardia de Honor<\/p>\n\n\n\n<p>Brigada de Paracaidistas GFC<\/p>\n\n\n\n<p>Comando de Fuerza Especial Naval<\/p>\n\n\n\n<p>Brigada de Fuerzas Especiales GBPNH<\/p>\n\n\n\n<p>Unidad Canina<\/p>\n\n\n\n<p>Caballer\u00eda de sangre<\/p>\n\n\n\n<p>Cuerpo de Transportes del Ej\u00e9rcito<\/p>\n\n\n\n<p>Invitados<\/p>\n\n\n\n<p>Adem\u00e1s, se cont\u00f3 con instituciones invitadas como los cuerpos de Bomberos Municipales y Voluntarios, la Coordinadora Nacional para la Reducci\u00f3n de Desastres (Conred), Polic\u00eda Municipal de Tr\u00e1nsito y Polic\u00eda Nacional Civil.<\/p>\n\n\n\n<p>Acerca del Ej\u00e9rcito<\/p>\n\n\n\n<p>Se fund\u00f3 el 30 de junio de 1871. Seg\u00fan la Constituci\u00f3n Pol\u00edtica de la Rep\u00fablica, le compete mantener la independencia, la soberan\u00eda y el honor del pa\u00eds, as\u00ed como la integridad del territorio, la paz y la seguridad interior y exterior<\/p>\n\n\n\n<p>Texto: Kevin Castillo<\/p>\n\n\n\n<p><a href=\"https:\/\/www.facebook.com\/hashtag\/diadelejercito?__eep__=6&amp;__cft__[0]=AZWSTdut7V2X5-03lSRtQMwqAb5gcKaFlBhONHl-lNBSlVHYGpgEgqKoHGjMqX2Uzq4aFizAT21ocW_XwgvkNU1L0joSlefduubyrQZjjPfvUs1C-mTPnXlaPQa2KfKd1-pJJ_ITOG-xyIJRoOBmKWN7zVg3es2zwER5B4Xx7uzSa25QnOCv7w1uocHkzUGDZr0&amp;__tn__=*NK-R\">#DiaDelEjercito<\/a><a href=\"https:\/\/www.facebook.com\/hashtag\/metroredes?__eep__=6&amp;__cft__[0]=AZWSTdut7V2X5-03lSRtQMwqAb5gcKaFlBhONHl-lNBSlVHYGpgEgqKoHGjMqX2Uzq4aFizAT21ocW_XwgvkNU1L0joSlefduubyrQZjjPfvUs1C-mTPnXlaPQa2KfKd1-pJJ_ITOG-xyIJRoOBmKWN7zVg3es2zwER5B4Xx7uzSa25QnOCv7w1uocHkzUGDZr0&amp;__tn__=*NK-R\">#metroredes<\/a><\/p>\n\n\n\n<figure class=\"wp-block-gallery has-nested-images columns-default is-cropped wp-block-gallery-1 is-layout-flex wp-block-gallery-is-layout-flex\">\n<figure class=\"wp-block-image size-large\"><img loading=\"lazy\" decoding=\"async\" width=\"1024\" height=\"683\" data-id=\"68651\" src=\"https:\/\/elmetropolitano.com.gt\/es\/wp-content\/uploads\/2023\/06\/348920123_732572385535514_2196904554857741971_n-1024x683.jpg\" alt=\"\" class=\"wp-image-68651\" srcset=\"https:\/\/elmetropolitano.com.gt\/es\/wp-content\/uploads\/2023\/06\/348920123_732572385535514_2196904554857741971_n-1024x683.jpg 1024w, https:\/\/elmetropolitano.com.gt\/es\/wp-content\/uploads\/2023\/06\/348920123_732572385535514_2196904554857741971_n-300x200.jpg 300w, https:\/\/elmetropolitano.com.gt\/es\/wp-content\/uploads\/2023\/06\/348920123_732572385535514_2196904554857741971_n-768x512.jpg 768w, https:\/\/elmetropolitano.com.gt\/es\/wp-content\/uploads\/2023\/06\/348920123_732572385535514_2196904554857741971_n-600x400.jpg 600w, https:\/\/elmetropolitano.com.gt\/es\/wp-content\/uploads\/2023\/06\/348920123_732572385535514_2196904554857741971_n.jpg 1280w\" sizes=\"auto, (max-width: 1024px) 100vw, 1024px\" \/><\/figure>\n\n\n\n<figure class=\"wp-block-image size-large\"><img loading=\"lazy\" decoding=\"async\" width=\"1024\" height=\"683\" data-id=\"68654\" src=\"https:\/\/elmetropolitano.com.gt\/es\/wp-content\/uploads\/2023\/06\/349858402_732572462202173_1801860167006314301_n-1024x683.jpg\" alt=\"\" class=\"wp-image-68654\" srcset=\"https:\/\/elmetropolitano.com.gt\/es\/wp-content\/uploads\/2023\/06\/349858402_732572462202173_1801860167006314301_n-1024x683.jpg 1024w, https:\/\/elmetropolitano.com.gt\/es\/wp-content\/uploads\/2023\/06\/349858402_732572462202173_1801860167006314301_n-300x200.jpg 300w, https:\/\/elmetropolitano.com.gt\/es\/wp-content\/uploads\/2023\/06\/349858402_732572462202173_1801860167006314301_n-768x512.jpg 768w, https:\/\/elmetropolitano.com.gt\/es\/wp-content\/uploads\/2023\/06\/349858402_732572462202173_1801860167006314301_n-1536x1025.jpg 1536w, https:\/\/elmetropolitano.com.gt\/es\/wp-content\/uploads\/2023\/06\/349858402_732572462202173_1801860167006314301_n-600x400.jpg 600w, https:\/\/elmetropolitano.com.gt\/es\/wp-content\/uploads\/2023\/06\/349858402_732572462202173_1801860167006314301_n.jpg 2048w\" sizes=\"auto, (max-width: 1024px) 100vw, 1024px\" \/><\/figure>\n\n\n\n<figure class=\"wp-block-image size-large\"><img loading=\"lazy\" decoding=\"async\" width=\"1024\" height=\"683\" data-id=\"68652\" src=\"https:\/\/elmetropolitano.com.gt\/es\/wp-content\/uploads\/2023\/06\/350374980_732572448868841_1668338506853907178_n-1024x683.jpg\" alt=\"\" class=\"wp-image-68652\" srcset=\"https:\/\/elmetropolitano.com.gt\/es\/wp-content\/uploads\/2023\/06\/350374980_732572448868841_1668338506853907178_n-1024x683.jpg 1024w, https:\/\/elmetropolitano.com.gt\/es\/wp-content\/uploads\/2023\/06\/350374980_732572448868841_1668338506853907178_n-300x200.jpg 300w, https:\/\/elmetropolitano.com.gt\/es\/wp-content\/uploads\/2023\/06\/350374980_732572448868841_1668338506853907178_n-768x512.jpg 768w, https:\/\/elmetropolitano.com.gt\/es\/wp-content\/uploads\/2023\/06\/350374980_732572448868841_1668338506853907178_n-1536x1025.jpg 1536w, https:\/\/elmetropolitano.com.gt\/es\/wp-content\/uploads\/2023\/06\/350374980_732572448868841_1668338506853907178_n-600x400.jpg 600w, https:\/\/elmetropolitano.com.gt\/es\/wp-content\/uploads\/2023\/06\/350374980_732572448868841_1668338506853907178_n.jpg 2048w\" sizes=\"auto, (max-width: 1024px) 100vw, 1024px\" \/><\/figure>\n\n\n\n<figure class=\"wp-block-image size-large\"><img loading=\"lazy\" decoding=\"async\" width=\"1024\" height=\"683\" data-id=\"68656\" src=\"https:\/\/elmetropolitano.com.gt\/es\/wp-content\/uploads\/2023\/06\/350537087_732572485535504_5851543558657251977_n-1024x683.jpg\" alt=\"\" class=\"wp-image-68656\" srcset=\"https:\/\/elmetropolitano.com.gt\/es\/wp-content\/uploads\/2023\/06\/350537087_732572485535504_5851543558657251977_n-1024x683.jpg 1024w, https:\/\/elmetropolitano.com.gt\/es\/wp-content\/uploads\/2023\/06\/350537087_732572485535504_5851543558657251977_n-300x200.jpg 300w, https:\/\/elmetropolitano.com.gt\/es\/wp-content\/uploads\/2023\/06\/350537087_732572485535504_5851543558657251977_n-768x512.jpg 768w, https:\/\/elmetropolitano.com.gt\/es\/wp-content\/uploads\/2023\/06\/350537087_732572485535504_5851543558657251977_n-1536x1025.jpg 1536w, https:\/\/elmetropolitano.com.gt\/es\/wp-content\/uploads\/2023\/06\/350537087_732572485535504_5851543558657251977_n-600x400.jpg 600w, https:\/\/elmetropolitano.com.gt\/es\/wp-content\/uploads\/2023\/06\/350537087_732572485535504_5851543558657251977_n.jpg 2048w\" sizes=\"auto, (max-width: 1024px) 100vw, 1024px\" \/><\/figure>\n\n\n\n<figure class=\"wp-block-image size-large\"><img loading=\"lazy\" decoding=\"async\" width=\"1024\" height=\"683\" data-id=\"68653\" src=\"https:\/\/elmetropolitano.com.gt\/es\/wp-content\/uploads\/2023\/06\/352224482_732572495535503_2571283323569648379_n-1024x683.jpg\" alt=\"\" class=\"wp-image-68653\" srcset=\"https:\/\/elmetropolitano.com.gt\/es\/wp-content\/uploads\/2023\/06\/352224482_732572495535503_2571283323569648379_n-1024x683.jpg 1024w, https:\/\/elmetropolitano.com.gt\/es\/wp-content\/uploads\/2023\/06\/352224482_732572495535503_2571283323569648379_n-300x200.jpg 300w, https:\/\/elmetropolitano.com.gt\/es\/wp-content\/uploads\/2023\/06\/352224482_732572495535503_2571283323569648379_n-768x512.jpg 768w, https:\/\/elmetropolitano.com.gt\/es\/wp-content\/uploads\/2023\/06\/352224482_732572495535503_2571283323569648379_n-1536x1025.jpg 1536w, https:\/\/elmetropolitano.com.gt\/es\/wp-content\/uploads\/2023\/06\/352224482_732572495535503_2571283323569648379_n-600x400.jpg 600w, https:\/\/elmetropolitano.com.gt\/es\/wp-content\/uploads\/2023\/06\/352224482_732572495535503_2571283323569648379_n.jpg 2048w\" sizes=\"auto, (max-width: 1024px) 100vw, 1024px\" \/><\/figure>\n\n\n\n<figure class=\"wp-block-image size-large\"><img loading=\"lazy\" decoding=\"async\" width=\"1024\" height=\"690\" data-id=\"68655\" src=\"https:\/\/elmetropolitano.com.gt\/es\/wp-content\/uploads\/2023\/06\/352382323_732571475535605_5295376826220953408_n-1024x690.jpg\" alt=\"\" class=\"wp-image-68655\" srcset=\"https:\/\/elmetropolitano.com.gt\/es\/wp-content\/uploads\/2023\/06\/352382323_732571475535605_5295376826220953408_n-1024x690.jpg 1024w, https:\/\/elmetropolitano.com.gt\/es\/wp-content\/uploads\/2023\/06\/352382323_732571475535605_5295376826220953408_n-300x202.jpg 300w, https:\/\/elmetropolitano.com.gt\/es\/wp-content\/uploads\/2023\/06\/352382323_732571475535605_5295376826220953408_n-768x518.jpg 768w, https:\/\/elmetropolitano.com.gt\/es\/wp-content\/uploads\/2023\/06\/352382323_732571475535605_5295376826220953408_n-600x404.jpg 600w, https:\/\/elmetropolitano.com.gt\/es\/wp-content\/uploads\/2023\/06\/352382323_732571475535605_5295376826220953408_n.jpg 1457w\" sizes=\"auto, (max-width: 1024px) 100vw, 1024px\" \/><\/figure>\n\n\n\n<figure class=\"wp-block-image size-large\"><img loading=\"lazy\" decoding=\"async\" width=\"1024\" height=\"683\" data-id=\"68657\" src=\"https:\/\/elmetropolitano.com.gt\/es\/wp-content\/uploads\/2023\/06\/353439941_732572425535510_5378793727378985615_n-1024x683.jpg\" alt=\"\" class=\"wp-image-68657\" srcset=\"https:\/\/elmetropolitano.com.gt\/es\/wp-content\/uploads\/2023\/06\/353439941_732572425535510_5378793727378985615_n-1024x683.jpg 1024w, https:\/\/elmetropolitano.com.gt\/es\/wp-content\/uploads\/2023\/06\/353439941_732572425535510_5378793727378985615_n-300x200.jpg 300w, https:\/\/elmetropolitano.com.gt\/es\/wp-content\/uploads\/2023\/06\/353439941_732572425535510_5378793727378985615_n-768x512.jpg 768w, https:\/\/elmetropolitano.com.gt\/es\/wp-content\/uploads\/2023\/06\/353439941_732572425535510_5378793727378985615_n-1536x1024.jpg 1536w, https:\/\/elmetropolitano.com.gt\/es\/wp-content\/uploads\/2023\/06\/353439941_732572425535510_5378793727378985615_n-600x400.jpg 600w, https:\/\/elmetropolitano.com.gt\/es\/wp-content\/uploads\/2023\/06\/353439941_732572425535510_5378793727378985615_n.jpg 2048w\" sizes=\"auto, (max-width: 1024px) 100vw, 1024px\" \/><\/figure>\n\n\n\n<figure class=\"wp-block-image size-large\"><img loading=\"lazy\" decoding=\"async\" width=\"1024\" height=\"683\" data-id=\"68658\" src=\"https:\/\/elmetropolitano.com.gt\/es\/wp-content\/uploads\/2023\/06\/355123626_732572418868844_8548855981995891619_n-1024x683.jpg\" alt=\"\" class=\"wp-image-68658\" srcset=\"https:\/\/elmetropolitano.com.gt\/es\/wp-content\/uploads\/2023\/06\/355123626_732572418868844_8548855981995891619_n-1024x683.jpg 1024w, https:\/\/elmetropolitano.com.gt\/es\/wp-content\/uploads\/2023\/06\/355123626_732572418868844_8548855981995891619_n-300x200.jpg 300w, https:\/\/elmetropolitano.com.gt\/es\/wp-content\/uploads\/2023\/06\/355123626_732572418868844_8548855981995891619_n-768x512.jpg 768w, https:\/\/elmetropolitano.com.gt\/es\/wp-content\/uploads\/2023\/06\/355123626_732572418868844_8548855981995891619_n-1536x1024.jpg 1536w, https:\/\/elmetropolitano.com.gt\/es\/wp-content\/uploads\/2023\/06\/355123626_732572418868844_8548855981995891619_n-600x400.jpg 600w, https:\/\/elmetropolitano.com.gt\/es\/wp-content\/uploads\/2023\/06\/355123626_732572418868844_8548855981995891619_n.jpg 2048w\" sizes=\"auto, (max-width: 1024px) 100vw, 1024px\" \/><\/figure>\n\n\n\n<figure class=\"wp-block-image size-large\"><img loading=\"lazy\" decoding=\"async\" width=\"1024\" height=\"512\" data-id=\"68659\" src=\"https:\/\/elmetropolitano.com.gt\/es\/wp-content\/uploads\/2023\/06\/355691050_732571535535599_210837403840971063_n-1024x512.jpg\" alt=\"\" class=\"wp-image-68659\" srcset=\"https:\/\/elmetropolitano.com.gt\/es\/wp-content\/uploads\/2023\/06\/355691050_732571535535599_210837403840971063_n-1024x512.jpg 1024w, https:\/\/elmetropolitano.com.gt\/es\/wp-content\/uploads\/2023\/06\/355691050_732571535535599_210837403840971063_n-300x150.jpg 300w, https:\/\/elmetropolitano.com.gt\/es\/wp-content\/uploads\/2023\/06\/355691050_732571535535599_210837403840971063_n-768x384.jpg 768w, https:\/\/elmetropolitano.com.gt\/es\/wp-content\/uploads\/2023\/06\/355691050_732571535535599_210837403840971063_n-600x300.jpg 600w, https:\/\/elmetropolitano.com.gt\/es\/wp-content\/uploads\/2023\/06\/355691050_732571535535599_210837403840971063_n.jpg 1140w\" sizes=\"auto, (max-width: 1024px) 100vw, 1024px\" \/><\/figure>\n\n\n\n<figure class=\"wp-block-image size-large\"><img loading=\"lazy\" decoding=\"async\" width=\"1024\" height=\"711\" data-id=\"68660\" src=\"https:\/\/elmetropolitano.com.gt\/es\/wp-content\/uploads\/2023\/06\/356416714_732571532202266_3866634351882168486_n-1024x711.jpg\" alt=\"\" class=\"wp-image-68660\" srcset=\"https:\/\/elmetropolitano.com.gt\/es\/wp-content\/uploads\/2023\/06\/356416714_732571532202266_3866634351882168486_n-1024x711.jpg 1024w, https:\/\/elmetropolitano.com.gt\/es\/wp-content\/uploads\/2023\/06\/356416714_732571532202266_3866634351882168486_n-300x208.jpg 300w, https:\/\/elmetropolitano.com.gt\/es\/wp-content\/uploads\/2023\/06\/356416714_732571532202266_3866634351882168486_n-768x533.jpg 768w, https:\/\/elmetropolitano.com.gt\/es\/wp-content\/uploads\/2023\/06\/356416714_732571532202266_3866634351882168486_n-600x417.jpg 600w, https:\/\/elmetropolitano.com.gt\/es\/wp-content\/uploads\/2023\/06\/356416714_732571532202266_3866634351882168486_n.jpg 1413w\" sizes=\"auto, (max-width: 1024px) 100vw, 1024px\" \/><\/figure>\n<\/figure>\n","protected":false},"excerpt":{"rendered":"<p>El Presidente Alejandro Giammattei asisti\u00f3 al desfile militar en conmemoraci\u00f3n del D\u00eda del Ej\u00e9rcito, junto al ministro de la Defensa y funcionarios de Gobierno. Hoy se conmemora el 152 aniversario del triunfo del movimiento liberal de 1871. El desfile recorri\u00f3 la avenida de Las Am\u00e9ricas, luego se desplaz\u00f3 por la Avenida Reforma, pasando frente al <a class=\"read-more\" href=\"https:\/\/elmetropolitano.com.gt\/es\/conmemoran-152-aniversario-de-revolucion-de-1871-y-dia-del-ejercito\/\">Leer m\u00e1s<\/a><\/p>\n","protected":false},"author":1,"featured_media":68650,"comment_status":"open","ping_status":"closed","sticky":false,"template":"","format":"standard","meta":{"footnotes":""},"categories":[2],"tags":[12],"class_list":["post-68649","post","type-post","status-publish","format-standard","has-post-thumbnail","hentry","category-nacionales","tag-nacionales"],"_links":{"self":[{"href":"https:\/\/elmetropolitano.com.gt\/es\/wp-json\/wp\/v2\/posts\/68649","targetHints":{"allow":["GET"]}}],"collection":[{"href":"https:\/\/elmetropolitano.com.gt\/es\/wp-json\/wp\/v2\/posts"}],"about":[{"href":"https:\/\/elmetropolitano.com.gt\/es\/wp-json\/wp\/v2\/types\/post"}],"author":[{"embeddable":true,"href":"https:\/\/elmetropolitano.com.gt\/es\/wp-json\/wp\/v2\/users\/1"}],"replies":[{"embeddable":true,"href":"https:\/\/elmetropolitano.com.gt\/es\/wp-json\/wp\/v2\/comments?post=68649"}],"version-history":[{"count":1,"href":"https:\/\/elmetropolitano.com.gt\/es\/wp-json\/wp\/v2\/posts\/68649\/revisions"}],"predecessor-version":[{"id":68661,"href":"https:\/\/elmetropolitano.com.gt\/es\/wp-json\/wp\/v2\/posts\/68649\/revisions\/68661"}],"wp:featuredmedia":[{"embeddable":true,"href":"https:\/\/elmetropolitano.com.gt\/es\/wp-json\/wp\/v2\/media\/68650"}],"wp:attachment":[{"href":"https:\/\/elmetropolitano.com.gt\/es\/wp-json\/wp\/v2\/media?parent=68649"}],"wp:term":[{"taxonomy":"category","embeddable":true,"href":"https:\/\/elmetropolitano.com.gt\/es\/wp-json\/wp\/v2\/categories?post=68649"},{"taxonomy":"post_tag","embeddable":true,"href":"https:\/\/elmetropolitano.com.gt\/es\/wp-json\/wp\/v2\/tags?post=68649"}],"curies":[{"name":"wp","href":"https:\/\/api.w.org\/{rel}","templated":true}]}}